{"id":30419,"date":"2025-06-03T06:46:29","date_gmt":"2025-06-03T09:46:29","guid":{"rendered":"https:\/\/13.com.ar\/index.php\/lo-apuntan-por-hacer-regalos-caros-y-contratar-amigos\/"},"modified":"2025-06-03T06:46:29","modified_gmt":"2025-06-03T09:46:29","slug":"lo-apuntan-por-hacer-regalos-caros-y-contratar-amigos","status":"publish","type":"post","link":"https:\/\/13.com.ar\/index.php\/lo-apuntan-por-hacer-regalos-caros-y-contratar-amigos\/","title":{"rendered":"lo apuntan por hacer regalos caros y contratar amigos"},"content":{"rendered":"<p> <br \/>\n<\/p>\n<div id=\"cuerpo\">\n<div class=\"sc-45461e9c-0 eqiBeF container-text text-embed \" id=\"element-body-0\">\n<p>Una in\u00e9dita y pol\u00e9mica designaci\u00f3n en uno de los establecimientos p\u00fablicos que se consideraba como uno de los m\u00e1s discretos y prestigiosos en el ex exterior del pa\u00eds tom\u00f3 estado p\u00fablico tras la llegada a la <strong>embajada en Espa\u00f1a<\/strong> del nuevo embajador <strong>Wenceslao Bunge<\/strong>.<\/p>\n<\/div>\n<div class=\"sc-45461e9c-0 eqiBeF container-text text-embed \" id=\"element-body-1\">\n<p>Ocurre que el empresario, el primero que logr\u00f3 nombrar el canciller Gerardo Werthein durante su gesti\u00f3n, ya empieza a sufrir los coletazos de la singular <strong>diplomacia paralela<\/strong> que ejerce el <strong>representante comercial de la misma sede diplom\u00e1tica, Alejandro Nimo<\/strong>, quien lleg\u00f3 al puesto con el gobierno de Alberto Fern\u00e1ndez y fue reconfirmado en 2024 por Javier Milei, de quien ahora se muestra fan\u00e1tico.<\/p>\n<\/div>\n<div class=\"sc-45461e9c-0 eqiBeF container-text text-embed \" id=\"element-body-2\">\n<p>Nimo se convirti\u00f3 en una suerte de \u201ctortuosa\u201d presencia para quienes llegan a dicha sede porque hace uso -y abuso, seg\u00fan afirman- de su llegada al profesor, economista y amigo de Milei, <strong>Jes\u00fas Huerta de Soto<\/strong>. De esa manera <strong>logr\u00f3 desplazar al embajador Roberto Bosch<\/strong> y con sus contactos en gobierno, <strong>evitar que otro diplom\u00e1tico, Alejandro Alonso, fuera confirmado en esa misi\u00f3n.<\/strong><\/p>\n<\/div>\n<div class=\"sc-45461e9c-0 eqiBeF container-text text-embed \" id=\"element-body-3\">\n<p>Ahora que Bunge lleg\u00f3 a la jefatura de la sede y que la fuerza de Nimo se puede ver opacada, se supo que fue \u00e9l quien pidi\u00f3 a Presidencia y a la ministra de Capital Humano, Sandra Pettovello, que <strong>nombraran a la espa\u00f1ola Eva Carrasco Ba\u00f1uelos como Directora del Colegio Mayor Argentino \u201cNuestra Se\u00f1ora de Luj\u00e1n\u201d<\/strong> en la ciudad de Madrid por el t\u00e9rmino de tres a\u00f1os, con un sueldo de m\u00e1s de 6.000 euros.<\/p>\n<\/div>\n<div class=\"sc-45461e9c-0 eqiBeF container-text text-embed \" id=\"element-body-4\">\n<p>Nimo la habr\u00eda propuesto porque es <strong>esposa de Philip Bagus, su profesor en el M\u00e1ster en Econom\u00eda de la Escuela Austr\u00edaca de la Universidad Rey Juan Carlos<\/strong> dirigido por Jes\u00fas Huerta de Soto, recientemente condecorado con la Orden de Mayo por el Presidente Javier Milei.<\/p>\n<\/div>\n<div class=\"sc-98b114a2-0 bkqiHH image-embed  image-embed \" id=\"element-body-5\"><picture class=\"sc-98b114a2-1 jRUlDm\"><source media=\"(min-width: 975px)\" width=\"720\" height=\"480\" \/><img alt=\"Alejandro Nimo, el pol\u00e9mico funcionario de la embajada de Espa\u00f1a.\" loading=\"lazy\" width=\"720\" height=\"480\" decoding=\"async\" data-nimg=\"1\" style=\"color:transparent\" src=\"https:\/\/13.com.ar\/wp-content\/uploads\/2025\/06\/lo-apuntan-por-hacer-regalos-caros-y-contratar-amigos.jpg\"\/><span class=\"epigraphe\">Alejandro Nimo, el pol\u00e9mico funcionario de la embajada de Espa\u00f1a.<\/span><span class=\"picture-open\"><button class=\"open-image\" aria-label=\"Open Image\"\/><\/span><\/picture><\/div>\n<div class=\"sc-45461e9c-0 eqiBeF container-text text-embed \" id=\"element-body-6\">\n<p>El diario Gran Madrid public\u00f3 este viernes c\u00f3mo sus compa\u00f1eros de Master apuntaban al conflicto de intereses de que<strong> un alumno que es funcionario argentino elija a la esposa de su profesor para un cargo remunerado por el gobierno argentino<\/strong>. Pero adem\u00e1s, contaron que le regal\u00f3 a Huerta de Soto un cuadro Richard Somonte en el que Javier Milei y el catedr\u00e1tico aparecen juntos y vestidos de toreros.<\/p>\n<\/div>\n<p><h2>Nombramiento pol\u00e9mico<\/h2>\n<\/p>\n<div class=\"sc-45461e9c-0 eqiBeF container-text text-embed \" id=\"element-body-8\">\n<p>El nombramiento de la espa\u00f1ola Eva Carrasco en el Colegio Mayor es por dem\u00e1s pol\u00e9mico, y llama la atenci\u00f3n que en la oposici\u00f3n nadie lo haya objetado. <\/p>\n<\/div>\n<div class=\"sc-45461e9c-0 eqiBeF container-text text-embed \" id=\"element-body-9\">\n<p>Se concret\u00f3 mediante la Resoluci\u00f3n 183\/2025 del Ministerio de Capital Humano, con firma de Pettovello, de fecha 28 de abril de este a\u00f1o. Y por la decisi\u00f3n administrativa N\u00b0 8\/25 el Gobierno<strong> exceptu\u00f3 a Carrasco del requisito de nacionalidad <\/strong>para el ingreso a la Administraci\u00f3n P\u00fablica Nacional establecido en el art\u00edculo 4\u00b0 del Anexo a la Ley 25.164, al solo efecto de posibilitar dicha designaci\u00f3n.<\/p>\n<\/div>\n<div class=\"sc-45461e9c-0 eqiBeF container-text text-embed \" id=\"element-body-10\">\n<p>El Colegio Mayor, que depende de Capital Humano, es uno de los establecimientos en Madrid que da alojamiento a personalidades de la cultura y educativo y tambi\u00e9n debe ser dirigida por alguien con prestigio, m\u00e9rito y adem\u00e1s, argentino.<\/p>\n<\/div>\n<div class=\"sc-98b114a2-0 bkqiHH image-embed  image-embed \" id=\"element-body-11\"><picture class=\"sc-98b114a2-1 jRUlDm\"><source media=\"(min-width: 975px)\" width=\"720\" height=\"480\" \/><img alt=\"Nimo, nombrado por Alberto Fern\u00e1ndes y ahora fan de Milei.\" loading=\"lazy\" width=\"720\" height=\"480\" decoding=\"async\" data-nimg=\"1\" style=\"color:transparent\" src=\"https:\/\/13.com.ar\/wp-content\/uploads\/2025\/06\/1748943989_285_lo-apuntan-por-hacer-regalos-caros-y-contratar-amigos.jpg\"\/><span class=\"epigraphe\">Nimo, nombrado por Alberto Fern\u00e1ndes y ahora fan de Milei.<\/span><span class=\"picture-open\"><button class=\"open-image\" aria-label=\"Open Image\"\/><\/span><\/picture><\/div>\n<div class=\"sc-45461e9c-0 eqiBeF container-text text-embed \" id=\"element-body-12\">\n<p>Nimo, quien fuera militante menemista, del PRO, kirchnerista y ahora mile\u00edsta, fue designado por el gobierno de Alberto Fern\u00e1ndez <strong>agregado comercial en la Embajada argentina en Espa\u00f1a<\/strong> por sus v\u00ednculos con la ex diputada catamarque\u00f1a Clara Vega, que le pidi\u00f3 al ex ministro Sergio Massa y en su equipo al ex canciller Santiago Cafiero. Est\u00e1 instalado en Madrid hace a\u00f1os.<\/p>\n<\/div>\n<p><h2>Dudas con la designaci\u00f3n<\/h2>\n<\/p>\n<div class=\"sc-45461e9c-0 eqiBeF container-text text-embed \" id=\"element-body-14\">\n<p>Al asumir la presidencia, <strong>Javier Milei lo ratific\u00f3 en dicho cargo con el rango de consejero<\/strong>. Cabe destacar que la Ley del Servicio Exterior de la Naci\u00f3n s\u00f3lo contempla la designaci\u00f3n de diplom\u00e1ticos \u201cpol\u00edticos\u201d con el rango de Embajador, por lo que su designaci\u00f3n podr\u00eda ser ilegal.<\/p>\n<\/div>\n<div class=\"sc-45461e9c-0 eqiBeF container-text text-embed \" id=\"element-body-15\">\n<p>En efecto, el art\u00edculo 5\u00b0 de la ley 20.957 dice: \u201cEl Poder Ejecutivo podr\u00e1 designar excepcionalmente embajadores extraordinarios y plenipotenciarios a personas que, no perteneciendo al Servicio Exterior de la Naci\u00f3n, posean condiciones relevantes. Este nombramiento se considerar\u00e1 extendido por el tiempo que dure el mandato del Presidente de la Naci\u00f3n que lo haya efectuado.\u201d<\/p>\n<\/div>\n<div class=\"sc-45461e9c-0 eqiBeF container-text text-embed \" id=\"element-body-16\">\n<p>Entre tanto, el padrino de Eva Carrasco Bu\u00f1uelos en el Colegio Mayor, tuitea a diario fotos o dibujitos con Milei, y la ya conocida sigla de VLLC, del Viva la Libertad Carajo! del libertario. Pregona frases contra el socialismo y el Estado, cuando \u00e9l mismo gana del Estado no menos cerca de 10.000 euros.<\/p>\n<\/div>\n<p><h2>Regalos caros<\/h2>\n<\/p>\n<div class=\"sc-45461e9c-0 eqiBeF container-text text-embed \" id=\"element-body-18\">\n<p>Nimo tiene <strong>un sumario administrativo por el env\u00edo de objetos personales (perfumes para regalar) en el correo diplom\u00e1tico<\/strong>, en el que solamente se puede despachar documentaci\u00f3n oficial. Adem\u00e1s, existen versiones de maltrato al personal diplom\u00e1tico de carrera en la Embajada.<\/p>\n<\/div>\n<div class=\"sc-45461e9c-0 eqiBeF container-text text-embed \" id=\"element-body-19\">\n<p>Nimo tambi\u00e9n <strong>es autor de un proyecto (\u201cDiplomacia de la Libertad\u201d) para cerrar embajadas y consulados y su reemplazo por una diplomacia m\u00f3vil y el teletrabajo<\/strong>. En este proyecto, los consulados operar\u00edan desde Buenos Aires y las entidades privadas como las c\u00e1maras de comercio, gestionar\u00edan los asuntos comerciales.<\/p>\n<\/div>\n<div class=\"sc-45461e9c-0 eqiBeF container-text text-embed \" id=\"element-body-20\">\n<p>Con esta propuesta Nimo ignora profundamente la actividad consular y diplom\u00e1tica: por ejemplo para dar asistencia a los argentinos en el exterior se requiere necesariamente la presencia del c\u00f3nsul en el lugar. A su vez, las c\u00e1maras de comercio son entidades privadas que persiguen un fin particular, mientras que las embajadas representan al Estado argentino en el exterior.<\/p>\n<\/div>\n<div class=\"sc-45461e9c-0 eqiBeF container-text text-embed \" id=\"element-body-21\">\n<p>Su tesis de \u201cachicamiento\u201d del cuerpo diplom\u00e1tico y en el segundo paso, su \u201cdesaparici\u00f3n\u201d va en sinton\u00eda con la canciller\u00eda de Milei y Werthein, que <strong>elimin\u00f3 los cursos para entrada al Instituto del Servicio Exterior de la Naci\u00f3n (ISEN)<\/strong> en 2025.<\/p>\n<\/div>\n<div class=\"sc-45461e9c-0 eqiBeF container-text text-embed \" id=\"element-body-22\">\n<p>Y quienes decidieron mantener los ascensos y salidas de diplom\u00e1ticos al exterior congelados -hay casi 60 frenados- lo que para muchos es un primer paso para el achicamiento y\/o cierre de la carrera.<\/p>\n<\/div>\n<\/div>\n<p><br \/>\n<br \/><a href=\"https:\/\/www.clarin.com\/politica\/escandalo-diplomatico-espana-apuntan-hacer-regalos-caros-contratar-amigos_0_lvmK7gPy14.html\">Fuente Clarin.com <\/a><\/p>\n","protected":false},"excerpt":{"rendered":"<p>Una in\u00e9dita y pol\u00e9mica designaci\u00f3n en uno de los establecimientos p\u00fablicos que se consideraba como uno de los m\u00e1s discretos y prestigiosos en el ex exterior del pa\u00eds tom\u00f3 estado p\u00fablico tras la llegada a la embajada en Espa\u00f1a del nuevo embajador Wenceslao Bunge. Ocurre que el empresario, el primero que logr\u00f3 nombrar el canciller [&hellip;]<\/p>\n","protected":false},"author":1,"featured_media":30420,"comment_status":"open","ping_status":"open","sticky":false,"template":"","format":"standard","meta":{"footnotes":""},"categories":[2],"tags":[1084,2254,6130,14610,127,142,5838],"class_list":["post-30419","post","type-post","status-publish","format-standard","has-post-thumbnail","hentry","category-ultimas-noticias","tag-amigos","tag-apuntan","tag-caros","tag-contratar","tag-hacer","tag-por","tag-regalos"],"_links":{"self":[{"href":"https:\/\/13.com.ar\/index.php\/wp-json\/wp\/v2\/posts\/30419","targetHints":{"allow":["GET"]}}],"collection":[{"href":"https:\/\/13.com.ar\/index.php\/wp-json\/wp\/v2\/posts"}],"about":[{"href":"https:\/\/13.com.ar\/index.php\/wp-json\/wp\/v2\/types\/post"}],"author":[{"embeddable":true,"href":"https:\/\/13.com.ar\/index.php\/wp-json\/wp\/v2\/users\/1"}],"replies":[{"embeddable":true,"href":"https:\/\/13.com.ar\/index.php\/wp-json\/wp\/v2\/comments?post=30419"}],"version-history":[{"count":0,"href":"https:\/\/13.com.ar\/index.php\/wp-json\/wp\/v2\/posts\/30419\/revisions"}],"wp:featuredmedia":[{"embeddable":true,"href":"https:\/\/13.com.ar\/index.php\/wp-json\/wp\/v2\/media\/30420"}],"wp:attachment":[{"href":"https:\/\/13.com.ar\/index.php\/wp-json\/wp\/v2\/media?parent=30419"}],"wp:term":[{"taxonomy":"category","embeddable":true,"href":"https:\/\/13.com.ar\/index.php\/wp-json\/wp\/v2\/categories?post=30419"},{"taxonomy":"post_tag","embeddable":true,"href":"https:\/\/13.com.ar\/index.php\/wp-json\/wp\/v2\/tags?post=30419"}],"curies":[{"name":"wp","href":"https:\/\/api.w.org\/{rel}","templated":true}]}}