{"id":30417,"date":"2025-06-03T06:43:28","date_gmt":"2025-06-03T09:43:28","guid":{"rendered":"https:\/\/13.com.ar\/index.php\/darin-no-es-darin-es-juan-salvo\/"},"modified":"2025-06-03T06:43:28","modified_gmt":"2025-06-03T09:43:28","slug":"darin-no-es-darin-es-juan-salvo","status":"publish","type":"post","link":"https:\/\/13.com.ar\/index.php\/darin-no-es-darin-es-juan-salvo\/","title":{"rendered":"Dar\u00edn no es Dar\u00edn, es Juan Salvo"},"content":{"rendered":"<p> <br \/>\n<br \/><img decoding=\"async\" src=\"https:\/\/13.com.ar\/wp-content\/uploads\/2025\/06\/Darin-no-es-Darin-es-Juan-Salvo.jpg\" \/><\/p>\n<div id=\"element-body-0\">\n<p>Desde que se estren\u00f3 &#8220;El Eternauta&#8221; ha habido una sobreabundancia de opiniones e interpretaciones. No me quejo. Desde su aparici\u00f3n en 1957, &#8220;El Eternauta&#8221; se ha transformado en la <strong>puerta de entrada a la literatura de ficci\u00f3n de varias generaciones<\/strong>. Me atrevo a afirmar que, a estas alturas, es un cl\u00e1sico literario argentino del siglo XX como el Mart\u00edn Fierro lo fue del XIX. Ha iluminado nuestra identidad en los kioscos del barrio como aquel lo hizo a los paisanos en las pulper\u00edas de la pampa.<\/p>\n<\/div>\n<div id=\"element-body-1\">\n<p>La mayor\u00eda hemos vuelto a releer la historieta innumerables veces, y<strong> nos ha hablado diferente cada vez<\/strong>. No porque nosotros cambiamos o envejecemos, sino porque como buena literatura es inagotable. Por eso, y primero, para sentarse a ver la serie con provecho hay que <strong>abandonar la pretensi\u00f3n de revivir quienes \u00e9ramos<\/strong> cuando abrimos la historieta por primera vez. Y no porque ya no somos aquellos, que de alguna manera lo somos, sino porque la historia se ha resignificado y enriquecido con el paso del tiempo.<\/p>\n<\/div>\n<div id=\"element-body-2\">\n<p>Parece una perogrullada, pero mirar una serie de plataforma con los ojos puestos en una historieta es un error. Salvado el punto, uno puede mirar y disfrutar una serie realizada con calidad, profesionalismo y talento en todos los rubros. No es necesario se\u00f1alar los aciertos de adaptaci\u00f3n, de producci\u00f3n y actuaci\u00f3n, que ya lo han hecho otros y mejor. Pero vale la pena insistir en la oportunidad feliz de verla en este contexto.<\/p>\n<\/div>\n<div id=\"element-body-3\">\n<p>Pero me gustar\u00eda se\u00f1alar un tema lateral a la serie, <strong>el fil\u00f3n humor\u00edstico en la imagen de Dar\u00edn haciendo de Dar\u00edn<\/strong>, que fue tambi\u00e9n una oportunidad para el escarnio de los odiadores de siempre. No ser\u00e9 yo quien se niegue a un buen chiste porque haya idiotas cerca, pero el chiste no tiene sentido. No se le puede pedir a ning\u00fan actor que sea otro. Se le pide otra cosa, y Dar\u00edn lo ha dado con creces. Me refiero a lo que la actuaci\u00f3n de un buen actor nos hace a nosotros.<strong> El actor no cambia. Los que cambiamos, los que nos emocionamos, identificamos, iluminamos, somos nosotros, los espectadores.<\/strong><\/p>\n<\/div>\n<div id=\"element-body-4\">\n<p>Para ser claro. Dar\u00edn no es &#8220;El Eternauta&#8221; cuando se viste con su traje, sino cuando a cara lavada mira a la actriz que en la ficci\u00f3n hace de su hija. En ese momento, en el primer plano de las arrugas y la barba y los ojos de Dar\u00edn, vemos a Juan Salvo. Sentimos el amor, la desesperaci\u00f3n y el horror de Juan Salvo por su hija. Eso es un actor.<\/p>\n<\/div>\n<div id=\"element-body-5\">\n<p>El arte de la actuaci\u00f3n, del teatro, consiste en <strong>lograr que veamos lo que el actor quiere que veamos cuando act\u00faa<\/strong>. Y eso no lo da ni una barba postiza ni un vestuario. Lo hace el actor dentro suyo, nosotros lo vemos y creemos. No dejamos de ver a quien act\u00faa, pero <strong>creemos en lo que act\u00faa.<\/strong><\/p>\n<\/div>\n<div id=\"element-body-6\">\n<p>Hagan la prueba, inviten a Dar\u00edn a su casa (o a Audivert, De Niro, el que quieran). En alg\u00fan momento, despu\u00e9s de las empanadas (nada menos) y el vino, se mover\u00e1 en el sill\u00f3n, nos mirar\u00e1 diferente, y ser\u00e1 Macbeth, Juan Salvo, o quien se le ocurra ser, y nos cortar\u00e1 el aliento.<\/p>\n<\/div>\n<p><br \/>\n<br \/><a href=\"https:\/\/www.clarin.com\/opinion\/darin-darin-juan-salvo_0_7iKWyasJXv.html\">Fuente Clarin.com <\/a><\/p>\n","protected":false},"excerpt":{"rendered":"<p>Desde que se estren\u00f3 &#8220;El Eternauta&#8221; ha habido una sobreabundancia de opiniones e interpretaciones. No me quejo. Desde su aparici\u00f3n en 1957, &#8220;El Eternauta&#8221; se ha transformado en la puerta de entrada a la literatura de ficci\u00f3n de varias generaciones. Me atrevo a afirmar que, a estas alturas, es un cl\u00e1sico literario argentino del siglo [&hellip;]<\/p>\n","protected":false},"author":1,"featured_media":30418,"comment_status":"open","ping_status":"open","sticky":false,"template":"","format":"standard","meta":{"footnotes":""},"categories":[2],"tags":[8788,1038,1699],"class_list":["post-30417","post","type-post","status-publish","format-standard","has-post-thumbnail","hentry","category-ultimas-noticias","tag-darin","tag-juan","tag-salvo"],"_links":{"self":[{"href":"https:\/\/13.com.ar\/index.php\/wp-json\/wp\/v2\/posts\/30417","targetHints":{"allow":["GET"]}}],"collection":[{"href":"https:\/\/13.com.ar\/index.php\/wp-json\/wp\/v2\/posts"}],"about":[{"href":"https:\/\/13.com.ar\/index.php\/wp-json\/wp\/v2\/types\/post"}],"author":[{"embeddable":true,"href":"https:\/\/13.com.ar\/index.php\/wp-json\/wp\/v2\/users\/1"}],"replies":[{"embeddable":true,"href":"https:\/\/13.com.ar\/index.php\/wp-json\/wp\/v2\/comments?post=30417"}],"version-history":[{"count":0,"href":"https:\/\/13.com.ar\/index.php\/wp-json\/wp\/v2\/posts\/30417\/revisions"}],"wp:featuredmedia":[{"embeddable":true,"href":"https:\/\/13.com.ar\/index.php\/wp-json\/wp\/v2\/media\/30418"}],"wp:attachment":[{"href":"https:\/\/13.com.ar\/index.php\/wp-json\/wp\/v2\/media?parent=30417"}],"wp:term":[{"taxonomy":"category","embeddable":true,"href":"https:\/\/13.com.ar\/index.php\/wp-json\/wp\/v2\/categories?post=30417"},{"taxonomy":"post_tag","embeddable":true,"href":"https:\/\/13.com.ar\/index.php\/wp-json\/wp\/v2\/tags?post=30417"}],"curies":[{"name":"wp","href":"https:\/\/api.w.org\/{rel}","templated":true}]}}