{"id":30413,"date":"2025-06-03T06:37:32","date_gmt":"2025-06-03T09:37:32","guid":{"rendered":"https:\/\/13.com.ar\/index.php\/el-gobierno-informo-cuanta-gente-por-dia-intenta-quitarse-la-vida-en-el-pais-y-quienes-corren-mayor-riesgo\/"},"modified":"2025-06-03T06:37:32","modified_gmt":"2025-06-03T09:37:32","slug":"el-gobierno-informo-cuanta-gente-por-dia-intenta-quitarse-la-vida-en-el-pais-y-quienes-corren-mayor-riesgo","status":"publish","type":"post","link":"https:\/\/13.com.ar\/index.php\/el-gobierno-informo-cuanta-gente-por-dia-intenta-quitarse-la-vida-en-el-pais-y-quienes-corren-mayor-riesgo\/","title":{"rendered":"El Gobierno inform\u00f3 cu\u00e1nta gente por d\u00eda intenta quitarse la vida en el pa\u00eds y qui\u00e9nes corren mayor riesgo"},"content":{"rendered":"<p> <br \/>\n<\/p>\n<div id=\"cuerpo\">\n<div class=\"sc-45461e9c-0 eqiBeF container-text text-embed \" id=\"element-body-0\">\n<p>&#8220;Los intentos de suicidio representan un <strong>problema de salud p\u00fablica<\/strong> creciente y prioritario tanto a nivel mundial como regional y nacional&#8221;. Bajo esta premisa, el Ministerio de Salud de la Naci\u00f3n acaba de hacer p\u00fablico un informe que<strong> es una radiograf\u00eda del problema en Argentina<\/strong>, producto de un registro cotidiano ininterrumpido de casos a lo largo de los \u00faltimos dos a\u00f1os.<\/p>\n<\/div>\n<div class=\"sc-45461e9c-0 eqiBeF container-text text-embed \" id=\"element-body-1\">\n<p>Desde el 1\u00b0 de abril de 2023 el intento de suicidio se volvi\u00f3 un evento de <strong>notificaci\u00f3n obligatoria <\/strong>en el pa\u00eds, de manera que cada uno de estos hechos debe ser registrado en el Sistema Nacional de Vigilancia Sanitaria (SNVS). Hasta el 30 de abril de 2025, seg\u00fan el Bolet\u00edn Epidemiol\u00f3gico Nacional (BEN) publicado en las \u00faltimas horas, fueron notificados <strong>15.807 eventos<\/strong>, un promedio de <strong>casi 22 por d\u00eda<\/strong>.<\/p>\n<\/div>\n<div class=\"sc-45461e9c-0 eqiBeF container-text text-embed \" id=\"element-body-2\">\n<p>Desde que estos hechos empezaron a contabilizarse a nivel nacional, cada vez m\u00e1s efectores de salud fueron sum\u00e1ndose y notificando los casos en el SNVS. Con el correr de los meses, eso se tradujo en un<strong> marcado incremento <\/strong>de las notificaciones, aunque el informe oficial no puede discriminar cu\u00e1nto de esa evoluci\u00f3n se debe a un <strong>mayor registro<\/strong> o a un<strong> eventual aumento<\/strong> real.<\/p>\n<\/div>\n<div class=\"sc-45461e9c-0 eqiBeF container-text text-embed \" id=\"element-body-3\">\n<p>\u201cSi bien se observaron algunas fluctuaciones a lo largo del tiempo, la tendencia general<strong> fue ascendente<\/strong>. El valor m\u00e1s alto se registr\u00f3 en enero de 2025, con 1.084 eventos notificados, seguido de una leve fluctuaci\u00f3n en los meses de febrero y marzo y posteriormente una disminuci\u00f3n en abril (882 casos). Este patr\u00f3n de crecimiento progresivo puede vincularse tanto a una <strong>mayor consolidaci\u00f3n del sistema de vigilancia<\/strong> como a un fortalecimiento en la capacidad de notificaci\u00f3n por parte de los efectores de salud\u201d, dice el informe.<\/p>\n<\/div>\n<div class=\"sc-45461e9c-0 eqiBeF container-text text-embed \" id=\"element-body-4\">\n<p>El trabajo advierte que los datos presentados hasta el momento deben ser tomados como parciales y sujetos a revisi\u00f3n, aunque constituyen una herramienta valiosa como primer acercamiento estad\u00edstico, cuyo objetivo es caracterizar este <strong>problema de salud p\u00fablica <\/strong>para delinear<strong> pol\u00edticas preventivas<\/strong> desde el Estado.<\/p>\n<\/div>\n<div class=\"sc-106e49c0-0 dcVumd freeHtml-embed undefined\" id=\"element-body-5\">\n<p><picture><source media=\"(min-width: 720px)\" ><img decoding=\"async\" src=\"https:\/\/13.com.ar\/wp-content\/uploads\/2025\/06\/El-Gobierno-informo-cuanta-gente-por-dia-intenta-quitarse-la.svg.svg+xml\" alt=\"intentos-suicidios\" loading=\"lazy\"\/><br \/>\n<\/source><\/picture><\/p>\n<\/div>\n<div class=\"sc-45461e9c-0 eqiBeF container-text text-embed \" id=\"element-body-6\">\n<p>Del total de intentos de suicidio, el<strong> 94,3 por ciento<\/strong> corresponde a casos sin resultado mortal y el<strong> 5,7 por ciento<\/strong> (906), a intentos de suicidios que terminaron en muerte. Si bien en la distribuci\u00f3n general predomina el sexo femenino, con el <strong>60 por ciento<\/strong> de los eventos notificados, los varones son los que presentan un mayor riesgo de resultado mortal.<\/p>\n<\/div>\n<div class=\"sc-45461e9c-0 eqiBeF container-text text-embed \" id=\"element-body-7\">\n<p>El <strong>2,2 por ciento<\/strong> de los intentos de suicidio en mujeres terminan en muerte, contra el <strong>11,1 por ciento <\/strong>de los varones. \u201cEsto da cuenta de un riesgo <strong>5 veces mayor<\/strong> de que el resultado del intento de suicidio sea mortal en el sexo masculino en relaci\u00f3n con las mujeres\u201d, explica el informe del Ministerio de Salud.<\/p>\n<\/div>\n<div class=\"sc-45461e9c-0 eqiBeF container-text text-embed \" id=\"element-body-8\">\n<p>Las tasas m\u00e1s elevadas de intentos de suicidio corresponden a los grupos de<strong> 15 a 19 a\u00f1os<\/strong> (91 casos cada 100.000 habitantes) y 20 a 24 (85 casos cada 100.000 habitantes). Se notificaron tambi\u00e9n<strong> 23 eventos<\/strong> en ni\u00f1os de 5 a 9 a\u00f1os (0,2 por ciento), \u201cun dato que, aunque de baja frecuencia, debe considerarse como<strong> se\u00f1al de alerta<\/strong> y llamado a reforzar las acciones comunitarias de prevenci\u00f3n y detecci\u00f3n precoz en las infancias\u201d, dice el BEN.<\/p>\n<\/div>\n<div class=\"sc-106e49c0-0 dcVumd freeHtml-embed undefined\" id=\"element-body-9\">\n<p>\n    <picture><source media=\"(min-width: 720px)\" ><img decoding=\"async\" src=\"https:\/\/13.com.ar\/wp-content\/uploads\/2025\/06\/1748943452_623_El-Gobierno-informo-cuanta-gente-por-dia-intenta-quitarse-la.svg.svg+xml\" alt=\"intentos-suicidios-segun-sexo\" loading=\"lazy\"\/><br \/>\n    <\/source><\/picture><\/p>\n<\/div>\n<div class=\"sc-45461e9c-0 eqiBeF container-text text-embed \" id=\"element-body-10\">\n<p>En cuanto al sexo y especialmente su v\u00ednculo con la edad, puede verificarse que, para todos los grupos de etarios, con excepci\u00f3n de los mayores de 65 a\u00f1os, las tasas m\u00e1s elevadas corresponden al<em> <\/em><strong>sexo femenino<\/strong>. El grupo de 15 a 19 a\u00f1os presenta las tasas m\u00e1s elevadas de intentos de suicidio de todos los grupos de edad y sexo: <strong>duplica la tasa de los varones<\/strong> para el mismo grupo.<\/p>\n<\/div>\n<p><h2>Modalidad, lugar y antecedentes<\/h2>\n<\/p>\n<div class=\"sc-45461e9c-0 eqiBeF container-text text-embed \" id=\"element-body-12\">\n<p>La<strong> sobreingesta de medicamentos<\/strong> es la modalidad m\u00e1s utilizada (46 por ciento), aunque presenta matices seg\u00fan el sexo: en el caso de las mujeres, su uso asciende casi al<strong> 60 por ciento<\/strong> y en los varones alcanza el 27 por ciento. Entre los varones, en cambio, la modalidad predominante es el <strong>ahorcamiento<\/strong>, estrangulamiento o sofocaci\u00f3n (39 por ciento). El uso de un <strong>objeto cortante<\/strong>, en tanto, presenta un porcentaje similar en ambos sexos (16 por ciento): se ubica en segundo lugar para las mujeres y tercero para los varones.<\/p>\n<\/div>\n<div class=\"sc-106e49c0-0 dcVumd freeHtml-embed undefined\" id=\"element-body-13\">\n<p>\n    <picture><source media=\"(min-width: 720px)\" ><img decoding=\"async\" src=\"https:\/\/13.com.ar\/wp-content\/uploads\/2025\/06\/1748943452_399_El-Gobierno-informo-cuanta-gente-por-dia-intenta-quitarse-la.svg.svg+xml\" alt=\"intentos-suicidios-segun-lugar\" loading=\"lazy\"\/><br \/>\n    <\/source><\/picture><\/p>\n<\/div>\n<div class=\"sc-45461e9c-0 eqiBeF container-text text-embed \" id=\"element-body-14\">\n<p>El <strong>86 por ciento<\/strong> de los intentos de suicidio ocurri\u00f3 <strong>en el hogar<\/strong>. En cuanto a <strong>antecedentes<\/strong>, el diagn\u00f3stico previo en salud mental, los intentos anteriores y el consumo problem\u00e1tico de sustancias fueron los m\u00e1s frecuentes. \u201cLos suicidios con resultado mortal fueron realizados principalmente a varones de entre 20 y 34 a\u00f1os, con tasas consistentemente m\u00e1s altas en todos los grupos etarios respecto de las mujeres\u201d, a\u00f1ade el informe.<\/p>\n<\/div>\n<div class=\"sc-45461e9c-0 eqiBeF container-text text-embed \" id=\"element-body-15\">\n<p>Finalmente, el trabajo advierte que \u201cpara abordar esta problem\u00e1tica y <strong>contribuir a disminuirla<\/strong>, la estrategia principal es la prevenci\u00f3n, entendida desde una perspectiva de cuidados integrales y colectivos, en especial en los grupos etarios de adolescentes y de personas mayores (ya que son los dos grupos con mayor vulnerabilidad frente a esta problem\u00e1tica)\u201d.<\/p>\n<\/div>\n<div class=\"sc-45461e9c-0 eqiBeF container-text text-embed \" id=\"element-body-16\">\n<p>Y subraya la importancia de \u201cdesarrollar <strong>programas de formaci\u00f3n sistem\u00e1tica<\/strong> y permanente para profesionales de la salud en la detecci\u00f3n y abordaje de situaciones de riesgo de suicidio\u201d, a la vez de recomendar \u201cel desarrollo de dispositivos de atenci\u00f3n telef\u00f3nica gratuitos, o la incorporaci\u00f3n del componente Salud Mental a las l\u00edneas existentes, atendidos por personal capacitado, para la recepci\u00f3n, <strong>evaluaci\u00f3n, manejo, seguimiento<\/strong> y derivaci\u00f3n asistida de situaciones de crisis y riesgo de suicidio\u201d.<\/p>\n<\/div>\n<\/div>\n<p><br \/>\n<br \/><a href=\"https:\/\/www.clarin.com\/sociedad\/gobierno-informo-cuanta-gente-dia-intenta-quitarse-vida-pais-corren-mayor-riesgo_0_KJLBdlSKzU.html\">Fuente Clarin.com <\/a><\/p>\n","protected":false},"excerpt":{"rendered":"<p>&#8220;Los intentos de suicidio representan un problema de salud p\u00fablica creciente y prioritario tanto a nivel mundial como regional y nacional&#8221;. Bajo esta premisa, el Ministerio de Salud de la Naci\u00f3n acaba de hacer p\u00fablico un informe que es una radiograf\u00eda del problema en Argentina, producto de un registro cotidiano ininterrumpido de casos a lo [&hellip;]<\/p>\n","protected":false},"author":1,"featured_media":30414,"comment_status":"open","ping_status":"open","sticky":false,"template":"","format":"standard","meta":{"footnotes":""},"categories":[2],"tags":[20028,8562,1154,519,71,7384,4324,817,134,142,1784,20078,456,113],"class_list":["post-30413","post","type-post","status-publish","format-standard","has-post-thumbnail","hentry","category-ultimas-noticias","tag-corren","tag-cuanta","tag-dia","tag-gente","tag-gobierno","tag-informo","tag-intenta","tag-mayor","tag-pais","tag-por","tag-quienes","tag-quitarse","tag-riesgo","tag-vida"],"_links":{"self":[{"href":"https:\/\/13.com.ar\/index.php\/wp-json\/wp\/v2\/posts\/30413","targetHints":{"allow":["GET"]}}],"collection":[{"href":"https:\/\/13.com.ar\/index.php\/wp-json\/wp\/v2\/posts"}],"about":[{"href":"https:\/\/13.com.ar\/index.php\/wp-json\/wp\/v2\/types\/post"}],"author":[{"embeddable":true,"href":"https:\/\/13.com.ar\/index.php\/wp-json\/wp\/v2\/users\/1"}],"replies":[{"embeddable":true,"href":"https:\/\/13.com.ar\/index.php\/wp-json\/wp\/v2\/comments?post=30413"}],"version-history":[{"count":0,"href":"https:\/\/13.com.ar\/index.php\/wp-json\/wp\/v2\/posts\/30413\/revisions"}],"wp:featuredmedia":[{"embeddable":true,"href":"https:\/\/13.com.ar\/index.php\/wp-json\/wp\/v2\/media\/30414"}],"wp:attachment":[{"href":"https:\/\/13.com.ar\/index.php\/wp-json\/wp\/v2\/media?parent=30413"}],"wp:term":[{"taxonomy":"category","embeddable":true,"href":"https:\/\/13.com.ar\/index.php\/wp-json\/wp\/v2\/categories?post=30413"},{"taxonomy":"post_tag","embeddable":true,"href":"https:\/\/13.com.ar\/index.php\/wp-json\/wp\/v2\/tags?post=30413"}],"curies":[{"name":"wp","href":"https:\/\/api.w.org\/{rel}","templated":true}]}}