{"id":30411,"date":"2025-06-03T06:34:39","date_gmt":"2025-06-03T09:34:39","guid":{"rendered":"https:\/\/13.com.ar\/index.php\/a-platense-le-llueven-ofertas-por-sus-jugadores-y-en-el-club-piensan-como-evitar-el-exodo-masivo\/"},"modified":"2025-06-03T06:34:39","modified_gmt":"2025-06-03T09:34:39","slug":"a-platense-le-llueven-ofertas-por-sus-jugadores-y-en-el-club-piensan-como-evitar-el-exodo-masivo","status":"publish","type":"post","link":"https:\/\/13.com.ar\/index.php\/a-platense-le-llueven-ofertas-por-sus-jugadores-y-en-el-club-piensan-como-evitar-el-exodo-masivo\/","title":{"rendered":"a Platense le llueven ofertas por sus jugadores y en el club piensan c\u00f3mo evitar el \u00e9xodo masivo"},"content":{"rendered":"<p> <br \/>\n<br \/><img decoding=\"async\" src=\"https:\/\/13.com.ar\/wp-content\/uploads\/2025\/06\/a-Platense-le-llueven-ofertas-por-sus-jugadores-y-en.jpg\" \/><\/p>\n<div id=\"element-body-0\">\n<p>Falta mucho para la Copa Libertadores, algo menos para defender el t\u00edtulo en el Torneo Clausura, pero en <strong>Platense <\/strong>el martes se cierra el par\u00e9ntesis que el presidente del club, <strong>Sebasti\u00e1n Ordo\u00f1ez<\/strong>, abri\u00f3 antes de la final de Santiago del Estero para enfocarse exclusivamente en el partido ante Hurac\u00e1n. Ahora volver\u00e1 inmiscuirse en la tarea de balancear el presupuesto y evitar que todos los campeones cambien de camiseta.<\/p>\n<\/div>\n<div id=\"element-body-1\">\n<p><em>&#8220;Si, me llamaron para pedirme condiciones de venta de algunos futbolistas y supe del inter\u00e9s de otros. Ustedes tambi\u00e9n publican que hay clubes que quieren jugadores nuestros&#8221;<\/em>, admiti\u00f3 todav\u00eda en Santiago del Estero Ordo\u00f1ez, como resignado.<\/p>\n<\/div>\n<div id=\"element-body-2\">\n<p>Por eso pate\u00f3 las conversaciones para esta semana. Lo hizo cuando ser campe\u00f3n era una posibilidad. Con el t\u00edtulo consumado, cuando retome conversaciones, sabe que ahora sus jugadores valen m\u00e1s. Por la misma raz\u00f3n, es conciente que tambi\u00e9n deber\u00e1 mejorar los contratos de aquellos que quiera retener y por todos esos motivos, asume -aunque no lo reconozca- que algunos de los que dieron la vuelta, ya no estar\u00e1n en el pr\u00f3ximo partido cuando el <strong>Calamar <\/strong>vuelva a salir a la cancha.<\/p>\n<\/div>\n<div id=\"element-body-3\">\n<p><em>&#8220;Habl\u00e9 con los jugadores antes de la final y les ped\u00ed que nos enfoc\u00e1ramos en el partido. Que sab\u00eda de las ofertas que les estaban llegando, pero que hab\u00eda tiempo para analizarlas despu\u00e9s&#8221;<\/em>, explic\u00f3. <strong>Y &#8220;despu\u00e9s&#8221; es a partir del martes.<\/strong><\/p>\n<\/div>\n<div id=\"element-body-5\">\n<p><em>&#8220;Toda mi familia es de Racing, mi hija se llamaba Valentina Celeste. El d\u00eda que me toque ir a Racing, ojal\u00e1 sea, lo voy a disfrutar. Y sino, a seguir trabajando&#8221;<\/em>, dijo sin eufemismos -y antes del martes- el capit\u00e1n <strong>Ignacio V\u00e1zquez.<\/strong><\/p>\n<\/div>\n<div id=\"element-body-6\">\n<p>El defensor que le sac\u00f3 la vista al \u00e1rbitro <strong>Yael Falc\u00f3n P\u00e9rez <\/strong>el d\u00eda que acumul\u00f3 desaciertos que favorecieron a River, tambi\u00e9n estar\u00eda en los planes de <strong>Boca<\/strong>. Para que siga, deber\u00edan ofrecerle un sueldo acorde al inter\u00e9s que despierta, pero tal vez el futbolista valore m\u00e1s un nuevo desaf\u00edo, que una mejora salarial.<\/p>\n<\/div>\n<div id=\"element-body-7\">\n<p>El paraguayo <strong>Ronaldo Martinez<\/strong> es por quien m\u00e1s preguntan. El goleador tiene contrato hasta el final de 2026 y ya jug\u00f3 dos finales con el <strong>Calamar<\/strong>. En el club saben que ser\u00e1 dif\u00edcil retenerlo y tiene un recorrido que puede considerarse un ciclo completo.<\/p>\n<\/div>\n<div id=\"element-body-8\">\n<p><em>&#8220;Ya veremos que pasa. Hay jugadores que son buscados, vamos a tener oportunidades y sabemos que algunos se van a ir. Si tiene que ser, que sea y el que se tenga que quedar, se va a quedar&#8221;<\/em>, analiz\u00f3 Ordo\u00f1ez.<\/p>\n<\/div>\n<div id=\"element-body-10\">\n<p>El inter\u00e9s no est\u00e1 solo puesto en los que hacen goles: tambi\u00e9n quienes lo evitan. El arquero <strong>Juan Pablo Cozzani<\/strong> tuvo una temporada muy regular con pocos goles en contra y eso cotiz\u00f3 su pase como nunca. Tiene contrato hasta 2028, pero en el club aunque la intenci\u00f3n es retener, el prop\u00f3sito es tambi\u00e9n el ingreso de dinero.<\/p>\n<\/div>\n<div id=\"element-body-11\">\n<p>Para cada campeonato, Platense repiti\u00f3 un modus operandi. Busca el perfil del jugador pretendido en aquellos futbolistas que hayan mostrado un buen pico de rendimiento y se encuentren en un baj\u00f3n. As\u00ed llegaron muchos que encontraron en el Calamar el espacio para potenciarse y recuperar el nivel. <\/p>\n<\/div>\n<div id=\"element-body-12\">\n<p>Una vez que en el Marr\u00f3n equilibran su potencial, se les abre la posibilidad de pegar un salto en su carrera. Platense no es una mera vidriera, es la contraparte necesaria que saca r\u00e9dito: as\u00ed ascendi\u00f3, luego jug\u00f3 su primera final tras recuperar la categor\u00eda y, como para confirmar el m\u00e9todo, tambi\u00e9n fue camp\u00e9on de Primera.  <\/p>\n<\/div>\n<div id=\"element-body-13\">\n<p><em>&#8220;Soy un loco que piensa a futuro. Mi mujer o mis amigos me dicen &#8216;par\u00e1 un poco&#8217;, pero es que si en el f\u00fatbol par\u00e1s, te pasan por arriba. Mientras estabamos disfrutando la final, est\u00e1bamos sentados con otros dirigentes a ver d\u00f3nde hacemos la pretemporada y en el pr\u00f3ximo equipo&#8221;<\/em>, detall\u00f3 Ordo\u00f1ez.<\/p>\n<\/div>\n<div id=\"element-body-14\">\n<p>Y la salida de varios jugadores, no ser\u00e1 la primera vez que pase. De los finalistas del equipo de <strong>Mart\u00edn Palermo<\/strong> en 2023, solo cinco repitieron con la dupla que conforman <strong>Favio Orsi <\/strong>y <strong>Sergio G\u00f3mez <\/strong>en Santiago del Estero.<\/p>\n<\/div>\n<div id=\"element-body-16\">\n<p>Aunque en el club no quieren &#8220;avivar giles&#8221;, Leonel Picco es otro de los m\u00e1s reclamados y por Vicente Taborda no hay chances: deber\u00e1 volver a Boca cuando termine el pr\u00e9stamo. Guido Mainero, quien quedar\u00e1 eternizado por el gol del campeonato, termina su contrato en diciembre y el primero de los jugadores que comenzar\u00e1 a negociar su continuidad.    <\/p>\n<\/div>\n<div id=\"element-body-17\">\n<p>Por todos contesta y dialoga Ordo\u00f1ez. &#8220;Es que es un club que es muy dependiente de los directivos todav\u00eda. Nos falta crear las estructuras medias de mando para delegar un poco las funciones del d\u00eda a d\u00eda&#8221;, cierra el presidente que, en paralelo, tambi\u00e9n escucha ofertas de nuevos auspicios.<strong> Desde que es campe\u00f3n, todos quieren jugadores de Platense.<\/strong><\/p>\n<\/div>\n<p><br \/>\n<br \/><a href=\"https:\/\/www.clarin.com\/deportes\/verdadero-desafio-campeon-platense-llueven-ofertas-jugadores-club-piensan-evitar-exodo-masivo_0_HlnUuwADuN.html\">Fuente Clarin.com <\/a><\/p>\n","protected":false},"excerpt":{"rendered":"<p>Falta mucho para la Copa Libertadores, algo menos para defender el t\u00edtulo en el Torneo Clausura, pero en Platense el martes se cierra el par\u00e9ntesis que el presidente del club, Sebasti\u00e1n Ordo\u00f1ez, abri\u00f3 antes de la final de Santiago del Estero para enfocarse exclusivamente en el partido ante Hurac\u00e1n. Ahora volver\u00e1 inmiscuirse en la tarea [&hellip;]<\/p>\n","protected":false},"author":1,"featured_media":30412,"comment_status":"open","ping_status":"open","sticky":false,"template":"","format":"standard","meta":{"footnotes":""},"categories":[2],"tags":[221,66,915,4481,7466,20077,555,4597,6970,941,142,40],"class_list":["post-30411","post","type-post","status-publish","format-standard","has-post-thumbnail","hentry","category-ultimas-noticias","tag-club","tag-como","tag-evitar","tag-exodo","tag-jugadores","tag-llueven","tag-masivo","tag-ofertas","tag-piensan","tag-platense","tag-por","tag-sus"],"_links":{"self":[{"href":"https:\/\/13.com.ar\/index.php\/wp-json\/wp\/v2\/posts\/30411","targetHints":{"allow":["GET"]}}],"collection":[{"href":"https:\/\/13.com.ar\/index.php\/wp-json\/wp\/v2\/posts"}],"about":[{"href":"https:\/\/13.com.ar\/index.php\/wp-json\/wp\/v2\/types\/post"}],"author":[{"embeddable":true,"href":"https:\/\/13.com.ar\/index.php\/wp-json\/wp\/v2\/users\/1"}],"replies":[{"embeddable":true,"href":"https:\/\/13.com.ar\/index.php\/wp-json\/wp\/v2\/comments?post=30411"}],"version-history":[{"count":0,"href":"https:\/\/13.com.ar\/index.php\/wp-json\/wp\/v2\/posts\/30411\/revisions"}],"wp:featuredmedia":[{"embeddable":true,"href":"https:\/\/13.com.ar\/index.php\/wp-json\/wp\/v2\/media\/30412"}],"wp:attachment":[{"href":"https:\/\/13.com.ar\/index.php\/wp-json\/wp\/v2\/media?parent=30411"}],"wp:term":[{"taxonomy":"category","embeddable":true,"href":"https:\/\/13.com.ar\/index.php\/wp-json\/wp\/v2\/categories?post=30411"},{"taxonomy":"post_tag","embeddable":true,"href":"https:\/\/13.com.ar\/index.php\/wp-json\/wp\/v2\/tags?post=30411"}],"curies":[{"name":"wp","href":"https:\/\/api.w.org\/{rel}","templated":true}]}}