{"id":30409,"date":"2025-06-03T06:31:35","date_gmt":"2025-06-03T09:31:35","guid":{"rendered":"https:\/\/13.com.ar\/index.php\/brad-pitt-pixar-y-john-wick-regresan-al-cine-los-imperdibles-de-junio\/"},"modified":"2025-06-03T06:31:35","modified_gmt":"2025-06-03T09:31:35","slug":"brad-pitt-pixar-y-john-wick-regresan-al-cine-los-imperdibles-de-junio","status":"publish","type":"post","link":"https:\/\/13.com.ar\/index.php\/brad-pitt-pixar-y-john-wick-regresan-al-cine-los-imperdibles-de-junio\/","title":{"rendered":"Brad Pitt, Pixar y John Wick regresan al cine: los imperdibles de junio"},"content":{"rendered":"<p> <br \/>\n<\/p>\n<div id=\"cuerpo\">\n<div class=\"sc-45461e9c-0 eqiBeF container-text text-embed \" id=\"element-body-0\">\n<p>Tal vez no sea para tirar manteca al techo, ni para ilusionarse demasiado, pero las cifras de espectadores a los cines de la Argentina tuvieron un crecimiento exponencial en el mes de mayo, m\u00e1s que nada por el estreno de <strong><em>Lilo y Stitch<\/em><\/strong>, de Disney.<\/p>\n<\/div>\n<div class=\"sc-45461e9c-0 eqiBeF container-text text-embed \" id=\"element-body-1\">\n<p>Y las perspectivas para este mes de junio son a\u00fan mejores, ya que se vienen estrenos fuertes semana a semana, de un spin-off de <em>John Wick<\/em> a la versi\u00f3n con actores de <em>C\u00f3mo entrenar a tu drag\u00f3n<\/em>, m\u00e1s la nueva pel\u00edcula animada de Pixar, y <strong><em>F\u00f3rmula 1<\/em><\/strong>, con Brad Pitt, por lo que la brecha con el n\u00famero de p\u00fablico del 2024 podr\u00eda acrecentarse.<\/p>\n<\/div>\n<div class=\"sc-45461e9c-0 eqiBeF container-text text-embed \" id=\"element-body-2\">\n<p>Antes de pasar a los estrenos de junio repasemos los n\u00fameros de p\u00fablico en lo que va de este 2025. En enero fueron 2.702.991 espectadores, una cifra que sufri\u00f3 una disminuci\u00f3n en la venta de entradas en febrero (1.688.995), que remont\u00f3 en marzo (2.198.675) y experiment\u00f3 otro salto en abril (2.578.014).<\/p>\n<\/div>\n<div class=\"sc-45461e9c-0 eqiBeF container-text text-embed \" id=\"element-body-3\">\n<p>Pero lo mejor fue en mayo: hasta el s\u00e1bado pasado, 31, se vendieron 3.462.671 entradas.<\/p>\n<\/div>\n<div class=\"sc-98b114a2-0 bkqiHH image-embed  image-embed \" id=\"element-body-4\"><picture class=\"sc-98b114a2-1 jRUlDm\"><source media=\"(min-width: 975px)\" width=\"720\" height=\"480\" \/><img alt=\"Brad Pitt en &quot;F\u00f3rmula 1&quot;, Ana de Armas en &quot;Bailarina&quot; y Chimuelo en &quot;C\u00f3mo entrenar a tu drag\u00f3n&quot;. Fotos Clar\u00edn\" loading=\"lazy\" width=\"720\" height=\"480\" decoding=\"async\" data-nimg=\"1\" style=\"color:transparent\" src=\"https:\/\/13.com.ar\/wp-content\/uploads\/2025\/06\/Brad-Pitt-Pixar-y-John-Wick-regresan-al-cine-los.jpg\"\/><span class=\"epigraphe\">Brad Pitt en &#8220;F\u00f3rmula 1&#8221;, Ana de Armas en &#8220;Bailarina&#8221; y Chimuelo en &#8220;C\u00f3mo entrenar a tu drag\u00f3n&#8221;. Fotos Clar\u00edn<\/span><span class=\"picture-open\"><button class=\"open-image\" aria-label=\"Open Image\"\/><\/span><\/picture><\/div>\n<div class=\"sc-45461e9c-0 eqiBeF container-text text-embed \" id=\"element-body-5\">\n<p>Obviamente el estreno de la versi\u00f3n <em>live action<\/em> (con actores) de<em> Lilo y Stitch<\/em> ayud\u00f3 y mucho a alcanzar ese n\u00famero. En solamente 10 d\u00edas vendi\u00f3 1.593.902 entradas, que significa un 46,03% del total de espectadores de todo el mes de mayo en todo el pa\u00eds.<\/p>\n<\/div>\n<div class=\"sc-45461e9c-0 eqiBeF container-text text-embed \" id=\"element-body-6\">\n<p>Para comparar, hace un a\u00f1o, de enero a mayo, hab\u00edan asistido a los cines de todo el pa\u00eds 10.861.691 espectadores. Es decir, en lo que va de este 2025 el n\u00famero de espectadores creci\u00f3 un 16.29%.<\/p>\n<\/div>\n<div class=\"sc-45461e9c-0 eqiBeF container-text text-embed \" id=\"element-body-7\">\n<p>Pasemos a ver cu\u00e1les son los estrenos, semana a semana, de este mes de junio.<\/p>\n<\/div>\n<div class=\"sc-98b114a2-0 bkqiHH image-embed  image-embed \" id=\"element-body-8\"><picture class=\"sc-98b114a2-1 jRUlDm\"><source media=\"(min-width: 975px)\" width=\"720\" height=\"480\" \/><img alt=\"&quot;Lilo y Stitch&quot; llev\u00f3 m\u00e1s de 1.500.000 espectadores en 10 d\u00edas...\" loading=\"lazy\" width=\"720\" height=\"480\" decoding=\"async\" data-nimg=\"1\" style=\"color:transparent\" src=\"https:\/\/13.com.ar\/wp-content\/uploads\/2025\/06\/1748943095_14_Brad-Pitt-Pixar-y-John-Wick-regresan-al-cine-los.jpg\"\/><span class=\"epigraphe\">&#8220;Lilo y Stitch&#8221; llev\u00f3 m\u00e1s de 1.500.000 espectadores en 10 d\u00edas&#8230;<\/span><span class=\"picture-open\"><button class=\"open-image\" aria-label=\"Open Image\"\/><\/span><\/picture><\/div>\n<p><h2>Bailarina<\/h2>\n<\/p>\n<div class=\"sc-98b114a2-0 bkqiHH image-embed  image-embed \" id=\"element-body-11\"><picture class=\"sc-98b114a2-1 jRUlDm\"><source media=\"(min-width: 975px)\" width=\"720\" height=\"480\" \/><img alt=\"Ana de Armas como Eve en &quot;Bailarina&quot;, el spin-off de &quot;John Wick&quot;, que estrena este jueves.&#10;\" loading=\"lazy\" width=\"720\" height=\"480\" decoding=\"async\" data-nimg=\"1\" style=\"color:transparent\" src=\"https:\/\/13.com.ar\/wp-content\/uploads\/2025\/06\/1748943095_10_Brad-Pitt-Pixar-y-John-Wick-regresan-al-cine-los.jpg\"\/><span class=\"epigraphe\">Ana de Armas como Eve en &#8220;Bailarina&#8221;, el spin-off de &#8220;John Wick&#8221;, que estrena este jueves.<br \/>\n<\/span><span class=\"picture-open\"><button class=\"open-image\" aria-label=\"Open Image\"\/><\/span><\/picture><\/div>\n<div class=\"sc-45461e9c-0 eqiBeF container-text text-embed \" id=\"element-body-12\">\n<p>El esperado spin-off de la saga con Keanu Reeves, <em>John Wick<\/em>, se sit\u00faa antes de la cuarta pel\u00edcula -no vamos a spoilear lo que sucede en la cuarta, pero los fans ya lo saben y se preguntaban cu\u00e1ndo podr\u00edan volver a ver a Keanu-. Ana de Armas (<em>Entre navajas y secretos<\/em>, <em>Blade Runner 2049<\/em>, <strong><em>Rubia<\/em><\/strong>) es la protagonista, una mujer que desde peque\u00f1a fue entrenada para asesinar&#8230; y que no tiene nada que envidiarle en su punter\u00eda y maestr\u00eda en la lucha a John Wick, que s\u00ed, aparece en el filme.<\/p>\n<\/div>\n<p><h2>El esquema fenicio<\/h2>\n<\/p>\n<div class=\"sc-98b114a2-0 bkqiHH image-embed  image-embed \" id=\"element-body-14\"><picture class=\"sc-98b114a2-1 jRUlDm\"><source media=\"(min-width: 975px)\" width=\"720\" height=\"480\" \/><img alt=\"Benicio Del Toro, protagonista de lo nuevo de Wes Anderson, que tuvo su premi\u00e8re en Cannes.\" loading=\"lazy\" width=\"720\" height=\"480\" decoding=\"async\" data-nimg=\"1\" style=\"color:transparent\" src=\"https:\/\/13.com.ar\/wp-content\/uploads\/2025\/06\/1748943095_289_Brad-Pitt-Pixar-y-John-Wick-regresan-al-cine-los.jpg\"\/><span class=\"epigraphe\">Benicio Del Toro, protagonista de lo nuevo de Wes Anderson, que tuvo su premi\u00e8re en Cannes.<\/span><span class=\"picture-open\"><button class=\"open-image\" aria-label=\"Open Image\"\/><\/span><\/picture><\/div>\n<div class=\"sc-45461e9c-0 eqiBeF container-text text-embed \" id=\"element-body-15\">\n<p>Tras su reciente paso por la competencia oficial del Festival de Cannes, donde no se llev\u00f3 nada, la nueva pel\u00edcula de Wes Anderson (<em>Los exc\u00e9ntricos Tenenbaums<\/em>, <em>El gran hotel Budapest<\/em>, <em>Isla de perros<\/em>) llega a la Argentina con un elenco, como siempre, de estrellas. Benicio del Toro es el protagonista, Anatole \u201cZsa-Zsa\u201d Korda, un magnate que se ve envuelto en una trama de espionaje junto a su hija Liesl (Mia Threapleton), una monja con la que mantiene una relaci\u00f3n complicada y que vive evitando m\u00faltiples intentos de asesinatos.<\/p>\n<\/div>\n<p><h2>Vermiglio<\/h2>\n<\/p>\n<div class=\"sc-45461e9c-0 eqiBeF container-text text-embed \" id=\"element-body-17\">\n<p>Es el filme que Italia mand\u00f3 a competir por el Oscar a la mejor pel\u00edcula internacional. La llegada de un soldado fugitivo al pueblo de monta\u00f1a que da t\u00edtulo al filme trastoca al lugar, cuando Pietro se enamora de la hija del maestro local. Su directora, Maura Delpero, se llev\u00f3 ella misma 4 de los 7 David di Donatello que gan\u00f3 el filme (mejor pel\u00edcula, direcci\u00f3n, guion original y producci\u00f3n). Y gan\u00f3 el Gran Premio del Jurado en Venecia, donde tuvo su premi\u00e8re mundial.<\/p>\n<\/div>\n<div class=\"sc-98b114a2-0 bkqiHH image-embed  image-embed \" id=\"element-body-18\"><picture class=\"sc-98b114a2-1 jRUlDm\"><source media=\"(min-width: 975px)\" width=\"720\" height=\"480\" \/><img alt=\"&quot;Vermiglio&quot; arras\u00f3 con los premios en Italia.\" loading=\"lazy\" width=\"720\" height=\"480\" decoding=\"async\" data-nimg=\"1\" style=\"color:transparent\" src=\"https:\/\/13.com.ar\/wp-content\/uploads\/2025\/06\/1748943095_101_Brad-Pitt-Pixar-y-John-Wick-regresan-al-cine-los.jpg\"\/><span class=\"epigraphe\">&#8220;Vermiglio&#8221; arras\u00f3 con los premios en Italia.<\/span><span class=\"picture-open\"><button class=\"open-image\" aria-label=\"Open Image\"\/><\/span><\/picture><\/div>\n<div class=\"sc-45461e9c-0 eqiBeF container-text text-embed \" id=\"element-body-19\">\n<p>Delpero naci\u00f3 en Italia, pero desde hace 15 a\u00f1os vive buena parte del tiempo en la Argentina.<\/p>\n<\/div>\n<div class=\"sc-45461e9c-0 eqiBeF container-text text-embed \" id=\"element-body-20\">\n<p>Tambi\u00e9n este jueves estrena la nacional <em>Lo que escribimos juntos<\/em>, quinto largometraje de Nicol\u00e1s Tet\u00e9, un drama con Ezequiel Esteban Mart\u00ednez, Santiago Magari\u00f1os y Nazarena Rozas.<\/p>\n<\/div>\n<p><h2>C\u00f3mo entrenar a tu drag\u00f3n<\/h2>\n<\/p>\n<div class=\"sc-98b114a2-0 bkqiHH image-embed  image-embed \" id=\"element-body-23\"><picture class=\"sc-98b114a2-1 jRUlDm\"><source media=\"(min-width: 975px)\" width=\"720\" height=\"480\" \/><img alt=\"Chimuelo e Hipo en la versi\u00f3n con actores de &quot;C\u00f3mo entrenar a tu drag\u00f3n&quot;.\" loading=\"lazy\" width=\"720\" height=\"480\" decoding=\"async\" data-nimg=\"1\" style=\"color:transparent\" src=\"https:\/\/13.com.ar\/wp-content\/uploads\/2025\/06\/1748943095_337_Brad-Pitt-Pixar-y-John-Wick-regresan-al-cine-los.jpg\"\/><span class=\"epigraphe\">Chimuelo e Hipo en la versi\u00f3n con actores de &#8220;C\u00f3mo entrenar a tu drag\u00f3n&#8221;.<\/span><span class=\"picture-open\"><button class=\"open-image\" aria-label=\"Open Image\"\/><\/span><\/picture><\/div>\n<div class=\"sc-45461e9c-0 eqiBeF container-text text-embed \" id=\"element-body-24\">\n<p>Dean DeBlois no solo dirigi\u00f3 las tres pel\u00edculas animadas de la saga original, sino que tambi\u00e9n fue codirector de <em>Lilo &amp; Stitch<\/em> (2002). As\u00ed que el canadiense conoce bien a los personajes vikingos de C\u00f3mo entrenar&#8230;, de Hipo a su padre Estoico, pasando por Astrid y, claro, Chimuelo, el poderoso Furia nocturna. Es la pel\u00edcula que los chicos est\u00e1n esperando.<\/p>\n<\/div>\n<p><h2>Fuera de temporada<\/h2>\n<\/p>\n<div class=\"sc-45461e9c-0 eqiBeF container-text text-embed \" id=\"element-body-26\">\n<p>La pel\u00edcula de St\u00e9phane Briz\u00e9 compiti\u00f3 por el Le\u00f3n de Oro en Venecia. Cuenta la historia rom\u00e1ntica de Mathieu (Guillaume Canet, de <em>Noche de paz<\/em>) y Alice (Alba Rohrwacher, de <em>La quimera<\/em> y <em>Mar\u00eda Callas<\/em>).<\/p>\n<\/div>\n<p><h2>Gatillero<\/h2>\n<\/p>\n<div class=\"sc-98b114a2-0 bkqiHH image-embed  image-embed \" id=\"element-body-28\"><picture class=\"sc-98b114a2-1 jRUlDm\"><source media=\"(min-width: 975px)\" width=\"720\" height=\"480\" \/><img alt=\"Sergio Podeley en el filme filmado en un solo plano secuencia.\" loading=\"lazy\" width=\"720\" height=\"480\" decoding=\"async\" data-nimg=\"1\" style=\"color:transparent\" src=\"https:\/\/13.com.ar\/wp-content\/uploads\/2025\/06\/1748943095_371_Brad-Pitt-Pixar-y-John-Wick-regresan-al-cine-los.jpg\"\/><span class=\"epigraphe\">Sergio Podeley en el filme filmado en un solo plano secuencia.<\/span><span class=\"picture-open\"><button class=\"open-image\" aria-label=\"Open Image\"\/><\/span><\/picture><\/div>\n<div class=\"sc-45461e9c-0 eqiBeF container-text text-embed \" id=\"element-body-29\">\n<p>Pel\u00edcula nacional contada, s\u00ed, como cada cap\u00edtulo de la serie <em>Adolescencia<\/em>, en un plano secuencia. Aborda el enfrentamiento entre banda de narcotraficantes y los habitantes de una ciudad. De Cristian Tapia Marchiori, con Sergio Podeley, Mariano Torre, Maite Lanata y Julieta D\u00edaz. Compiti\u00f3 en la \u00faltima edici\u00f3n del BAFICI.<\/p>\n<\/div>\n<p><h2>Hecho mierda<\/h2>\n<\/p>\n<div class=\"sc-45461e9c-0 eqiBeF container-text text-embed \" id=\"element-body-31\">\n<p>Bastante gr\u00e1fico es el t\u00edtulo de este filme alem\u00e1n, en el que un arquitecto despierta luego de estar inconsciente atado a un ba\u00f1o qu\u00edmico e imposibilitado de escapar -bueno, se ver\u00e1- de una muerte segura, cuando su socio est\u00e9 por hacer explotar el lugar donde se encuentra. De Lukas Rinker.<\/p>\n<\/div>\n<p><h2>Elio<\/h2>\n<\/p>\n<div class=\"sc-98b114a2-0 bkqiHH image-embed  image-embed \" id=\"element-body-34\"><picture class=\"sc-98b114a2-1 jRUlDm\"><source media=\"(min-width: 975px)\" width=\"720\" height=\"480\" \/><img alt=\"&quot;Elio&quot; es lo nuevo de Pixar.\" loading=\"lazy\" width=\"720\" height=\"480\" decoding=\"async\" data-nimg=\"1\" style=\"color:transparent\" src=\"https:\/\/13.com.ar\/wp-content\/uploads\/2025\/06\/1748943095_272_Brad-Pitt-Pixar-y-John-Wick-regresan-al-cine-los.jpg\"\/><span class=\"epigraphe\">&#8220;Elio&#8221; es lo nuevo de Pixar.<\/span><span class=\"picture-open\"><button class=\"open-image\" aria-label=\"Open Image\"\/><\/span><\/picture><\/div>\n<div class=\"sc-45461e9c-0 eqiBeF container-text text-embed \" id=\"element-body-35\">\n<p>La nueva pel\u00edcula de Pixar\/Disney tiene a Elio, un ni\u00f1o, como protagonista. Es transportado por los extraterrestres y se convierte en el elegido para ser embajador gal\u00e1ctico de la Tierra, donde su madre, Olga, trabaja en un proyecto secreto para descifrar mensajes alien\u00edgenas. Son tres sus directores, que han dirigido, entre otros filmes, <em>Coco<\/em> y <em>Red<\/em>.<\/p>\n<\/div>\n<p><h2>Exterminio: La evoluci\u00f3n<\/h2>\n<\/p>\n<div class=\"sc-98b114a2-0 bkqiHH image-embed  image-embed \" id=\"element-body-37\"><picture class=\"sc-98b114a2-1 jRUlDm\"><source media=\"(min-width: 975px)\" width=\"720\" height=\"480\" \/><img alt=\"Danny Boyle ya hab\u00eda dirigido la pel\u00edcula original.\" loading=\"lazy\" width=\"720\" height=\"480\" decoding=\"async\" data-nimg=\"1\" style=\"color:transparent\" src=\"https:\/\/13.com.ar\/wp-content\/uploads\/2025\/06\/1748943095_913_Brad-Pitt-Pixar-y-John-Wick-regresan-al-cine-los.jpg\"\/><span class=\"epigraphe\">Danny Boyle ya hab\u00eda dirigido la pel\u00edcula original.<\/span><span class=\"picture-open\"><button class=\"open-image\" aria-label=\"Open Image\"\/><\/span><\/picture><\/div>\n<div class=\"sc-45461e9c-0 eqiBeF container-text text-embed \" id=\"element-body-38\">\n<p>Pasaron casi tres d\u00e9cadas desde que el virus de la ira escap\u00f3 de un laboratorio de armas biol\u00f3gicas, y ahora, a\u00fan en una cuarentena impuesta despiadadamente, algunos han encontrado la manera de sobrevivir entre los infectados. La dirigi\u00f3 Danny Boyle, que hab\u00eda dirigido la pel\u00edcula original, que tuvo ya una secuela.<\/p>\n<\/div>\n<div class=\"sc-45461e9c-0 eqiBeF container-text text-embed \" id=\"element-body-39\">\n<p>Tambi\u00e9n el 19, antes del feriado del viernes 20, estrenan <em>La venganza<\/em>, de Gustav M\u00f6ller, sobre una guardiac\u00e1rcel ante un dilema cuando un joven de su pasado es trasladado al penal donde trabaja; <em>Kabbadi<\/em>, de Pablo Jos\u00e9 Meza (<em>Buenos Aires 100 Km<\/em>, <em>Las Ineses<\/em>, <em>La vieja de atr\u00e1s<\/em>) y T<em>he New Year That Never Came<\/em>, del rumano Bogdan Muresanu.<\/p>\n<\/div>\n<p><h2>F\u00f3rmula 1<\/h2>\n<\/p>\n<div class=\"sc-98b114a2-0 bkqiHH image-embed  image-embed \" id=\"element-body-42\"><picture class=\"sc-98b114a2-1 jRUlDm\"><source media=\"(min-width: 975px)\" width=\"720\" height=\"480\" \/><img alt=\"Brad Pitt y Damson Idris, filmando en el Gran Premio de brit\u00e1nico, en Silverstone.\" loading=\"lazy\" width=\"720\" height=\"480\" decoding=\"async\" data-nimg=\"1\" style=\"color:transparent\" src=\"https:\/\/13.com.ar\/wp-content\/uploads\/2025\/06\/1748943095_202_Brad-Pitt-Pixar-y-John-Wick-regresan-al-cine-los.jpg\"\/><span class=\"epigraphe\">Brad Pitt y Damson Idris, filmando en el Gran Premio de brit\u00e1nico, en Silverstone.<\/span><span class=\"picture-open\"><button class=\"open-image\" aria-label=\"Open Image\"\/><\/span><\/picture><\/div>\n<div class=\"sc-45461e9c-0 eqiBeF container-text text-embed \" id=\"element-body-43\">\n<p>Es una de las pel\u00edculas m\u00e1s esperadas del a\u00f1o. Brad Pitt es un expiloto de F\u00f3rmula 1 que regresa a las pistas, s\u00f3lo para darse cuenta de que su compa\u00f1ero de equipo es el adversario a vencer, o algo as\u00ed. La dirigi\u00f3 Joseph Kosinski, el de <em>Top Gun: Maverick<\/em>.<\/p>\n<\/div>\n<p><h2>M3GAN 2.0<\/h2>\n<\/p>\n<div class=\"sc-98b114a2-0 bkqiHH image-embed  image-embed \" id=\"element-body-45\"><picture class=\"sc-98b114a2-1 jRUlDm\"><source media=\"(min-width: 975px)\" width=\"720\" height=\"480\" \/><img alt=\"M3GAN vuelve al ataque...\" loading=\"lazy\" width=\"720\" height=\"480\" decoding=\"async\" data-nimg=\"1\" style=\"color:transparent\" src=\"https:\/\/13.com.ar\/wp-content\/uploads\/2025\/06\/1748943095_272_Brad-Pitt-Pixar-y-John-Wick-regresan-al-cine-los.jpg\"\/><span class=\"epigraphe\">M3GAN vuelve al ataque&#8230;<\/span><span class=\"picture-open\"><button class=\"open-image\" aria-label=\"Open Image\"\/><\/span><\/picture><\/div>\n<div class=\"sc-45461e9c-0 eqiBeF container-text text-embed \" id=\"element-body-46\">\n<p>En esta secuela del filme de terror, Gemma (Allison Williams, de <em>\u00a1Huye!<\/em>) revive a su mu\u00f1eca con Inteligencia artificial para enfrentar a Amelia, un robot militar creado por quienes robaron la tecnolog\u00eda de M3GAN. De Gerard Johnstone, que desde que estren\u00f3 la primera no hizo otra cosa que trabajar en esta pel\u00edcula.<\/p>\n<\/div>\n<\/div>\n<p><br \/>\n<br \/><a href=\"https:\/\/www.clarin.com\/espectaculos\/brad-pitt-pixar-john-wick-regresan-cine-imperdibles-junio_0_OY5UCGRdbK.html\">Fuente Clarin.com <\/a><\/p>\n","protected":false},"excerpt":{"rendered":"<p>Tal vez no sea para tirar manteca al techo, ni para ilusionarse demasiado, pero las cifras de espectadores a los cines de la Argentina tuvieron un crecimiento exponencial en el mes de mayo, m\u00e1s que nada por el estreno de Lilo y Stitch, de Disney. Y las perspectivas para este mes de junio son a\u00fan [&hellip;]<\/p>\n","protected":false},"author":1,"featured_media":30410,"comment_status":"open","ping_status":"open","sticky":false,"template":"","format":"standard","meta":{"footnotes":""},"categories":[2],"tags":[17905,4284,10059,5201,16525,28,17906,12862,12325,20076],"class_list":["post-30409","post","type-post","status-publish","format-standard","has-post-thumbnail","hentry","category-ultimas-noticias","tag-brad","tag-cine","tag-imperdibles","tag-john","tag-junio","tag-los","tag-pitt","tag-pixar","tag-regresan","tag-wick"],"_links":{"self":[{"href":"https:\/\/13.com.ar\/index.php\/wp-json\/wp\/v2\/posts\/30409","targetHints":{"allow":["GET"]}}],"collection":[{"href":"https:\/\/13.com.ar\/index.php\/wp-json\/wp\/v2\/posts"}],"about":[{"href":"https:\/\/13.com.ar\/index.php\/wp-json\/wp\/v2\/types\/post"}],"author":[{"embeddable":true,"href":"https:\/\/13.com.ar\/index.php\/wp-json\/wp\/v2\/users\/1"}],"replies":[{"embeddable":true,"href":"https:\/\/13.com.ar\/index.php\/wp-json\/wp\/v2\/comments?post=30409"}],"version-history":[{"count":0,"href":"https:\/\/13.com.ar\/index.php\/wp-json\/wp\/v2\/posts\/30409\/revisions"}],"wp:featuredmedia":[{"embeddable":true,"href":"https:\/\/13.com.ar\/index.php\/wp-json\/wp\/v2\/media\/30410"}],"wp:attachment":[{"href":"https:\/\/13.com.ar\/index.php\/wp-json\/wp\/v2\/media?parent=30409"}],"wp:term":[{"taxonomy":"category","embeddable":true,"href":"https:\/\/13.com.ar\/index.php\/wp-json\/wp\/v2\/categories?post=30409"},{"taxonomy":"post_tag","embeddable":true,"href":"https:\/\/13.com.ar\/index.php\/wp-json\/wp\/v2\/tags?post=30409"}],"curies":[{"name":"wp","href":"https:\/\/api.w.org\/{rel}","templated":true}]}}