{"id":30402,"date":"2025-06-03T05:46:34","date_gmt":"2025-06-03T08:46:34","guid":{"rendered":"https:\/\/13.com.ar\/index.php\/que-jugadores-de-la-seleccion-estan-cerca-de-cambiar-de-club-en-un-mercado-de-pases-clave-antes-del-mundial-2026\/"},"modified":"2025-06-03T05:46:34","modified_gmt":"2025-06-03T08:46:34","slug":"que-jugadores-de-la-seleccion-estan-cerca-de-cambiar-de-club-en-un-mercado-de-pases-clave-antes-del-mundial-2026","status":"publish","type":"post","link":"https:\/\/13.com.ar\/index.php\/que-jugadores-de-la-seleccion-estan-cerca-de-cambiar-de-club-en-un-mercado-de-pases-clave-antes-del-mundial-2026\/","title":{"rendered":"qu\u00e9 jugadores de la Selecci\u00f3n est\u00e1n cerca de cambiar de club en un mercado de pases clave antes del Mundial 2026"},"content":{"rendered":"<p> <br \/>\n<br \/><img decoding=\"async\" src=\"https:\/\/13.com.ar\/wp-content\/uploads\/2025\/06\/que-jugadores-de-la-Seleccion-estan-cerca-de-cambiar-de.jpg\" \/><\/p>\n<div id=\"element-body-0\">\n<p><strong>La Scaloneta<\/strong> arma las valijas. Esta semana cruzar\u00e1 la cordillera para jugar ante el desesperado <strong>Chile<\/strong> de <strong>Ricardo Gareca<\/strong> que tiene su clasificaci\u00f3n muy comprometida en las Eliminatorias Sudamericanas, pero independientemente de esto, hay varios jugadores de la Selecci\u00f3n Argentina que cambiar\u00e1n de aire en el mercado de pases que se est\u00e1 abriendo y que resultar\u00e1 clave pensando en el Mundial del a\u00f1o que viene.<\/p>\n<\/div>\n<div id=\"element-body-1\">\n<p><strong>Se viene un libro de pases trascendental<\/strong>, principalmente en Europa, de donde Lionel Scaloni cita a la mayor parte del plantel albiceleste. \u00bfPor qu\u00e9? Es que se trata de la ventana entre el final de una temporada y el comienzo de la otra, que es cuando se dan los pases m\u00e1s fuertes entre los equipos del Viejo Continente. Si bien habr\u00e1 otro mercado a fin de a\u00f1o, este es <strong>el \u00faltimo importante antes de la gran cita de Estados Unidos, M\u00e9xico y Canad\u00e1 2026<\/strong>.<\/p>\n<\/div>\n<div id=\"element-body-2\">\n<p>Las estrellas argentinas, entre ellas varios campeones del mundo en Qatar 2022, analizan con detenimiento la decisi\u00f3n sobre su futuro porque lo que hagan puede influir para bien o para mal en la convocatoria final a la pr\u00f3xima Copa del Mundo. Ya lo dijo Scaloni: <strong>&#8220;Necesito que jueguen&#8221;<\/strong>. Por eso todos saben que tener continuidad en el club en el que est\u00e9, es la clave para seguir estando en la \u00f3rbita del DT albiceleste.<\/p>\n<\/div>\n<div id=\"element-body-4\">\n<p>Todav\u00eda est\u00e1n frescas las l\u00e1grimas de <strong>Emiliano Mart\u00ednez<\/strong> en el \u00faltimo partido de local en Aston Villa por la Premier League, imagen que muchos tomaron como una despedida. Luego tuvo un \u00faltimo partido de visitante en el que fue expulsado ante una infracci\u00f3n que impidi\u00f3 una situaci\u00f3n manifiesta de gol. \u00bfHabr\u00e1 sido el final de su paso por el club ingl\u00e9s? Todo est\u00e1 dado para que as\u00ed sea, aunque por el momento no hay un destino concreto. Lo cierto es que Dibu ve bien un cambio de aire y un salto en su carrera.<\/p>\n<\/div>\n<div id=\"element-body-5\">\n<p>En Espa\u00f1a advierten sobre un seguimiento de Real Madrid a dos baluartes de la Selecci\u00f3n que han sido recientemente campeones en sus equipos. Uno es <strong>Alexis Mac Allister<\/strong>, figura en el Liverpool que se qued\u00f3 con la liga inglesa. El otro es Enzo Fern\u00e1ndez, que hizo un gol y una asistencia en la final de la Conference League que Chelsea le gan\u00f3 a Betis. Por ahora no hubo ofertas formales desde la Casa Blanca.<\/p>\n<\/div>\n<div id=\"element-body-6\">\n<p>Si se habla de Madrid no se puede dejar pasar la situaci\u00f3n de los argentinos del Atl\u00e9tico comandado por Diego Simeone. <strong>Nahuel Molina<\/strong> est\u00e1 siendo seguido por Liverpool, seg\u00fan la prensa del pa\u00eds brit\u00e1nico. Rodrigo De Paul, el Motorcito de la Scaloneta, es mirado con lupa por el Inter de Lautaro Mart\u00ednez que protagoniza la final de la Champions League junto al Paris Saint-Germain. En tanto, Juli\u00e1n Alvarez y sus goles son requeridos por varios europeos, pero en el Atleti ya avisaron que no es la idea desprenderse de \u00e9l tan pronto.<\/p>\n<\/div>\n<div id=\"element-body-8\">\n<p>Y est\u00e1 el caso de <strong>\u00c1ngel Correa<\/strong>, quien se despidi\u00f3 de manera emotiva en sus redes tras m\u00e1s de diez a\u00f1os en el club madrile\u00f1o, aunque inmediatamente la dirigencia emiti\u00f3 un comunicado oficial record\u00e1ndole que tiene contrato vigente. El ex San Lorenzo ten\u00eda todo avanzado con Tigres de M\u00e9xico y resta que lleguen a un punto en com\u00fan entre ambas instituciones. En las \u00faltimas horas, su nombre empez\u00f3 a sonar en Rosario Central.<\/p>\n<\/div>\n<div id=\"element-body-9\">\n<p>Uno que le gusta y mucho al Cholo es <strong>Cristian Romero<\/strong>, que viene de ganar la Europa League con Tottenham siendo capit\u00e1n y el mejor de la cancha en la final ante Manchester United.<\/p>\n<\/div>\n<div id=\"element-body-10\">\n<p>Precisamente, Alejandro Garnacho estall\u00f3 p\u00fablicamente luego de ese partido ya que fue suplente y jug\u00f3 apenas los \u00faltimo 20 minutos. Despu\u00e9s de la derrota por 1 a 0 en San Mam\u00e9s puso en duda su continuidad. El t\u00e9cnico, Ruben Amorim, sali\u00f3 al cruce. De todos modos, lo sum\u00f3 a la gira asi\u00e1tica en la que el Bichito volvi\u00f3 a jugar. \u00bfSe va o se queda? Por ahora, no hay ofertas sobre la mesa.<\/p>\n<\/div>\n<div id=\"element-body-11\">\n<p>Una situaci\u00f3n particular es la de Nicol\u00e1s Tagliafico, a quien se le termina el contrato en Lyon de Francia. Ya le expresaron que hay intenciones de renovarle, pero el lateral izquierdo tiene otros ofrecimientos y evaluar\u00e1 qu\u00e9 hacer para luego comunicar su decisi\u00f3n. Mismo caso corre para Nicol\u00e1s Otamendi, cuyo v\u00ednculo con Benfica caduca ahora. La entidad portuguesa busca extenderle, pero tambi\u00e9n Valencia activ\u00f3 el operativo para repatriarlo.<\/p>\n<\/div>\n<div id=\"element-body-12\">\n<p>\u00bfY Lionel Messi? El capit\u00e1n celeste y blanco continuar\u00e1 en Inter Miami al menos hasta fin de a\u00f1o, cuando caduca su v\u00ednculo. Existen negociaciones para estirar su estad\u00eda en Estados Unidos, pero por ahora no hubo avances significativos.<\/p>\n<\/div>\n<div id=\"element-body-14\">\n<p>En la previa del Mundial de Clubes, tambi\u00e9n surge la pregunta de todos los mercados: \u00bfParedes regresa a Boca?<\/p>\n<\/div>\n<div id=\"element-body-15\">\n<p>Uno que ya no es parte de la Selecci\u00f3n por elecci\u00f3n propia pero que gan\u00f3 todo con el escudo de la AFA es Angel Di Mar\u00eda, que tras el Mundial de Clubes con Benfica volver\u00e1 a Rosario Central para terminar su carrera profesional.<\/p>\n<\/div>\n<p><br \/>\n<br \/><a href=\"https:\/\/www.clarin.com\/deportes\/scaloneta-arma-valijas-jugadores-seleccion-cerca-cambiar-club-mercado-pases-clave-mundial-2026_0_gXIOt52s0J.html\">Fuente Clarin.com <\/a><\/p>\n","protected":false},"excerpt":{"rendered":"<p>La Scaloneta arma las valijas. Esta semana cruzar\u00e1 la cordillera para jugar ante el desesperado Chile de Ricardo Gareca que tiene su clasificaci\u00f3n muy comprometida en las Eliminatorias Sudamericanas, pero independientemente de esto, hay varios jugadores de la Selecci\u00f3n Argentina que cambiar\u00e1n de aire en el mercado de pases que se est\u00e1 abriendo y que [&hellip;]<\/p>\n","protected":false},"author":1,"featured_media":30403,"comment_status":"open","ping_status":"open","sticky":false,"template":"","format":"standard","meta":{"footnotes":""},"categories":[2],"tags":[733,1150,337,272,221,100,2376,7466,1955,1612,4840,286,2703],"class_list":["post-30402","post","type-post","status-publish","format-standard","has-post-thumbnail","hentry","category-ultimas-noticias","tag-antes","tag-cambiar","tag-cerca","tag-clave","tag-club","tag-del","tag-estan","tag-jugadores","tag-mercado","tag-mundial","tag-pases","tag-que","tag-seleccion"],"_links":{"self":[{"href":"https:\/\/13.com.ar\/index.php\/wp-json\/wp\/v2\/posts\/30402","targetHints":{"allow":["GET"]}}],"collection":[{"href":"https:\/\/13.com.ar\/index.php\/wp-json\/wp\/v2\/posts"}],"about":[{"href":"https:\/\/13.com.ar\/index.php\/wp-json\/wp\/v2\/types\/post"}],"author":[{"embeddable":true,"href":"https:\/\/13.com.ar\/index.php\/wp-json\/wp\/v2\/users\/1"}],"replies":[{"embeddable":true,"href":"https:\/\/13.com.ar\/index.php\/wp-json\/wp\/v2\/comments?post=30402"}],"version-history":[{"count":0,"href":"https:\/\/13.com.ar\/index.php\/wp-json\/wp\/v2\/posts\/30402\/revisions"}],"wp:featuredmedia":[{"embeddable":true,"href":"https:\/\/13.com.ar\/index.php\/wp-json\/wp\/v2\/media\/30403"}],"wp:attachment":[{"href":"https:\/\/13.com.ar\/index.php\/wp-json\/wp\/v2\/media?parent=30402"}],"wp:term":[{"taxonomy":"category","embeddable":true,"href":"https:\/\/13.com.ar\/index.php\/wp-json\/wp\/v2\/categories?post=30402"},{"taxonomy":"post_tag","embeddable":true,"href":"https:\/\/13.com.ar\/index.php\/wp-json\/wp\/v2\/tags?post=30402"}],"curies":[{"name":"wp","href":"https:\/\/api.w.org\/{rel}","templated":true}]}}