{"id":30396,"date":"2025-06-03T04:52:30","date_gmt":"2025-06-03T07:52:30","guid":{"rendered":"https:\/\/13.com.ar\/index.php\/tres-personas-que-viajaban-desde-cordoba-hacia-santiago-del-estero-murieron-en-un-vuelco-en-la-ruta-9\/"},"modified":"2025-06-03T04:52:30","modified_gmt":"2025-06-03T07:52:30","slug":"tres-personas-que-viajaban-desde-cordoba-hacia-santiago-del-estero-murieron-en-un-vuelco-en-la-ruta-9","status":"publish","type":"post","link":"https:\/\/13.com.ar\/index.php\/tres-personas-que-viajaban-desde-cordoba-hacia-santiago-del-estero-murieron-en-un-vuelco-en-la-ruta-9\/","title":{"rendered":"Tres personas que viajaban desde C\u00f3rdoba hacia Santiago del Estero murieron en un vuelco en la ruta 9"},"content":{"rendered":"<p> <br \/>\n<br \/><img decoding=\"async\" src=\"https:\/\/13.com.ar\/wp-content\/uploads\/2025\/06\/Tres-personas-que-viajaban-desde-Cordoba-hacia-Santiago-del-Estero.jpg\" \/><\/p>\n<div id=\"element-body-0\">\n<p><strong>Tres personas murieron<\/strong> y otra result\u00f3 herida este lunes cuando <strong>el veh\u00edculo que los trasladaba volc\u00f3<\/strong> en la ruta nacional 9, casi en el l\u00edmite entre las provincias de C\u00f3rdoba y Santiago del Estero.<\/p>\n<\/div>\n<div id=\"element-body-1\">\n<p>El incidente de tr\u00e1nsito ocurri\u00f3, en espec\u00edfico, pasadas las 11 de la ma\u00f1ana en el kil\u00f3metro 921 de ese camino, en la zona del paraje Puente La Primavera, <strong>cerca de la localidad de Ojo de Agua<\/strong>, donde por causas que se investigan un Mercedes Benz gris <strong>se sali\u00f3 de control<\/strong> cuando viajaba en direcci\u00f3n hacia el norte y<strong> dio varios tumbos.<\/strong><\/p>\n<\/div>\n<div id=\"element-body-2\">\n<p>Producto de la violencia del episodio, perdieron la vida Presentaci\u00f3n L\u00f3pez (90 a\u00f1os), Carmen L\u00f3pez (87) y Edelmiro Andr\u00e9s El\u00edas (81). Uno de ellos, seg\u00fan informaron medio locales, incluso sali\u00f3 despedido del auto y qued\u00f3 tendido a varios metros.<\/p>\n<\/div>\n<div id=\"element-body-3\">\n<p>Por su parte, Ernesto Andr\u00e9s El\u00edas, de 53 a\u00f1os, hijo de Edelmiro y con domicilio en la ciudad de C\u00f3rdoba al igual que el resto, pudo ser rescatado con vida y fue trasladado de urgencia hacia un hospital local y qued\u00f3 internado en observaci\u00f3n. Era quien manejaba el veh\u00edculo.<\/p>\n<\/div>\n<div id=\"element-body-4\">\n<p>Peritos de Criminal\u00edstica y personal de la Polic\u00eda santiague\u00f1a se acercaron hasta el lugar del accidente para efectuar los trabajos correspondientes.<\/p>\n<\/div>\n<div id=\"element-body-5\">\n<p>El motivo por el cual el auto sali\u00f3 de la cinta asf\u00e1ltica y dio varios tumbos antes de quedar con las ruedas para arriba era materia de investigaci\u00f3n. Las autoridades no descartaban ninguna de las principales hip\u00f3tesis, como <strong>una falla mec\u00e1nica o un error humano<\/strong>.<\/p>\n<\/div>\n<div id=\"element-body-6\">\n<p>Hace poco menos de tres meses, en la misma ruta 9, pero en el kil\u00f3metro 813 entre San Jos\u00e9 de la Dormida y Simbolar, en C\u00f3rdoba, chocaron de manera frontal un auto y un micro tur\u00edstico y tres personas murieron y otras tres resultaron heridas.<\/p>\n<\/div>\n<div id=\"element-body-7\">\n<p>El incidente lo protagonizaron el micro de la empresa Turismo Delicia SRL y un Fiat Cronos en el que viajaban cinco personas.<\/p>\n<\/div>\n<div id=\"element-body-8\">\n<p>La violencia del impacto fue tal que cada veh\u00edculo termin\u00f3 en lados distintos de la banquina. De hecho, el auto qued\u00f3 totalmente irreconocible.<\/p>\n<\/div>\n<p><br \/>\n<br \/><a href=\"https:\/\/www.clarin.com\/sociedad\/personas-viajaban-cordoba-santiago-estero-murieron-vuelco-ruta-9_0_lsdP1ZL6m7.html\">Fuente Clarin.com <\/a><\/p>\n","protected":false},"excerpt":{"rendered":"<p>Tres personas murieron y otra result\u00f3 herida este lunes cuando el veh\u00edculo que los trasladaba volc\u00f3 en la ruta nacional 9, casi en el l\u00edmite entre las provincias de C\u00f3rdoba y Santiago del Estero. El incidente de tr\u00e1nsito ocurri\u00f3, en espec\u00edfico, pasadas las 11 de la ma\u00f1ana en el kil\u00f3metro 921 de ese camino, en [&hellip;]<\/p>\n","protected":false},"author":1,"featured_media":30397,"comment_status":"open","ping_status":"open","sticky":false,"template":"","format":"standard","meta":{"footnotes":""},"categories":[2],"tags":[572,100,2184,6374,360,1787,2125,493,414,434,10549,20070],"class_list":["post-30396","post","type-post","status-publish","format-standard","has-post-thumbnail","hentry","category-ultimas-noticias","tag-cordoba","tag-del","tag-desde","tag-estero","tag-hacia","tag-murieron","tag-personas","tag-ruta","tag-santiago","tag-tres","tag-viajaban","tag-vuelco"],"_links":{"self":[{"href":"https:\/\/13.com.ar\/index.php\/wp-json\/wp\/v2\/posts\/30396","targetHints":{"allow":["GET"]}}],"collection":[{"href":"https:\/\/13.com.ar\/index.php\/wp-json\/wp\/v2\/posts"}],"about":[{"href":"https:\/\/13.com.ar\/index.php\/wp-json\/wp\/v2\/types\/post"}],"author":[{"embeddable":true,"href":"https:\/\/13.com.ar\/index.php\/wp-json\/wp\/v2\/users\/1"}],"replies":[{"embeddable":true,"href":"https:\/\/13.com.ar\/index.php\/wp-json\/wp\/v2\/comments?post=30396"}],"version-history":[{"count":0,"href":"https:\/\/13.com.ar\/index.php\/wp-json\/wp\/v2\/posts\/30396\/revisions"}],"wp:featuredmedia":[{"embeddable":true,"href":"https:\/\/13.com.ar\/index.php\/wp-json\/wp\/v2\/media\/30397"}],"wp:attachment":[{"href":"https:\/\/13.com.ar\/index.php\/wp-json\/wp\/v2\/media?parent=30396"}],"wp:term":[{"taxonomy":"category","embeddable":true,"href":"https:\/\/13.com.ar\/index.php\/wp-json\/wp\/v2\/categories?post=30396"},{"taxonomy":"post_tag","embeddable":true,"href":"https:\/\/13.com.ar\/index.php\/wp-json\/wp\/v2\/tags?post=30396"}],"curies":[{"name":"wp","href":"https:\/\/api.w.org\/{rel}","templated":true}]}}