{"id":30393,"date":"2025-06-03T01:46:28","date_gmt":"2025-06-03T04:46:28","guid":{"rendered":"https:\/\/13.com.ar\/index.php\/las-dos-preguntas-picantes-que-le-lanzo-el-nene-libertario\/"},"modified":"2025-06-03T01:46:28","modified_gmt":"2025-06-03T04:46:28","slug":"las-dos-preguntas-picantes-que-le-lanzo-el-nene-libertario","status":"publish","type":"post","link":"https:\/\/13.com.ar\/index.php\/las-dos-preguntas-picantes-que-le-lanzo-el-nene-libertario\/","title":{"rendered":"las dos preguntas picantes que le lanz\u00f3 \u201cel nene libertario\u201d"},"content":{"rendered":"<p> <br \/>\n<br \/><img decoding=\"async\" src=\"https:\/\/13.com.ar\/wp-content\/uploads\/2025\/06\/las-dos-preguntas-picantes-que-le-lanzo-el-nene-libertario.jpg\" \/><\/p>\n<div id=\"element-body-0\">\n<p><strong>Javier Milei<\/strong> volvi\u00f3 a <strong>recibir en la Casa Rosada a Pedrito, el nene de 10 a\u00f1os<\/strong> que conoci\u00f3 al Presidente en abril pasado cuando fue a presenciar el acto central de homenaje a los h\u00e9roes de Malvinas. En esa oportunidad, el ni\u00f1o llor\u00f3, salud\u00f3 desde el balc\u00f3n y hasta asegur\u00f3 que le gustar\u00eda ser ministro de Econom\u00eda. Esta vez, en tanto, le lanz\u00f3 al mandatario argentino <strong>dos preguntas picantes<\/strong>.<\/p>\n<\/div>\n<div id=\"element-body-1\">\n<p>\u201cAhora nos recibe el Presidente. \u00bfEst\u00e1s listo, Pedrito?\u201d, le pregunt\u00f3 al nene <strong>Roberto Funes Ugarte<\/strong>, quien al igual que en aquella ocasi\u00f3n promovi\u00f3 este nuevo encuentro. Ambos caminaban juntos antes de ingresar de la casa de gobierno, delante de la madre del ni\u00f1o.<\/p>\n<\/div>\n<div id=\"element-body-2\">\n<p>Luego, en otro de los videos que el periodista subi\u00f3 a su <em>Instagram<\/em>, ya se ve el ingreso del peque\u00f1o Pedro al despacho presidencial. <strong>\u201c\u00bfQu\u00e9 hac\u00e9s, Pedro? \u00bfQu\u00e9 cont\u00e1s de bueno?<\/strong>\u201d, lo recibi\u00f3 Milei. Y agreg\u00f3: \u201cYo te dije que te iba a regalar un libro. Te sugiero leerlos en ese orden\u201d.<\/p>\n<\/div>\n<div id=\"element-body-3\">\n<p>En ese momento, Funes Ugarte le pidi\u00f3 que le cuente lo que hab\u00edan hablado previamente en el auto, mientras se dirig\u00edan a la Casa Rosada. Y <strong>Pedrito dispar\u00f3. \u201c\u00bfQu\u00e9 pas\u00f3 que no saludaste a (Victoria) Villarruel y a (Jorge) Macri?\u201d<\/strong>, le pregunt\u00f3 al Presidente, en referencia a lo ocurrido durante el Tedeum por el 25 de mayo, cuando no salud\u00f3 ni a la vicepresidenta ni tampoco al jefe de Gobierno porte\u00f1o.<\/p>\n<\/div>\n<div id=\"element-body-4\">\n<p>\u201c\u00bfSab\u00e9s lo que respondi\u00f3 \u00e9l?\u201d, le dijo Funes Ugarte a Milei, quien intent\u00f3 adivinar. \u201cRoma no paga traidores\u201d, dijo, parafrase\u00e1ndose a s\u00ed mismo. \u201cNo, no, lo que dijo fue maravilloso\u201d, intervino la madre del chico.<\/p>\n<\/div>\n<div id=\"element-body-5\">\n<p><strong>\u201cD\u00e9jenlo a Milei ser Milei\u201d<\/strong>, afirm\u00f3 Pedrito, quien fue retribuido con un abrazo del Presidente.<\/p>\n<\/div>\n<div id=\"element-body-6\">\n<p>En otro video, despu\u00e9s de que Milei se explayara sobre temas referidos a su gesti\u00f3n y que marcara como logros el descenso de la pobreza y la inflaci\u00f3n, y el crecimiento de la econom\u00eda, el nene le realiz\u00f3 <strong>\u201cla pregunta del mill\u00f3n\u201d<\/strong>. <strong>\u201c\u00bfTe vas a postular cuando termine tu mandato?\u201d<\/strong>, inquiri\u00f3.<\/p>\n<\/div>\n<div id=\"element-body-7\">\n<p>\u201c<strong>Si las condiciones lo ameritan, lo har\u00e9<\/strong>. Igual, en el fondo, la reelecci\u00f3n va a depender de la gente, no de m\u00ed. Eso s\u00ed, si soy reelecto, despu\u00e9s del 31 no me van a ver m\u00e1s. Me voy a encerrar en un campo con mis perros, a escribir, a leer y solo saldr\u00e9 para dar conferencias\u201d, advirti\u00f3 el mandatario.<\/p>\n<\/div>\n<div id=\"element-body-8\">\n<div class=\"sc-c2c2a3c6-1 kQhBlc videoText videoText\">\n<h2>Video<\/h2>\n<p>Javier Milei recibi\u00f3 a Pedrito \u201cel nene libertario\u201d en la Casa Rosada, salieron a saludar al balc\u00f3n y no pudo contener el llanto<\/p>\n<\/div>\n<\/div>\n<div id=\"element-body-9\">\n<p>El primer encuentro entre el Presidente y el denominado <strong>&#8220;nene libertario\u201d<\/strong> tuvo lugar el pasado 2 de abril. Fue despu\u00e9s de brindar una entrevista en <em>Telef\u00e9 <\/em>en el acto central de homenaje a los h\u00e9roes de Malvinas llevado a cabo en Retiro, donde expres\u00f3 su admiraci\u00f3n por Milei y sus deseos de conocerlo en persona.<\/p>\n<\/div>\n<div id=\"element-body-10\">\n<p>Poco despu\u00e9s se cumpli\u00f3 ese anhelo. El nene llor\u00f3 al abrazarlo y le dijo que era \u201cun sue\u00f1o\u201d estar con \u00e9l. En presencia de su hermana, Karina Milei, y tambi\u00e9n de Funes Ugarte, el nene le dijo que quer\u00eda ser economista y hasta pos\u00f3 con una motosierra, uno de los emblemas de la gesti\u00f3n del mandatario.<\/p>\n<\/div>\n<p><br \/>\n<br \/><a href=\"https:\/\/www.clarin.com\/politica\/javier-milei-reencontro-pedrito-casa-rosada-preguntas-picantes-lanzo-nene-libertario_0_6y46NQadUU.html\">Fuente Clarin.com <\/a><\/p>\n","protected":false},"excerpt":{"rendered":"<p>Javier Milei volvi\u00f3 a recibir en la Casa Rosada a Pedrito, el nene de 10 a\u00f1os que conoci\u00f3 al Presidente en abril pasado cuando fue a presenciar el acto central de homenaje a los h\u00e9roes de Malvinas. En esa oportunidad, el ni\u00f1o llor\u00f3, salud\u00f3 desde el balc\u00f3n y hasta asegur\u00f3 que le gustar\u00eda ser ministro [&hellip;]<\/p>\n","protected":false},"author":1,"featured_media":30394,"comment_status":"open","ping_status":"open","sticky":false,"template":"","format":"standard","meta":{"footnotes":""},"categories":[2],"tags":[59,883,48,9231,1502,8972,69],"class_list":["post-30393","post","type-post","status-publish","format-standard","has-post-thumbnail","hentry","category-ultimas-noticias","tag-dos","tag-lanzo","tag-las","tag-libertario","tag-nene","tag-picantes","tag-preguntas"],"_links":{"self":[{"href":"https:\/\/13.com.ar\/index.php\/wp-json\/wp\/v2\/posts\/30393","targetHints":{"allow":["GET"]}}],"collection":[{"href":"https:\/\/13.com.ar\/index.php\/wp-json\/wp\/v2\/posts"}],"about":[{"href":"https:\/\/13.com.ar\/index.php\/wp-json\/wp\/v2\/types\/post"}],"author":[{"embeddable":true,"href":"https:\/\/13.com.ar\/index.php\/wp-json\/wp\/v2\/users\/1"}],"replies":[{"embeddable":true,"href":"https:\/\/13.com.ar\/index.php\/wp-json\/wp\/v2\/comments?post=30393"}],"version-history":[{"count":0,"href":"https:\/\/13.com.ar\/index.php\/wp-json\/wp\/v2\/posts\/30393\/revisions"}],"wp:featuredmedia":[{"embeddable":true,"href":"https:\/\/13.com.ar\/index.php\/wp-json\/wp\/v2\/media\/30394"}],"wp:attachment":[{"href":"https:\/\/13.com.ar\/index.php\/wp-json\/wp\/v2\/media?parent=30393"}],"wp:term":[{"taxonomy":"category","embeddable":true,"href":"https:\/\/13.com.ar\/index.php\/wp-json\/wp\/v2\/categories?post=30393"},{"taxonomy":"post_tag","embeddable":true,"href":"https:\/\/13.com.ar\/index.php\/wp-json\/wp\/v2\/tags?post=30393"}],"curies":[{"name":"wp","href":"https:\/\/api.w.org\/{rel}","templated":true}]}}