{"id":30391,"date":"2025-06-03T01:25:29","date_gmt":"2025-06-03T04:25:29","guid":{"rendered":"https:\/\/13.com.ar\/index.php\/el-sentido-comun-el-mas-comun-de-los-sentidos\/"},"modified":"2025-06-03T01:25:29","modified_gmt":"2025-06-03T04:25:29","slug":"el-sentido-comun-el-mas-comun-de-los-sentidos","status":"publish","type":"post","link":"https:\/\/13.com.ar\/index.php\/el-sentido-comun-el-mas-comun-de-los-sentidos\/","title":{"rendered":"El sentido com\u00fan, el m\u00e1s com\u00fan de los sentidos"},"content":{"rendered":"<p> <br \/>\n<br \/><img decoding=\"async\" src=\"https:\/\/13.com.ar\/wp-content\/uploads\/2025\/06\/El-sentido-comun-el-mas-comun-de-los-sentidos.jpg\" \/><\/p>\n<div id=\"element-body-0\">\n<p>Con asombro le\u00ed en Clar\u00edn que altos funcionarios de nuestro pa\u00eds, en vez de conseguir que la grieta se cierre, aumentan su dimensi\u00f3n. Un alto dirigente debe, adem\u00e1s de ser eficaz, mostrar que no s\u00f3lo conoce c\u00f3mo gestionar una empresa, sino que en todo momento se muestra conciliador. Que adem\u00e1s de su inteligencia y saber, sabe c\u00f3mo apaciguar los momentos y traer paz para encarar los problemas que existan.<\/p>\n<\/div>\n<div id=\"element-body-1\">\n<p>Deber\u00edan tener sensibilidad, adem\u00e1s, para asistir a los m\u00e1s necesitados. \u00bfO acaso se ha solucionado la pobreza en nuestro pa\u00eds? Basta caminar no solo en Buenos Aires para ver gente que duerme en la calle. Cada vez hay m\u00e1s gente en la calle, que viven humildemente, sintiendo que no son o\u00eddos ni ayudados a salir de esa situaci\u00f3n; si no fuera por la solidaridad de la gente, \u00bfqu\u00e9 ser\u00eda de ellos?<\/p>\n<\/div>\n<div id=\"element-body-2\">\n<p>La educaci\u00f3n que no se obtiene en ninguna universidad que se deber\u00eda ense\u00f1ar como materia indispensable para una persona, se adquiere en el hogar, con ejemplos. La urbanidad, esa parte de cada uno que se debe aplicar y ense\u00f1ar, desde peque\u00f1os: ayudar a otro, acompa\u00f1ar a cruzar una calle, respetar al pr\u00f3jimo y demostrar la buena educaci\u00f3n. No s\u00f3lo el gesto ampl\u00eda y completa el conocimiento, sino que aumenta el valor de una persona. Es mucho m\u00e1s: ser educado vale m\u00e1s que un t\u00edtulo universitario.<\/p>\n<\/div>\n<div id=\"element-body-3\">\n<p>Los libros ense\u00f1an mucho. Internet tambi\u00e9n. Y nada cuesta guiarse por ello, para ser mejores personas. Tambi\u00e9n en toda las religiones, el odio y la mala educaci\u00f3n, no suma, sino que resta.<\/p>\n<\/div>\n<div id=\"element-body-4\">\n<p>Todos nuestros pr\u00f3ceres nos han dejado grandes ense\u00f1anzas. Sarmiento, que ten\u00eda enemigos, los combat\u00eda con la educaci\u00f3n. San Mart\u00edn, con el ejemplo y su gran calidad como persona. No hay que dejar de votar. Para que alg\u00fan d\u00eda las urnas nos traiga una persona, un pol\u00edtico, que adem\u00e1s de su saber, que de verdad busque, como misi\u00f3n, la soluci\u00f3n de nuestros problemas m\u00e1s arraigados. Y si viajan al exterior, alguna vez, a los pa\u00edses de Europa del norte, traten de imitarlos en lo que respecta a c\u00f3mo hicieron para tener un pa\u00eds ecol\u00f3gico, sin casi pobres y con sentido com\u00fan, el m\u00e1s com\u00fan de los sentidos.<\/p>\n<\/div>\n<div id=\"element-body-5\">\n<p><strong>Lydia Beatriz Rebagliatti <\/strong>lydiabeatrizrebagliatti7@gmail.com<\/p>\n<\/div>\n<div id=\"element-body-9\">\n<p>Resulta extra\u00f1o que el Hospital Garrahan -reconocido mundialmente- se encuentre en el medio de una controversia salarial, incluso que la ministra Patricia Bullrich salga a pedir paciencia a los m\u00e9dicos. Profesionales que se quemaron las pesta\u00f1as por una vocaci\u00f3n que los hace dignos de un salario adecuado por su exclusiva dedicaci\u00f3n de salvar la vida de los ni\u00f1os. Para el Gobierno, ellos y adultos mayores son una franja etaria improductiva, nadie de los que manejan la econom\u00eda los considera con tal que cierre la macro. Si hay \u201c\u00f1oquis\u201d no deber\u00edan demorar m\u00e1s de 72 horas en resolverlo, no se puede generalizar para instalar en la sociedad que el reclamo salarial al igual que el de los pasivos impide el buen funcionamiento de la econom\u00eda. La insensibilidad puesta de manifiesto es demasiada.<\/p>\n<\/div>\n<div id=\"element-body-10\">\n<p><strong>Roberto Rub\u00e9n S\u00e1nchez <\/strong>sanchezroberto03@yahoo.com.ar<\/p>\n<\/div>\n<div id=\"element-body-12\">\n<p>Parece que el presidente Javier Milei en la materia \u201cDesinflemos la inflaci\u00f3n\u201d ha sacado excelentes notas. Aunque en \u201cRespeto por las instituciones\u201d, apenas alcanz\u00f3 con un cuatro. Pero para aprobar la pasant\u00eda debe tener todas las materias aprobadas y le recuerdo que en \u201cConducta\u201d ya lleva aplazados varios trimestres. No le queda bien unir su voz al de un \u201cgordo\u201d rebelde o lo que quiz\u00e1s fue mucho peor, recorrer un escenario como un desaforado por haber aprobado apenas un Tallercito.  Fui profesor titular de Nivel Medio por 39 a\u00f1os y rector de un colegio, y s\u00e9 muy bien de lo que le hablo. Suponiendo que un d\u00eda se \u201cencuentre\u201d con Alberdi, no creo que le alcance al decirle que fueron locuras de juventud lo de estos tiempos: ya est\u00e1 mayorcito para estos desatinos. Adem\u00e1s, recuerde que una de las bolillas de la materia \u201cConducta\u201d dice \u201cRespeto por y aval a los periodistas\u201d: en esto creo se est\u00e1 gestando citar a su pap\u00e1 porque la cosa es grave.<\/p>\n<\/div>\n<div id=\"element-body-13\">\n<p><strong>Prof. Dr. H\u00e9ctor Cuadrado <\/strong>hectorcuadrado@yahoo.com<\/p>\n<\/div>\n<div id=\"element-body-15\">\n<p>Leo un art\u00edculo que da como ejemplo a un ni\u00f1o con autismo pero de alto funcionamiento. Ning\u00fan autista es igual a otro. El autismo no es una discapacidad visible. El autista no tiene rasgos f\u00edsicos que delaten a quien lo padece. Diego Spagnuolo, director de la ANDIS, dice que las personas con discapacidad deben trabajar. \u00bfQu\u00e9 porcentaje de personas en edad de trabajar diagnosticadas con autismo son independientes y capaces de atender a alguien que le explica su trabajo? \u00bfY de levantarse para ir a cumplir con la rutina? \u00bfDe entender el significado de \u201cresponsabilidad\u201d? Spagnuolo no parece conocer demasiadas personas con autismo dentro del espectro. Personas con lenguaje, sin lenguaje, que no hacen contacto visual, que no atienden lo que uno les dice, que no comparten, que quieren hacer lo que quieren cuando quieren. Estoy de acuerdo con Spagnuolo en que la familia de un ni\u00f1o autista debe pagar peaje, pero tambi\u00e9n entiendo que tienen muchos m\u00e1s gastos que otra familia cualquiera y deben recibir substancial -y duradera- ayuda del Estado. El autismo no se va, no es como la gripe.<\/p>\n<\/div>\n<div id=\"element-body-16\">\n<p><strong>Alicia I Halberstein<\/strong> aliciaihalb@aol.com<\/p>\n<\/div>\n<div id=\"element-body-18\">\n<p>No soy hincha de Platense. Tampoco habito en Saavedra, barrio que lo vio nacer en 1905. Sin embargo, como amante del f\u00fatbol, no puedo menos que celebrar el t\u00edtulo que el Calamar ahora ostenta. La centenaria instituci\u00f3n no necesitaba de semejante lauro (primera estrella de su historia) para seguir siendo respetada por los grandes. No obstante, resulta innegable que acaba de librarse de un largo estigma y que ha pasado a formar parte de la \u00e9lite de los consagrados. Para llegar a esta feliz instancia y levantar la copa en Santiago del Estero, equipos de la talla de Racing, River, San Lorenzo y Hurac\u00e1n fueron superados por el club marr\u00f3n. Por eso, Platense festeja. Lo merece.<\/p>\n<\/div>\n<div id=\"element-body-19\">\n<p><strong>Alejandro De Muro <\/strong>demuroalejandro4@gmail.com<\/p>\n<\/div>\n<p><br \/>\n<br \/><a href=\"https:\/\/www.clarin.com\/cartas-al-pais\/sentido-comun-comun-sentidos_0_5yrDNwiIHj.html\">Fuente Clarin.com <\/a><\/p>\n","protected":false},"excerpt":{"rendered":"<p>Con asombro le\u00ed en Clar\u00edn que altos funcionarios de nuestro pa\u00eds, en vez de conseguir que la grieta se cierre, aumentan su dimensi\u00f3n. Un alto dirigente debe, adem\u00e1s de ser eficaz, mostrar que no s\u00f3lo conoce c\u00f3mo gestionar una empresa, sino que en todo momento se muestra conciliador. Que adem\u00e1s de su inteligencia y saber, [&hellip;]<\/p>\n","protected":false},"author":1,"featured_media":30392,"comment_status":"open","ping_status":"open","sticky":false,"template":"","format":"standard","meta":{"footnotes":""},"categories":[2],"tags":[4452,28,155,10105,7895],"class_list":["post-30391","post","type-post","status-publish","format-standard","has-post-thumbnail","hentry","category-ultimas-noticias","tag-comun","tag-los","tag-mas","tag-sentido","tag-sentidos"],"_links":{"self":[{"href":"https:\/\/13.com.ar\/index.php\/wp-json\/wp\/v2\/posts\/30391","targetHints":{"allow":["GET"]}}],"collection":[{"href":"https:\/\/13.com.ar\/index.php\/wp-json\/wp\/v2\/posts"}],"about":[{"href":"https:\/\/13.com.ar\/index.php\/wp-json\/wp\/v2\/types\/post"}],"author":[{"embeddable":true,"href":"https:\/\/13.com.ar\/index.php\/wp-json\/wp\/v2\/users\/1"}],"replies":[{"embeddable":true,"href":"https:\/\/13.com.ar\/index.php\/wp-json\/wp\/v2\/comments?post=30391"}],"version-history":[{"count":0,"href":"https:\/\/13.com.ar\/index.php\/wp-json\/wp\/v2\/posts\/30391\/revisions"}],"wp:featuredmedia":[{"embeddable":true,"href":"https:\/\/13.com.ar\/index.php\/wp-json\/wp\/v2\/media\/30392"}],"wp:attachment":[{"href":"https:\/\/13.com.ar\/index.php\/wp-json\/wp\/v2\/media?parent=30391"}],"wp:term":[{"taxonomy":"category","embeddable":true,"href":"https:\/\/13.com.ar\/index.php\/wp-json\/wp\/v2\/categories?post=30391"},{"taxonomy":"post_tag","embeddable":true,"href":"https:\/\/13.com.ar\/index.php\/wp-json\/wp\/v2\/tags?post=30391"}],"curies":[{"name":"wp","href":"https:\/\/api.w.org\/{rel}","templated":true}]}}