{"id":30383,"date":"2025-06-02T22:55:30","date_gmt":"2025-06-03T01:55:30","guid":{"rendered":"https:\/\/13.com.ar\/index.php\/la-primera-reaccion-de-javier-milei-luego-de-que-cristina-kirchner-confirmara-que-sera-candidata-bonaerense\/"},"modified":"2025-06-02T22:55:30","modified_gmt":"2025-06-03T01:55:30","slug":"la-primera-reaccion-de-javier-milei-luego-de-que-cristina-kirchner-confirmara-que-sera-candidata-bonaerense","status":"publish","type":"post","link":"https:\/\/13.com.ar\/index.php\/la-primera-reaccion-de-javier-milei-luego-de-que-cristina-kirchner-confirmara-que-sera-candidata-bonaerense\/","title":{"rendered":"La primera reacci\u00f3n de Javier Milei luego de que Cristina Kirchner confirmara que ser\u00e1 candidata bonaerense"},"content":{"rendered":"<p> <br \/>\n<br \/><img decoding=\"async\" src=\"https:\/\/13.com.ar\/wp-content\/uploads\/2025\/05\/la-Iglesia-y-un-mensaje-duro-y-contundente-que-apunto.jpg\" \/><\/p>\n<div id=\"element-body-0\">\n<p>Javier Milei se pronunci\u00f3 luego de que <strong>Cristina Kirchne<\/strong>r confirmara este lunes por la noche que ser\u00e1 candidata a diputada provincial por la tercera secci\u00f3n electoral de la provincia de Buenos Aires. Lo hizo de modo indirecto, como es costumbre en \u00e9l, <strong>compartiendo mensajes de terceros en la plataforma X<\/strong> donde sostienen, entre otras cosas, que la ex vicepresidenta <strong>&#8220;arrug\u00f3&#8221;<\/strong> a presentarse para diputada nacional.<\/p>\n<\/div>\n<div id=\"element-body-1\">\n<p>Por un lado, el Presidente comparti\u00f3 la reflexi\u00f3n del periodistas Esteban Trebucq, que habl\u00f3 durante su programa en la se\u00f1al de <em>LN+. <\/em><\/p>\n<\/div>\n<div id=\"element-body-2\">\n<p>&#8220;Mi lectura es que <strong>Cristina arrug\u00f3 a jugar la grande<\/strong>. Arrug\u00f3 a ser candidata a presidenta y lo puso Alberto (Fern\u00e1ndez) porque perd\u00eda y ahora<strong> sabe que pierde a diputada nacional <\/strong>y va a ser legisladora por la provincia de Buenos Aires&#8221;, reflexiona el periodista en el mensaje que comparte Milei en su cuenta de X.<\/p>\n<\/div>\n<div id=\"element-body-3\">\n<p>&#8220;Si Cristina fuese tan buena y tuviese tanta potencia electoral hoy ser\u00eda potencial candidata a presidenta y no puede ser ni candidata a diputada nacional&#8221;, es otra de las reflexiones de Trebucq a las que adhiri\u00f3 el mandatario.<\/p>\n<\/div>\n<div id=\"element-body-5\">\n<p>Otro de los mensajes que comparti\u00f3 Milei surge de la cuenta oficialista <strong>@MileiImperator.<\/strong> &#8220;Vamos a ganar la provincia de Buenos Aires y no hay nada que puedan hacer para alterar el curso de los acontecimientos. Me prepar\u00e9 toda la vida para ver c\u00f3mo le ponemos el \u00faltimo clavo al caj\u00f3n del kirchnerismo con CFK adentro&#8221;, indica el mensaje junto a una fotograf\u00eda generada con IA de un le\u00f3n con una remera violeta. <\/p>\n<\/div>\n<div id=\"element-body-6\">\n<p>La ex vicepresidenta Cristina Kirchner confirm\u00f3 que ser\u00e1 candidata a diputada provincial por la tercera secci\u00f3n electoral de la provincia de Buenos Aires en las elecciones del 7 de septiembre.<\/p>\n<\/div>\n<div id=\"element-body-8\">\n<p>Cristina brind\u00f3 una entrevista este lunes al canal <em>C5N<\/em> donde revel\u00f3, finalmente, que competir\u00e1 en los comicios bonaerenses. &#8220;\u00bfAlguien concibe que<strong> si al peronismo no le va bien en septiembre,<\/strong> en el basti\u00f3n del peronismo, <strong>nos puede ir bien en octubre?<\/strong>&#8220;, se pregunt\u00f3.<\/p>\n<\/div>\n<div id=\"element-body-9\">\n<p>&#8220;\u00bfAlguien pens\u00f3 que si nos va mal en septiembre esto puede irradiar, no solamente a las elecciones bonaerenses en octubre, sino a todo el pa\u00eds?&#8221;, insisti\u00f3 como forma de justificar su elecci\u00f3n de competir en tierras de Axel Kicillof, en momentos en que el gobernador y La C\u00e1mpora definen si compiten juntos o separado.<\/p>\n<\/div>\n<div id=\"element-body-10\">\n<p>Quien tambi\u00e9n se refiri\u00f3 a la postulaci\u00f3n de Cristina Kirchner fue el diputado y posible candidato de La Libertad Avanza en la provincia, <strong>Jos\u00e9 Luis Espert<\/strong>. El libertario se enter\u00f3 en vivo durante una entrevista en otro canal que no se cruzar\u00eda en las elecciones de este a\u00f1o con la expresidenta y se lament\u00f3 al respecto. El fragmento de la reacci\u00f3n fue compartido por Milei.<\/p>\n<\/div>\n<div id=\"element-body-11\">\n<p>&#8220;Me encantar\u00eda enfrentarla. Ser\u00eda muy importante para las ideas de la libertad que defendemos los que estamos en La Libertad Avanza <strong>que la cara de la derrota en octubre en la elecci\u00f3n nacional sea<\/strong> <strong>Cristina Kirchner<\/strong>, pero ante todo para mi la justicia&#8221;, afirm\u00f3 y a continuaci\u00f3n carg\u00f3 directamente contra la expresidenta: &#8220;Es una <strong>chorra mald\u00edta Cristina Kirchner,<\/strong> es una muy mala persona, es lo peor que le pas\u00f3 en pol\u00edtica a la Argentina; es el kirchnerismo y el finado de su marido, <strong>dos excrementos como personas<\/strong>&#8220;, afirm\u00f3.<\/p>\n<\/div>\n<div id=\"element-body-12\">\n<p>Espert defini\u00f3 adem\u00e1s la gesti\u00f3n del kirchnerismo en la Argentina y en la provincia de Buenos Aires como <strong>&#8220;un verdadero genocidio econ\u00f3mico y sociocultural&#8221;<\/strong>.<\/p>\n<\/div>\n<div id=\"element-body-13\">\n<p>&#8220;Lamento no poder clavarle el \u00faltimo clavo al ata\u00fad del kirchnerismo con Cristina adentro, pero la justicia est\u00e1 ante todo, as\u00ed que ojal\u00e1 que sea condenada ya y que no pueda competir&#8221;, cerr\u00f3 el libertario.<\/p>\n<\/div>\n<p><br \/>\n<br \/><a href=\"https:\/\/www.clarin.com\/politica\/primera-reaccion-javier-milei-luego-cristina-kirchner-confirmara-candidata-bonaerense_0_WqUBdWKdrW.html\">Fuente Clarin.com <\/a><\/p>\n","protected":false},"excerpt":{"rendered":"<p>Javier Milei se pronunci\u00f3 luego de que Cristina Kirchner confirmara este lunes por la noche que ser\u00e1 candidata a diputada provincial por la tercera secci\u00f3n electoral de la provincia de Buenos Aires. Lo hizo de modo indirecto, como es costumbre en \u00e9l, compartiendo mensajes de terceros en la plataforma X donde sostienen, entre otras cosas, [&hellip;]<\/p>\n","protected":false},"author":1,"featured_media":28285,"comment_status":"open","ping_status":"open","sticky":false,"template":"","format":"standard","meta":{"footnotes":""},"categories":[2],"tags":[375,1378,13049,497,273,1381,1875,77,89,825,153],"class_list":["post-30383","post","type-post","status-publish","format-standard","has-post-thumbnail","hentry","category-ultimas-noticias","tag-bonaerense","tag-candidata","tag-confirmara","tag-cristina","tag-javier","tag-kirchner","tag-luego","tag-milei","tag-primera","tag-reaccion","tag-sera"],"_links":{"self":[{"href":"https:\/\/13.com.ar\/index.php\/wp-json\/wp\/v2\/posts\/30383","targetHints":{"allow":["GET"]}}],"collection":[{"href":"https:\/\/13.com.ar\/index.php\/wp-json\/wp\/v2\/posts"}],"about":[{"href":"https:\/\/13.com.ar\/index.php\/wp-json\/wp\/v2\/types\/post"}],"author":[{"embeddable":true,"href":"https:\/\/13.com.ar\/index.php\/wp-json\/wp\/v2\/users\/1"}],"replies":[{"embeddable":true,"href":"https:\/\/13.com.ar\/index.php\/wp-json\/wp\/v2\/comments?post=30383"}],"version-history":[{"count":0,"href":"https:\/\/13.com.ar\/index.php\/wp-json\/wp\/v2\/posts\/30383\/revisions"}],"wp:featuredmedia":[{"embeddable":true,"href":"https:\/\/13.com.ar\/index.php\/wp-json\/wp\/v2\/media\/28285"}],"wp:attachment":[{"href":"https:\/\/13.com.ar\/index.php\/wp-json\/wp\/v2\/media?parent=30383"}],"wp:term":[{"taxonomy":"category","embeddable":true,"href":"https:\/\/13.com.ar\/index.php\/wp-json\/wp\/v2\/categories?post=30383"},{"taxonomy":"post_tag","embeddable":true,"href":"https:\/\/13.com.ar\/index.php\/wp-json\/wp\/v2\/tags?post=30383"}],"curies":[{"name":"wp","href":"https:\/\/api.w.org\/{rel}","templated":true}]}}