{"id":30379,"date":"2025-06-02T22:10:29","date_gmt":"2025-06-03T01:10:29","guid":{"rendered":"https:\/\/13.com.ar\/index.php\/las-principales-curiosidades-y-datos-desconocidos-de-annobon-el-territorio-que-buscac-sumarse-a-la-argentina\/"},"modified":"2025-06-02T22:10:29","modified_gmt":"2025-06-03T01:10:29","slug":"las-principales-curiosidades-y-datos-desconocidos-de-annobon-el-territorio-que-buscac-sumarse-a-la-argentina","status":"publish","type":"post","link":"https:\/\/13.com.ar\/index.php\/las-principales-curiosidades-y-datos-desconocidos-de-annobon-el-territorio-que-buscac-sumarse-a-la-argentina\/","title":{"rendered":"Las principales curiosidades y datos desconocidos de Annob\u00f3n, el territorio que buscac sumarse a la Argentina"},"content":{"rendered":"<p> <br \/>\n<br \/><img decoding=\"async\" src=\"https:\/\/13.com.ar\/wp-content\/uploads\/2025\/06\/Las-principales-curiosidades-y-datos-desconocidos-de-Annobon-el-territorio.jpg\" \/><\/p>\n<div id=\"element-body-0\">\n<p>D\u00edas atr\u00e1s una <strong>peque\u00f1a isla africana<\/strong> ubicada en medio del Atl\u00e1ntico despert\u00f3 el inter\u00e9s de analistas y curiosos al plantear una posibilidad in\u00e9dita: <strong>sumarse a la Argentina como territorio asociado<\/strong>. La iniciativa surgi\u00f3 directamente de sus autoridades, que ven en <strong>nuestro pa\u00eds una alternativa para mejorar la vida de su poblaci\u00f3n <\/strong>y dejar atr\u00e1s a\u00f1os de abandono y precariedad.<\/p>\n<\/div>\n<div id=\"element-body-1\">\n<p><strong>Annob\u00f3n<\/strong>, que no supera los 17 kil\u00f3metros cuadrados, <strong>proclam\u00f3 su independencia de Guinea Ecuatorial en julio de 2022<\/strong> y ahora lanza un pedido que podr\u00eda cambiar el mapa: <strong>integrarse pol\u00edticamente a Argentina<\/strong>. Si esa solicitud prosperara,<strong> el pa\u00eds sumar\u00eda presencia en un tercer continente, junto a Am\u00e9rica y la Ant\u00e1rtida<\/strong>.<\/p>\n<\/div>\n<div id=\"element-body-3\">\n<p><strong>Annob\u00f3n<\/strong> es una <strong>isla volc\u00e1nica situada en el golfo de Guinea<\/strong>, frente a la<strong> costa occidental de \u00c1frica<\/strong>. Es la m\u00e1s peque\u00f1a y alejada del territorio continental de Guinea Ecuatorial, pa\u00eds al que a\u00fan pertenece formalmente. Su historia <strong>tiene un lejano v\u00ednculo con Am\u00e9rica del Sur<\/strong>, ya que en <strong>tiempos coloniales mantuvo conexiones indirectas con el viejo Virreinato del R\u00edo de la Plata<\/strong>.<\/p>\n<\/div>\n<div id=\"element-body-4\">\n<p>Hoy, la realidad de Annob\u00f3n es muy distinta. El desempleo, la pobreza estructural y la <strong>dependencia absoluta del gobierno central para acceder a recursos b\u00e1sicos<\/strong> empujaron a sus habitantes a buscar una alternativa. <\/p>\n<\/div>\n<div id=\"element-body-5\">\n<p>La mayor\u00eda sobrevive gracias a la pesca artesanal, y las oportunidades para los j\u00f3venes son casi nulas. Seg\u00fan expres\u00f3 el primer ministro de la isla, Orlando Cartagena Lagar, <strong>el objetivo es \u201csalvarnos de la situaci\u00f3n actual\u201d<\/strong>.<\/p>\n<\/div>\n<div id=\"element-body-8\">\n<p><strong>Annob\u00f3n<\/strong> es una isla con m\u00faltiples particularidades que la distinguen del resto de los<strong> territorios africanos<\/strong>.<strong> <\/strong>Su historia, su naturaleza y hasta su idioma la convierten en un lugar \u00fanico en el mundo:<\/p>\n<\/div>\n<div id=\"element-body-21\">\n<p>El<strong> planteo de Annob\u00f3n <\/strong>no implica una anexi\u00f3n colonial ni una dependencia absoluta, sino una <strong>asociaci\u00f3n basada en la cooperaci\u00f3n<\/strong>.<strong> <\/strong>La propuesta busca que la <strong>isla sea reconocida como estado asociado de la Argentina, con autonom\u00eda interna<\/strong>, pero con<strong> respaldo en infraestructura, salud, educaci\u00f3n y relaciones internacionales<\/strong>. <\/p>\n<\/div>\n<div id=\"element-body-22\">\n<p>Desde la <strong>declaraci\u00f3n de independencia de Annob\u00f3n<\/strong>, su situaci\u00f3n sigue sin resolverse. Este <strong>pedido hacia Argentina representa una se\u00f1al<\/strong> de c\u00f3mo, en tiempos de crisis, algunos territorios buscan nuevas formas de integraci\u00f3n, lejos de las potencias tradicionales. La <strong>idea todav\u00eda no tiene efectos legales<\/strong>, pero ya genera debate en redes y en el \u00e1mbito acad\u00e9mico.<\/p>\n<\/div>\n<p><br \/>\n<br \/><a href=\"https:\/\/www.clarin.com\/informacion-general\/principales-curiosidades-datos-desconocidos-annobon-territorio-buscac-sumarse-argentina_0_1cQlWdeTHe.html\">Fuente Clarin.com <\/a><\/p>\n","protected":false},"excerpt":{"rendered":"<p>D\u00edas atr\u00e1s una peque\u00f1a isla africana ubicada en medio del Atl\u00e1ntico despert\u00f3 el inter\u00e9s de analistas y curiosos al plantear una posibilidad in\u00e9dita: sumarse a la Argentina como territorio asociado. La iniciativa surgi\u00f3 directamente de sus autoridades, que ven en nuestro pa\u00eds una alternativa para mejorar la vida de su poblaci\u00f3n y dejar atr\u00e1s a\u00f1os [&hellip;]<\/p>\n","protected":false},"author":1,"featured_media":30380,"comment_status":"open","ping_status":"open","sticky":false,"template":"","format":"standard","meta":{"footnotes":""},"categories":[2],"tags":[20068,288,20069,6473,3542,10831,48,2428,7801,4543],"class_list":["post-30379","post","type-post","status-publish","format-standard","has-post-thumbnail","hentry","category-ultimas-noticias","tag-annobon","tag-argentina","tag-buscac","tag-curiosidades","tag-datos","tag-desconocidos","tag-las","tag-principales","tag-sumarse","tag-territorio"],"_links":{"self":[{"href":"https:\/\/13.com.ar\/index.php\/wp-json\/wp\/v2\/posts\/30379","targetHints":{"allow":["GET"]}}],"collection":[{"href":"https:\/\/13.com.ar\/index.php\/wp-json\/wp\/v2\/posts"}],"about":[{"href":"https:\/\/13.com.ar\/index.php\/wp-json\/wp\/v2\/types\/post"}],"author":[{"embeddable":true,"href":"https:\/\/13.com.ar\/index.php\/wp-json\/wp\/v2\/users\/1"}],"replies":[{"embeddable":true,"href":"https:\/\/13.com.ar\/index.php\/wp-json\/wp\/v2\/comments?post=30379"}],"version-history":[{"count":0,"href":"https:\/\/13.com.ar\/index.php\/wp-json\/wp\/v2\/posts\/30379\/revisions"}],"wp:featuredmedia":[{"embeddable":true,"href":"https:\/\/13.com.ar\/index.php\/wp-json\/wp\/v2\/media\/30380"}],"wp:attachment":[{"href":"https:\/\/13.com.ar\/index.php\/wp-json\/wp\/v2\/media?parent=30379"}],"wp:term":[{"taxonomy":"category","embeddable":true,"href":"https:\/\/13.com.ar\/index.php\/wp-json\/wp\/v2\/categories?post=30379"},{"taxonomy":"post_tag","embeddable":true,"href":"https:\/\/13.com.ar\/index.php\/wp-json\/wp\/v2\/tags?post=30379"}],"curies":[{"name":"wp","href":"https:\/\/api.w.org\/{rel}","templated":true}]}}