{"id":30376,"date":"2025-06-02T21:46:28","date_gmt":"2025-06-03T00:46:28","guid":{"rendered":"https:\/\/13.com.ar\/index.php\/primeras-repercusiones-del-anuncio-repudio-total-de-los-libertarios-y-el-sugerente-tuit-de-santiago-caputo\/"},"modified":"2025-06-02T21:46:28","modified_gmt":"2025-06-03T00:46:28","slug":"primeras-repercusiones-del-anuncio-repudio-total-de-los-libertarios-y-el-sugerente-tuit-de-santiago-caputo","status":"publish","type":"post","link":"https:\/\/13.com.ar\/index.php\/primeras-repercusiones-del-anuncio-repudio-total-de-los-libertarios-y-el-sugerente-tuit-de-santiago-caputo\/","title":{"rendered":"primeras repercusiones del anuncio, repudio total de los libertarios y el sugerente tuit de Santiago Caputo"},"content":{"rendered":"<p> <br \/>\n<br \/><img decoding=\"async\" src=\"https:\/\/13.com.ar\/wp-content\/uploads\/2025\/06\/primeras-repercusiones-del-anuncio-repudio-total-de-los-libertarios-y.jpg\" \/><\/p>\n<div id=\"element-body-0\">\n<p>La ex vicepresidenta Cristina Kirchner confirm\u00f3 este lunes que ser\u00e1 candidata a legisladora bonaerense en la tercera secci\u00f3n electoral y, en redes sociales, los libertarios reaccionaron.<\/p>\n<\/div>\n<div id=\"element-body-1\">\n<p>I\u00f1aki Guti\u00e9rrez, asesor en comunicaci\u00f3n del gobierno de Javier Milei fue uno de los primeros en manifestarse en X tras el anuncio de la ex mandataria en una entrevista que brind\u00f3 en la se\u00f1al C5N.<\/p>\n<\/div>\n<div id=\"element-body-2\">\n<p>&#8220;Cristina Kirchner, doblemente condenada por habernos robado a todos los Argentinos acaba de confirmar que va a ser candidata este a\u00f1o. Este a\u00f1o se juega el futuro de la Argentina. Es kirchnerismo o libertad. Este a\u00f1o hay que aplastar al kirchnerismo&#8221;, escribi\u00f3.<\/p>\n<\/div>\n<div id=\"element-body-3\">\n<blockquote class=\"twitter-tweet\">\n<p lang=\"es\" dir=\"ltr\">Cristina Kirchner, doblemente condenada por habernos robado a todos los Argentinos acaba de confirmar que va a ser candidata este a\u00f1o. Este a\u00f1o se juega el futuro de la Argentina. Es kirchnerismo o libertad. Este a\u00f1o hay que aplastar al kirchnerismo.<\/p>\n<p>\u2014 I\u00f1aki Guti\u00e9rrez (@inakiigutierrez) <a rel=\"nofollow\" target=\"_blank\" href=\"https:\/\/twitter.com\/inakiigutierrez\/status\/1929689054154482087?ref_src=twsrc%5Etfw\">June 2, 2025<\/a><\/p><\/blockquote>\n<\/div>\n<div id=\"element-body-4\">\n<p>El Gordo Dan, uno de los principales referentes de los tuiteros libertarios no escribi\u00f3, pero s\u00ed reposte\u00f3 lo escrito por Guti\u00e9rrez. Es que a la hora que Cristina estaba en vivo, el Gordo Dan aguardaba para comenzar su programa La Misa en el stream Carajo.<\/p>\n<\/div>\n<div id=\"element-body-5\">\n<p>Por su parte, Fran Fijap public\u00f3: &#8220;Cristina CHORRA Kirchner acaba de confirmar que va a presentarse para estas elecciones en la Tercera Secci\u00f3n Electoral. Va a esconderse en La Matanza para tener fueros. Es capaz de bajar a ser LEGISLADORA PROVINCIAL&#8221;.<\/p>\n<\/div>\n<div id=\"element-body-6\">\n<blockquote class=\"twitter-tweet\">\n<p lang=\"es\" dir=\"ltr\">Cristina CHORRA Kirchner acaba de confirmar que va a presentarse para estas elecciones en la Tercera Secci\u00f3n Electoral.<\/p>\n<p>Va a esconderse en La Matanza para tener fueros. Es capaz de bajar a ser LEGISLADORA PROVINCIAL \ud83d\udc80\u26b0\ufe0f <a rel=\"nofollow\" target=\"_blank\" href=\"https:\/\/t.co\/NJt72o9OhU\">pic.twitter.com\/NJt72o9OhU<\/a><\/p>\n<p>\u2014 Fran Fijap (@FranFijap) <a rel=\"nofollow\" target=\"_blank\" href=\"https:\/\/twitter.com\/FranFijap\/status\/1929689675838468258?ref_src=twsrc%5Etfw\">June 3, 2025<\/a><\/p><\/blockquote>\n<\/div>\n<div id=\"element-body-7\">\n<p>La cuenta @MileiLibertador, que se le adjudica al asesor presidencial Santiago Caputo tambi\u00e9n se hizo eco del anuncio.<\/p>\n<\/div>\n<div id=\"element-body-8\">\n<blockquote class=\"twitter-tweet\">\n<p lang=\"es\" dir=\"ltr\">Me prepar\u00e9 toda la vida para ganarle a CFK en la Tercera Secci\u00f3n electoral con un intelectual de Miller. <\/p>\n<p>TMAP<\/p>\n<p>\u2014 Jack (@MileiLibertador) <a rel=\"nofollow\" target=\"_blank\" href=\"https:\/\/twitter.com\/MileiLibertador\/status\/1929693379211739628?ref_src=twsrc%5Etfw\">June 3, 2025<\/a><\/p><\/blockquote>\n<\/div>\n<div id=\"element-body-9\">\n<p>&#8220;Me prepar\u00e9 toda la vida para ganarle a CFK en la Tercera Secci\u00f3n electoral con un intelectual de Miller&#8221;,escribi\u00f3.<\/p>\n<\/div>\n<div id=\"element-body-10\">\n<p>Adem\u00e1s, Carolina P\u00edparo, diputada nacional de La Libertad Avanza trat\u00f3 de &#8220;hip\u00f3crita&#8221; a Cristina Kirchner al manifestar: &#8220;Gobierno para los ricos\u201d dice CFK sobre Milei. Sos una hip\u00f3crita y una mentirosa serial! Este presidente sac\u00f3 a 1.700.000 ni\u00f1os de la pobreza, @CFKArgentina, mientras vos te dedicaste a empobrecernos y a convertirte en una de las mujeres m\u00e1s ricas de Argentina. Asco&#8221;.<\/p>\n<\/div>\n<div id=\"element-body-11\">\n<p>Casi una hora despu\u00e9s del anuncio y tras varios minutos del programa, Gordo Dan y sus acompa\u00f1antes se burlaron de la candidatura de Cristina y pronosticaron que sacar\u00e1 &#8220;el 99 por ciento de los votos&#8221; en la tercera secci\u00f3n electoral &#8220;que b\u00e1sicamente es La Matanza, General Per\u00f3n, Quilmes y Per\u00f3nzambia, b\u00e1sicamente&#8221;.<\/p>\n<\/div>\n<div id=\"element-body-12\">\n<p>El conductor no pudo evitar las carcajadas y especul\u00f3 con lo que ser\u00eda parte de la interna entre Cristina y el gobernador, Axel Kicillof.<\/p>\n<\/div>\n<div id=\"element-body-13\">\n<blockquote class=\"twitter-tweet\">\n<p lang=\"es\" dir=\"ltr\">Totalmente gaga la condenada. Absolutamente terminada.<\/p>\n<p>Lo positivo es que vamos a ver a Romo domando a la vieja. <a rel=\"nofollow\" target=\"_blank\" href=\"https:\/\/t.co\/DShe4KJgpm\">pic.twitter.com\/DShe4KJgpm<\/a><\/p>\n<p>\u2014 El Trumpista (@ElTrumpista) <a rel=\"nofollow\" target=\"_blank\" href=\"https:\/\/twitter.com\/ElTrumpista\/status\/1929696433802039771?ref_src=twsrc%5Etfw\">June 3, 2025<\/a><\/p><\/blockquote>\n<\/div>\n<div id=\"element-body-14\">\n<p>Jairo Henoch, titular de la Libertad Avanza en Santa Cruz escribi\u00f3 en redes sociales: &#8220;La doblemente condenada Cristina Kirchner acaba de confirmar que va a ser LA candidata en la Provincia de Buenos Aires. Nunca fue tan f\u00e1cil votar. Kirchnerismo o libertad&#8221;.<\/p>\n<\/div>\n<div id=\"element-body-15\">\n<p>Adem\u00e1s, la cuenta &#8220;Agarra la pala&#8221; hizo foco en la llegada de Cristina Kirchner al canal y asegur\u00f3 que lleg\u00f3 &#8220;con m\u00e1s seguridad que simpatizantes. Un hombre incluso le dio la espalda al verla&#8221;.<\/p>\n<\/div>\n<p><script async src=\"\/\/platform.twitter.com\/widgets.js\" charset=\"utf-8\"><\/script><br \/>\n<br \/><br \/>\n<br \/><a href=\"https:\/\/www.clarin.com\/politica\/cristina-kirchner-candidata-primeras-repercusiones-anuncio-repudio-total-libertarios-redes-sociales_0_OlmiLtRhRU.html\">Fuente Clarin.com <\/a><\/p>\n","protected":false},"excerpt":{"rendered":"<p>La ex vicepresidenta Cristina Kirchner confirm\u00f3 este lunes que ser\u00e1 candidata a legisladora bonaerense en la tercera secci\u00f3n electoral y, en redes sociales, los libertarios reaccionaron. I\u00f1aki Guti\u00e9rrez, asesor en comunicaci\u00f3n del gobierno de Javier Milei fue uno de los primeros en manifestarse en X tras el anuncio de la ex mandataria en una entrevista [&hellip;]<\/p>\n","protected":false},"author":1,"featured_media":30377,"comment_status":"open","ping_status":"open","sticky":false,"template":"","format":"standard","meta":{"footnotes":""},"categories":[2],"tags":[324,45,100,3181,28,3278,10111,632,414,11087,1885,7125],"class_list":["post-30376","post","type-post","status-publish","format-standard","has-post-thumbnail","hentry","category-ultimas-noticias","tag-anuncio","tag-caputo","tag-del","tag-libertarios","tag-los","tag-primeras","tag-repercusiones","tag-repudio","tag-santiago","tag-sugerente","tag-total","tag-tuit"],"_links":{"self":[{"href":"https:\/\/13.com.ar\/index.php\/wp-json\/wp\/v2\/posts\/30376","targetHints":{"allow":["GET"]}}],"collection":[{"href":"https:\/\/13.com.ar\/index.php\/wp-json\/wp\/v2\/posts"}],"about":[{"href":"https:\/\/13.com.ar\/index.php\/wp-json\/wp\/v2\/types\/post"}],"author":[{"embeddable":true,"href":"https:\/\/13.com.ar\/index.php\/wp-json\/wp\/v2\/users\/1"}],"replies":[{"embeddable":true,"href":"https:\/\/13.com.ar\/index.php\/wp-json\/wp\/v2\/comments?post=30376"}],"version-history":[{"count":0,"href":"https:\/\/13.com.ar\/index.php\/wp-json\/wp\/v2\/posts\/30376\/revisions"}],"wp:featuredmedia":[{"embeddable":true,"href":"https:\/\/13.com.ar\/index.php\/wp-json\/wp\/v2\/media\/30377"}],"wp:attachment":[{"href":"https:\/\/13.com.ar\/index.php\/wp-json\/wp\/v2\/media?parent=30376"}],"wp:term":[{"taxonomy":"category","embeddable":true,"href":"https:\/\/13.com.ar\/index.php\/wp-json\/wp\/v2\/categories?post=30376"},{"taxonomy":"post_tag","embeddable":true,"href":"https:\/\/13.com.ar\/index.php\/wp-json\/wp\/v2\/tags?post=30376"}],"curies":[{"name":"wp","href":"https:\/\/api.w.org\/{rel}","templated":true}]}}