{"id":30374,"date":"2025-06-02T21:31:29","date_gmt":"2025-06-03T00:31:29","guid":{"rendered":"https:\/\/13.com.ar\/index.php\/una-multitud-armo-una-caravana-para-recibir-al-historico-campeon-del-futbol-argentino\/"},"modified":"2025-06-02T21:31:29","modified_gmt":"2025-06-03T00:31:29","slug":"una-multitud-armo-una-caravana-para-recibir-al-historico-campeon-del-futbol-argentino","status":"publish","type":"post","link":"https:\/\/13.com.ar\/index.php\/una-multitud-armo-una-caravana-para-recibir-al-historico-campeon-del-futbol-argentino\/","title":{"rendered":"una multitud arm\u00f3 una caravana para recibir al hist\u00f3rico campe\u00f3n del f\u00fatbol argentino"},"content":{"rendered":"<p> <br \/>\n<br \/><img decoding=\"async\" src=\"https:\/\/13.com.ar\/wp-content\/uploads\/2025\/06\/una-multitud-armo-una-caravana-para-recibir-al-historico-campeon.jpg\" \/><\/p>\n<div id=\"element-body-0\">\n<p><strong>Platense<\/strong> sigue de fiesta. Despu\u00e9s de una noche inolvidable en Santiago del Estero, este lunes los hinchas del Calamar armaron una gran caravana para recibir al plantel y seguir celebrando <strong>el primer t\u00edtulo de la historia del club<\/strong> tras ganarle a Hurac\u00e1n la final del Torneo Apertura de la Liga Profesional.<\/p>\n<\/div>\n<div id=\"element-body-1\">\n<p>Desde las 19, los hinchas llenaron de banderas marrones la esquina de Cabildo y General Paz. Desde ah\u00ed partieron rumbo al Parque Saavedra, donde prometen dar una vuelta ol\u00edmpica simb\u00f3lica, con bombos, banderas y todo el folklore calamar.<\/p>\n<\/div>\n<div id=\"element-body-2\">\n<p>El domingo, Platense se consagr\u00f3 campe\u00f3n del Torneo Apertura 2025 tras vencer 1-0 a Hurac\u00e1n en la final jugada en Santiago del Estero. El gol lo meti\u00f3 Guido Mainero, y la alegr\u00eda explot\u00f3 en cada rinc\u00f3n de Vicente L\u00f3pez, N\u00fa\u00f1ez y Saavedra.<\/p>\n<\/div>\n<div id=\"element-body-3\">\n<p>Anoche, los jugadores celebraron hasta altas horas en el hotel de Santiago. Y este lunes, el vuelo se atras\u00f3, pero la alegr\u00eda era tan grande que la delegaci\u00f3n lo tom\u00f3 con tranquilidad y disfrut\u00f3 de la tarde hasta cerca de las 19, cuando tom\u00f3 que lo trajo hasta Aeroparque.<\/p>\n<\/div>\n<div id=\"element-body-4\">\n<p>&#8220;Ochenta y un a\u00f1o, tengo, Ochenta y un. Mir\u00e1 si lo he ido a ver a todos lados&#8221;, gritaba un se\u00f1or. El hombre, con ojos celestes profundos y una gorra con el escudo del Calamar, jura que siempre so\u00f1\u00f3 con este momento: &#8220;Lo llevo en el coraz\u00f3n, c\u00f3mo no me iba a imaginar esto&#8221;, dijo el hombre con la voz quebrada: &#8220;\u00a1Vamos Platense, carajo!&#8221;.<\/p>\n<\/div>\n<div id=\"element-body-5\">\n<blockquote class=\"twitter-tweet\">\n<p lang=\"es\" dir=\"ltr\">\u00a1\u00a1\u00a1LOCURA CALAMAR!!! Impresionante fiesta de los hinchas de Platense en el regreso del plantel con el trofeo del <a rel=\"nofollow\" target=\"_blank\" href=\"https:\/\/twitter.com\/hashtag\/TorneoApertura?src=hash&amp;ref_src=twsrc%5Etfw\">#TorneoApertura<\/a>.<\/p>\n<p>\ud83d\udcfa <a rel=\"nofollow\" target=\"_blank\" href=\"https:\/\/twitter.com\/hashtag\/SCNight?src=hash&amp;ref_src=twsrc%5Etfw\">#SCNight<\/a> | <a rel=\"nofollow\" target=\"_blank\" href=\"https:\/\/twitter.com\/hashtag\/DisneyPlus?src=hash&amp;ref_src=twsrc%5Etfw\">#DisneyPlus<\/a> <a rel=\"nofollow\" target=\"_blank\" href=\"https:\/\/t.co\/eaYZ2LO16Z\">pic.twitter.com\/eaYZ2LO16Z<\/a><\/p>\n<p>\u2014 SportsCenter (@SC_ESPN) <a rel=\"nofollow\" target=\"_blank\" href=\"https:\/\/twitter.com\/SC_ESPN\/status\/1929684868817948751?ref_src=twsrc%5Etfw\">June 2, 2025<\/a><\/p><\/blockquote>\n<\/div>\n<div id=\"element-body-6\">\n<p>Con los a\u00f1os, las cr\u00f3nicas deportivas recordar\u00e1n al plantel que armaron Orsi y G\u00f3mez como el Matagigantes. Es que, en su camino hacia el t\u00edtulo, el Calamar derrib\u00f3 a tres de los cinco grandes del f\u00fatbol argentino. Racing, River y San Lorenzo, en fila y de visitante, antes de la final con Hurac\u00e1n en Santiago del Estero, a 1000 kil\u00f3metros de casa, pero con un sector de la cancha con hinchas propios.<\/p>\n<\/div>\n<div id=\"element-body-7\">\n<p>El t\u00edtulo le abre a Platense un sinf\u00edn de posibilidades. Es que, con los millones que ingresar\u00e1n de la Copa Libertadores podr\u00e1 empezar a invertir en un predio<\/p>\n<\/div>\n<p><script async src=\"\/\/platform.twitter.com\/widgets.js\" charset=\"utf-8\"><\/script><br \/>\n<br \/><br \/>\n<br \/><a href=\"https:\/\/www.clarin.com\/deportes\/platense-sigue-fiesta-multitud-armo-caravana-recibir-historico-campeon-futbol-argentino_0_KfW1zdFXSg.html\">Fuente Clarin.com <\/a><\/p>\n","protected":false},"excerpt":{"rendered":"<p>Platense sigue de fiesta. Despu\u00e9s de una noche inolvidable en Santiago del Estero, este lunes los hinchas del Calamar armaron una gran caravana para recibir al plantel y seguir celebrando el primer t\u00edtulo de la historia del club tras ganarle a Hurac\u00e1n la final del Torneo Apertura de la Liga Profesional. Desde las 19, los [&hellip;]<\/p>\n","protected":false},"author":1,"featured_media":30375,"comment_status":"open","ping_status":"open","sticky":false,"template":"","format":"standard","meta":{"footnotes":""},"categories":[2],"tags":[508,4422,1748,7910,100,2964,752,2537,16,1907,73],"class_list":["post-30374","post","type-post","status-publish","format-standard","has-post-thumbnail","hentry","category-ultimas-noticias","tag-argentino","tag-armo","tag-campeon","tag-caravana","tag-del","tag-futbol","tag-historico","tag-multitud","tag-para","tag-recibir","tag-una"],"_links":{"self":[{"href":"https:\/\/13.com.ar\/index.php\/wp-json\/wp\/v2\/posts\/30374","targetHints":{"allow":["GET"]}}],"collection":[{"href":"https:\/\/13.com.ar\/index.php\/wp-json\/wp\/v2\/posts"}],"about":[{"href":"https:\/\/13.com.ar\/index.php\/wp-json\/wp\/v2\/types\/post"}],"author":[{"embeddable":true,"href":"https:\/\/13.com.ar\/index.php\/wp-json\/wp\/v2\/users\/1"}],"replies":[{"embeddable":true,"href":"https:\/\/13.com.ar\/index.php\/wp-json\/wp\/v2\/comments?post=30374"}],"version-history":[{"count":0,"href":"https:\/\/13.com.ar\/index.php\/wp-json\/wp\/v2\/posts\/30374\/revisions"}],"wp:featuredmedia":[{"embeddable":true,"href":"https:\/\/13.com.ar\/index.php\/wp-json\/wp\/v2\/media\/30375"}],"wp:attachment":[{"href":"https:\/\/13.com.ar\/index.php\/wp-json\/wp\/v2\/media?parent=30374"}],"wp:term":[{"taxonomy":"category","embeddable":true,"href":"https:\/\/13.com.ar\/index.php\/wp-json\/wp\/v2\/categories?post=30374"},{"taxonomy":"post_tag","embeddable":true,"href":"https:\/\/13.com.ar\/index.php\/wp-json\/wp\/v2\/tags?post=30374"}],"curies":[{"name":"wp","href":"https:\/\/api.w.org\/{rel}","templated":true}]}}