{"id":30373,"date":"2025-06-02T21:19:27","date_gmt":"2025-06-03T00:19:27","guid":{"rendered":"https:\/\/13.com.ar\/index.php\/cuando-llega-el-fenomeno-del-nino-y-como-sera-su-paso-por-argentina-segun-el-smn\/"},"modified":"2025-06-02T21:19:27","modified_gmt":"2025-06-03T00:19:27","slug":"cuando-llega-el-fenomeno-del-nino-y-como-sera-su-paso-por-argentina-segun-el-smn","status":"publish","type":"post","link":"https:\/\/13.com.ar\/index.php\/cuando-llega-el-fenomeno-del-nino-y-como-sera-su-paso-por-argentina-segun-el-smn\/","title":{"rendered":"Cu\u00e1ndo llega el fen\u00f3meno del Ni\u00f1o y c\u00f3mo ser\u00e1 su paso por Argentina, seg\u00fan el SMN"},"content":{"rendered":"<p> <br \/>\n<br \/><img decoding=\"async\" src=\"https:\/\/13.com.ar\/wp-content\/uploads\/2025\/05\/Pronostico-en-CABA-para-el-fin-de-semana-segun-el.jpg\" \/><\/p>\n<div id=\"element-body-0\">\n<p>El <strong>invierno 2025<\/strong> est\u00e1 a la vuelta de la esquina y ya hay se\u00f1ales claras de c\u00f3mo ser\u00e1 el comportamiento clim\u00e1tico en la <strong>Argentina<\/strong>. Seg\u00fan los \u00faltimos datos oficiales, el <strong>fen\u00f3meno del Ni\u00f1o<\/strong>, que suele generar expectativas por sus <strong>efectos en las lluvias y temperaturas<\/strong>, no se manifestar\u00e1 con fuerza en los pr\u00f3ximos meses.<\/p>\n<\/div>\n<div id=\"element-body-1\">\n<p><strong>El Servicio Meteorol\u00f3gico Nacional (SMN)<\/strong> difundi\u00f3 su informe trimestral, correspondiente a los meses de mayo, junio y julio, en el que analiza el estado del <strong>fen\u00f3meno ENOS<\/strong> (El Ni\u00f1o-Oscilaci\u00f3n del Sur) y sus posibles impactos en la temperatura de nuestro pa\u00eds.<\/p>\n<\/div>\n<div id=\"element-body-3\">\n<p>De acuerdo con el informe oficial, aunque<strong> no habr\u00e1 un evento t\u00edpico de El Ni\u00f1o en este trimestre<\/strong>, s\u00ed hay r<strong>egiones donde se espera un aumento significativo de las precipitaciones<\/strong>. <\/p>\n<\/div>\n<div id=\"element-body-4\">\n<p>La mayor probabilidad de lluvias por encima de lo normal se concentra en el sur del Litoral, el este de Salta, el centro-oeste de Formosa y Chaco, Santiago del Estero, el oeste de Santa Fe, C\u00f3rdoba, el este de San Luis y el este de Buenos Aires.<\/p>\n<\/div>\n<div id=\"element-body-5\">\n<p>En otras zonas, como <strong>Corrientes, el este de Chaco y Formosa, el sur de Misiones y el extremo sur de la Patagonia, las lluvias se mantendr\u00edan dentro de los valores habituales<\/strong>. En cambio, el este de la Patagonia, el sur de Cuyo y el noroeste patag\u00f3nico podr\u00edan<strong> enfrentar un invierno m\u00e1s seco de lo normal<\/strong>.<\/p>\n<\/div>\n<div id=\"element-body-8\">\n<p><strong>El Ni\u00f1o <\/strong>forma parte del <strong>ciclo clim\u00e1tico conocido como ENOS<\/strong>, y se caracteriza por un <strong>calentamiento inusual de las aguas del oc\u00e9ano Pac\u00edfico ecuatorial<\/strong>, que repercute en los patrones meteorol\u00f3gicos a nivel global.<\/p>\n<\/div>\n<div id=\"element-body-9\">\n<p>En el caso de Argentina, este fen\u00f3meno suele <strong>traducirse en un incremento de las precipitaciones en regiones<\/strong> como la Pampa H\u00fameda y el centro del pa\u00eds, algo que puede favorecer a la producci\u00f3n agr\u00edcola, pero tambi\u00e9n genera riesgos de inundaciones.<\/p>\n<\/div>\n<div id=\"element-body-11\">\n<p>Seg\u00fan el SMN, los<strong> modelos clim\u00e1ticos analizados para el trimestre mayo-junio-julio<\/strong> de 2025 indican que la <strong>temperatura del mar en la regi\u00f3n clave del Pac\u00edfico (Ni\u00f1o 3.4) se mantendr\u00e1 dentro de los valores normales<\/strong>, con un promedio de +0.1\u202f\u00b0C. Esto significa que la probabilidad de que contin\u00faen las condiciones neutras es del 83%, al menos hasta el final del invierno.<\/p>\n<\/div>\n<div id=\"element-body-12\">\n<p>As\u00ed,<strong> el invierno se desarrollar\u00e1 sin la influencia directa de El Ni\u00f1o<\/strong> ni de La Ni\u00f1a, aunque persisten otros factores que pueden modificar el comportamiento del clima a nivel local. Por eso, se recomienda seguir de cerca las actualizaciones oficiales y prestar atenci\u00f3n a las zonas con mayor probabilidad de exceso de lluvias.<\/p>\n<\/div>\n<p><br \/>\n<br \/><a href=\"https:\/\/www.clarin.com\/informacion-general\/llega-fenomeno-nino-paso-argentina-smn_0_92p53gQ7n1.html\">Fuente Clarin.com <\/a><\/p>\n","protected":false},"excerpt":{"rendered":"<p>El invierno 2025 est\u00e1 a la vuelta de la esquina y ya hay se\u00f1ales claras de c\u00f3mo ser\u00e1 el comportamiento clim\u00e1tico en la Argentina. Seg\u00fan los \u00faltimos datos oficiales, el fen\u00f3meno del Ni\u00f1o, que suele generar expectativas por sus efectos en las lluvias y temperaturas, no se manifestar\u00e1 con fuerza en los pr\u00f3ximos meses. El [&hellip;]<\/p>\n","protected":false},"author":1,"featured_media":29841,"comment_status":"open","ping_status":"open","sticky":false,"template":"","format":"standard","meta":{"footnotes":""},"categories":[2],"tags":[288,66,677,100,2494,2041,4076,158,142,227,153,19891],"class_list":["post-30373","post","type-post","status-publish","format-standard","has-post-thumbnail","hentry","category-ultimas-noticias","tag-argentina","tag-como","tag-cuando","tag-del","tag-fenomeno","tag-llega","tag-nino","tag-paso","tag-por","tag-segun","tag-sera","tag-smn"],"_links":{"self":[{"href":"https:\/\/13.com.ar\/index.php\/wp-json\/wp\/v2\/posts\/30373","targetHints":{"allow":["GET"]}}],"collection":[{"href":"https:\/\/13.com.ar\/index.php\/wp-json\/wp\/v2\/posts"}],"about":[{"href":"https:\/\/13.com.ar\/index.php\/wp-json\/wp\/v2\/types\/post"}],"author":[{"embeddable":true,"href":"https:\/\/13.com.ar\/index.php\/wp-json\/wp\/v2\/users\/1"}],"replies":[{"embeddable":true,"href":"https:\/\/13.com.ar\/index.php\/wp-json\/wp\/v2\/comments?post=30373"}],"version-history":[{"count":0,"href":"https:\/\/13.com.ar\/index.php\/wp-json\/wp\/v2\/posts\/30373\/revisions"}],"wp:featuredmedia":[{"embeddable":true,"href":"https:\/\/13.com.ar\/index.php\/wp-json\/wp\/v2\/media\/29841"}],"wp:attachment":[{"href":"https:\/\/13.com.ar\/index.php\/wp-json\/wp\/v2\/media?parent=30373"}],"wp:term":[{"taxonomy":"category","embeddable":true,"href":"https:\/\/13.com.ar\/index.php\/wp-json\/wp\/v2\/categories?post=30373"},{"taxonomy":"post_tag","embeddable":true,"href":"https:\/\/13.com.ar\/index.php\/wp-json\/wp\/v2\/tags?post=30373"}],"curies":[{"name":"wp","href":"https:\/\/api.w.org\/{rel}","templated":true}]}}