{"id":30371,"date":"2025-06-02T21:10:29","date_gmt":"2025-06-03T00:10:29","guid":{"rendered":"https:\/\/13.com.ar\/index.php\/cristina-kirchner-confirmo-que-sera-candidata-a-diputada-por-la-tercera-seccion-electoral-de-la-provincia-de-buenos-aires\/"},"modified":"2025-06-02T21:10:29","modified_gmt":"2025-06-03T00:10:29","slug":"cristina-kirchner-confirmo-que-sera-candidata-a-diputada-por-la-tercera-seccion-electoral-de-la-provincia-de-buenos-aires","status":"publish","type":"post","link":"https:\/\/13.com.ar\/index.php\/cristina-kirchner-confirmo-que-sera-candidata-a-diputada-por-la-tercera-seccion-electoral-de-la-provincia-de-buenos-aires\/","title":{"rendered":"Cristina Kirchner confirm\u00f3 que ser\u00e1 candidata a diputada por la tercera secci\u00f3n electoral de la provincia de Buenos Aires"},"content":{"rendered":"<p> <br \/>\n<br \/><img decoding=\"async\" src=\"https:\/\/13.com.ar\/wp-content\/uploads\/2025\/06\/Cristina-Kirchner-confirmo-que-sera-candidata-a-diputada-por-la.jpg\" \/><\/p>\n<div id=\"element-body-0\">\n<p>La ex vicepresidenta <strong>Cristina Kirchner confirm\u00f3 que ser\u00e1 candidata a diputada provincial por al tercera secci\u00f3n electoral <\/strong>de la provincia de Buenos Aires en las elecciones del 7 de septiembre.<\/p>\n<\/div>\n<div id=\"element-body-1\">\n<p>Cristina brinda una entrevista este lunes al canal <em>C5N <\/em>donde revel\u00f3, finalmente, que competir\u00e1 en los comicios bonaerenses. &#8220;\u00bfAlguien concibe que si al peronismo no le va bien en septiembre, en el basti\u00f3n del peronismo<strong>, nos puede ir bien en octubre<\/strong>?&#8221;, se pregunt\u00f3.<\/p>\n<\/div>\n<div id=\"element-body-2\">\n<p>&#8220;\u00bfAlguien pens\u00f3 que<strong> si nos va mal en septiembre esto puede irradiar<\/strong>, no solamente a las elecciones bonaerenses en octubre, sino<strong> a todo el pa\u00eds<\/strong>?&#8221;, insisti\u00f3 como forma de justificar su elecci\u00f3n de competir en tierras de Axel Kicillof, en momentos en que el gobernador y La C\u00e1mpora definen si compiten juntos o separado.<\/p>\n<\/div>\n<div id=\"element-body-3\">\n<p>Cristina puso tambi\u00e9n como argumento para su candidatura la <strong>renovaci\u00f3n de las bancas de senadores en ocho provincias <\/strong>que el PJ gan\u00f3 arrastrado por la boleta presidencial que postul\u00f3, en 2019, la f\u00f3rmula Alberto Fern\u00e1ndez-Cristina Kirchner. <\/p>\n<\/div>\n<div id=\"element-body-4\">\n<p>En una cr\u00edtica directa a Kicillof, subray\u00f3 que ninguna fuerza pol\u00edtica que gobern\u00f3 Buenos Aires desdobl\u00f3 la elecci\u00f3n. &#8220;Es una provincia muy grande, son 380 mil km2, 135 municipios, 17 millones de personas que<strong> van a tener que ir a votar en un lapso de siete semanas<\/strong> en una por diputados provinciales, y en la otra por nacionales&#8221;, plante\u00f3.<\/p>\n<\/div>\n<div id=\"element-body-6\">\n<p>Al mismo tiempo, hizo un llamado a<strong> &#8220;dejar de lado las mezquindades y los egos&#8221;.<\/strong> &#8220;Ten\u00e9s que ir al lugar donde m\u00e1s serv\u00eds en el momento en que es oportuno. Pienso al pol\u00edtica de ese modo. La pol\u00edtica es resultado, apostar que el proyecto colectivo vaya para adelante&#8221;, dijo.<\/p>\n<\/div>\n<div id=\"element-body-7\">\n<p>La reaparici\u00f3n de la exmandataria en los medios de comunicaci\u00f3n se da dos d\u00edas despu\u00e9s del <strong>lanzamiento del Movimiento Derecho al Futuro,<\/strong> el espacio encabezado por el gobernador Axel Kicillof con el objetivo de liderar el peronismo en la disputa por el poder pol\u00edtico provincial.<\/p>\n<\/div>\n<div id=\"element-body-8\">\n<p>Ese d\u00eda, en un acto realizado en La Plata y frente a una multitud militante, el mandatario le mand\u00f3 un mensaje a la presidenta del PJ. &#8220;Como dijo el General, <strong>el movimiento jam\u00e1s fue excluyente<\/strong>, jam\u00e1s fue sectario&#8221;, sostuvo en referencia a Juan Domingo Per\u00f3n y afirm\u00f3 luego que &#8220;en estas elecciones<strong> la discusi\u00f3n no es un lugar en la lista,<\/strong> es un lugar en la historia&#8221;.<\/p>\n<\/div>\n<div id=\"element-body-9\">\n<p>En ese contexto, Kicillof repar\u00f3 en la necesidad de lograr \u201cun <strong>movimiento de brazos abiertos <\/strong>&#8211; condici\u00f3n que le atribuy\u00f3 a su agrupaci\u00f3n- y en la importancia de \u201cno perder el tiempo hablando entre los dirigentes\u201d.<\/p>\n<\/div>\n<div id=\"element-body-10\">\n<p>&#8220;Tenemos una misi\u00f3n, ir a buscar a los decepcionados, a los desmoralizados y pensar cada d\u00eda una sola cosa: qu\u00e9 puedo hacer para explicar, convencer y sumar&#8221;, expres\u00f3.<\/p>\n<\/div>\n<p><h2>Cristina Kirchner llam\u00f3 al gobierno de Javier Milei &#8220;derecha cruel y esot\u00e9rica&#8221;<\/h2>\n<\/p>\n<div id=\"element-body-12\">\n<p>La ex mandataria critic\u00f3 tambi\u00e9n las pol\u00edticas p\u00fablicas de Javier Milei y dijo que su gobierno representa una<strong> &#8220;derecha cruel y un tanto esot\u00e9rica&#8221;. <\/strong><\/p>\n<\/div>\n<div id=\"element-body-13\">\n<p>La ex senadora consider\u00f3 que antes del Gobierno de La Libertad Avanza, a la que llam\u00f3 &#8220;derecha cruel, un tanto esot\u00e9rica y anti Estado&#8221; existi\u00f3 &#8220;una derecha en 2015 que gana las elecciones de forma mafiosa y c\u00ednica&#8221;, en relaci\u00f3n al gobierno de Cambiemos que encabez\u00f3 Mauricio Macri.<\/p>\n<\/div>\n<p><br \/>\n<br \/><a href=\"https:\/\/www.clarin.com\/politica\/cristina-kirchner-dijo-gobierno-javier-milei-derecha-cruel-esoterica_0_QwAzwN5lOT.html\">Fuente Clarin.com <\/a><\/p>\n","protected":false},"excerpt":{"rendered":"<p>La ex vicepresidenta Cristina Kirchner confirm\u00f3 que ser\u00e1 candidata a diputada provincial por al tercera secci\u00f3n electoral de la provincia de Buenos Aires en las elecciones del 7 de septiembre. Cristina brinda una entrevista este lunes al canal C5N donde revel\u00f3, finalmente, que competir\u00e1 en los comicios bonaerenses. &#8220;\u00bfAlguien concibe que si al peronismo no [&hellip;]<\/p>\n","protected":false},"author":1,"featured_media":30372,"comment_status":"open","ping_status":"open","sticky":false,"template":"","format":"standard","meta":{"footnotes":""},"categories":[2],"tags":[328,327,1378,218,497,3721,5073,1381,142,490,9506,153,1059],"class_list":["post-30371","post","type-post","status-publish","format-standard","has-post-thumbnail","hentry","category-ultimas-noticias","tag-aires","tag-buenos","tag-candidata","tag-confirmo","tag-cristina","tag-diputada","tag-electoral","tag-kirchner","tag-por","tag-provincia","tag-seccion","tag-sera","tag-tercera"],"_links":{"self":[{"href":"https:\/\/13.com.ar\/index.php\/wp-json\/wp\/v2\/posts\/30371","targetHints":{"allow":["GET"]}}],"collection":[{"href":"https:\/\/13.com.ar\/index.php\/wp-json\/wp\/v2\/posts"}],"about":[{"href":"https:\/\/13.com.ar\/index.php\/wp-json\/wp\/v2\/types\/post"}],"author":[{"embeddable":true,"href":"https:\/\/13.com.ar\/index.php\/wp-json\/wp\/v2\/users\/1"}],"replies":[{"embeddable":true,"href":"https:\/\/13.com.ar\/index.php\/wp-json\/wp\/v2\/comments?post=30371"}],"version-history":[{"count":0,"href":"https:\/\/13.com.ar\/index.php\/wp-json\/wp\/v2\/posts\/30371\/revisions"}],"wp:featuredmedia":[{"embeddable":true,"href":"https:\/\/13.com.ar\/index.php\/wp-json\/wp\/v2\/media\/30372"}],"wp:attachment":[{"href":"https:\/\/13.com.ar\/index.php\/wp-json\/wp\/v2\/media?parent=30371"}],"wp:term":[{"taxonomy":"category","embeddable":true,"href":"https:\/\/13.com.ar\/index.php\/wp-json\/wp\/v2\/categories?post=30371"},{"taxonomy":"post_tag","embeddable":true,"href":"https:\/\/13.com.ar\/index.php\/wp-json\/wp\/v2\/tags?post=30371"}],"curies":[{"name":"wp","href":"https:\/\/api.w.org\/{rel}","templated":true}]}}