{"id":30369,"date":"2025-06-02T21:07:28","date_gmt":"2025-06-03T00:07:28","guid":{"rendered":"https:\/\/13.com.ar\/index.php\/desde-este-lunes-los-comercios-dejan-de-estar-obligados-a-pagar-un-aporte-obligatorio-a-camaras-empresariales\/"},"modified":"2025-06-02T21:07:28","modified_gmt":"2025-06-03T00:07:28","slug":"desde-este-lunes-los-comercios-dejan-de-estar-obligados-a-pagar-un-aporte-obligatorio-a-camaras-empresariales","status":"publish","type":"post","link":"https:\/\/13.com.ar\/index.php\/desde-este-lunes-los-comercios-dejan-de-estar-obligados-a-pagar-un-aporte-obligatorio-a-camaras-empresariales\/","title":{"rendered":"Desde este lunes, los comercios dejan de estar obligados a pagar un aporte obligatorio a c\u00e1maras empresariales"},"content":{"rendered":"<p> <br \/>\n<br \/><img decoding=\"async\" src=\"https:\/\/13.com.ar\/wp-content\/uploads\/2025\/06\/Desde-este-lunes-los-comercios-dejan-de-estar-obligados-a.jpg\" \/><\/p>\n<div id=\"element-body-0\">\n<p><strong>Los comercios dejan de estar obligados a realizar un aporte obligatorio<\/strong> al Instituto Argentino de Capacitaci\u00f3n Profesional y Tecnol\u00f3gica para el Comercio (Inacap), creado en 2008, y <strong>la contribuci\u00f3n pasar\u00e1 a ser voluntaria<\/strong>. <\/p>\n<\/div>\n<div id=\"element-body-1\">\n<p><strong>La decisi\u00f3n fue dispuesta por el Gobierno nacional<\/strong> a principios de marzo por el decreto 149\/2025, que estipul\u00f3 la entrada en vigencia de la medida 90 d\u00edas corridos desde su publicaci\u00f3n.<\/p>\n<\/div>\n<div id=\"element-body-2\">\n<p>La normativa determina que \u201clas convenciones colectivas de trabajo <strong>no podr\u00e1n imponer aportes, contribuciones o cualquier otro tipo de carga econ\u00f3mica<\/strong> en beneficio de c\u00e1maras, asociaciones o agrupaciones de empleadores a cargo de no asociados o afiliados a dichas entidades, salvo que dichas cargas resultaren aceptadas voluntariamente por estos \u00faltimos\u201d.<\/p>\n<\/div>\n<div id=\"element-body-3\">\n<p>De esta manera, <strong>los comerciantes dejan de realizar obligatoriamente la contribuci\u00f3n mensual<\/strong> en concepto de capacitaci\u00f3n por cada empleado registrado que ven\u00edan haciendo desde 2008, lo que representa <strong>un ahorro de m\u00e1s de $ 70.000 millones al a\u00f1o<\/strong> para el sector mercantil.<\/p>\n<\/div>\n<div id=\"element-body-4\">\n<p><strong>El aporte deb\u00eda realizarse aunque el empleado no se capacitara<\/strong>, seg\u00fan lo establecido en el convenio colectivo de comercio, <strong>permitiendo as\u00ed recaudar millonarios fondos<\/strong> a los gremios empresarios que firmaron la paritaria.<\/p>\n<\/div>\n<div id=\"element-body-5\">\n<p>El c\u00e1lculo del ahorro parte de que la cuota, que se increment\u00f3 en marzo a <strong>$ 4.725,02<\/strong> por trabajador, <strong>equivale a una recaudaci\u00f3n mensual de m\u00e1s de $ 5.600 millones y $ 70.000 millones al a\u00f1o<\/strong>, ya que la contribuci\u00f3n por parte del empleador alcanzaba a 1,2 millones de trabajadores.<\/p>\n<\/div>\n<div id=\"element-body-6\">\n<blockquote class=\"twitter-tweet\">\n<p lang=\"es\" dir=\"ltr\">El Decreto 149\/25 transform\u00f3 en voluntarios, efectivo este mes, los aportes a c\u00e1maras empresarias: una suerte de impuestos privados colados en las convenciones colectivas. Con esto bajamos costos en comercio, metal\u00fargicos, producci\u00f3n av\u00edcola, calzado, turismo, pasteleros,\u2026<\/p>\n<p>\u2014 Fede Sturzenegger (@fedesturze) <a rel=\"nofollow\" target=\"_blank\" href=\"https:\/\/twitter.com\/fedesturze\/status\/1929517711954002005?ref_src=twsrc%5Etfw\">June 2, 2025<\/a><\/p><\/blockquote>\n<\/div>\n<div id=\"element-body-7\">\n<p>El ministro de Desregulaci\u00f3n y Transformaci\u00f3n del Estado, <strong>Federico Sturzenegger, destac\u00f3 la entrada en vigor de la decisi\u00f3n<\/strong>. En su cuenta de X, escribi\u00f3: \u201cEl Decreto 149\/25 transform\u00f3 en voluntarios, efectivo este mes, los aportes a c\u00e1maras empresarias: <strong>una suerte de impuestos privados<\/strong> colados en las convenciones colectivas. <strong>Con esto bajamos costos<\/strong> en comercio, metal\u00fargicos, producci\u00f3n av\u00edcola, calzado, turismo, pasteleros, comercio internacional, gastronom\u00eda y contrataci\u00f3n de maestranza\u201d. <\/p>\n<\/div>\n<div id=\"element-body-8\">\n<p>\u201cLa libertad, y no el uso del poder coercitivo del Estado para sacarle recursos al pr\u00f3jimo, <strong>es un principio fundamental del liberalismo<\/strong> que nos propone el Presidente. Como en la gran mayor\u00eda de los sectores productivos del pa\u00eds, los aportes a Adimra, Capia, Faica, Incatur, Inacap, Apyce, C\u00e1mara de Dep\u00f3sitos Fiscal Privados, Fehgra y Adel pasan a ser voluntarios\u201d, enumer\u00f3. <\/p>\n<\/div>\n<div id=\"element-body-9\">\n<p>Para la <strong>C\u00e1mara Argentina de Distribuidores y Autoservicios Mayoristas (Cadam)<\/strong>, \u201c<strong>representa un cambio significativo<\/strong> en las obligaciones que hasta ahora deb\u00edan cumplir los empleadores\u201d. En ese sentido, cuestion\u00f3 el aporte al indicar que \u201ccomerciantes de todo el pa\u00eds tuvieron que pagar por 17 a\u00f1os la cuenta de una mesa de la que no participaban\u201d. <\/p>\n<\/div>\n<p><script async src=\"\/\/platform.twitter.com\/widgets.js\" charset=\"utf-8\"><\/script><br \/>\n<br \/><br \/>\n<br \/><a href=\"https:\/\/www.clarin.com\/economia\/lunes-comercios-dejan-obligados-pagar-aporte-obligatorio-camaras-empresariales_0_ILaNtgabEn.html\">Fuente Clarin.com <\/a><\/p>\n","protected":false},"excerpt":{"rendered":"<p>Los comercios dejan de estar obligados a realizar un aporte obligatorio al Instituto Argentino de Capacitaci\u00f3n Profesional y Tecnol\u00f3gica para el Comercio (Inacap), creado en 2008, y la contribuci\u00f3n pasar\u00e1 a ser voluntaria. La decisi\u00f3n fue dispuesta por el Gobierno nacional a principios de marzo por el decreto 149\/2025, que estipul\u00f3 la entrada en vigencia [&hellip;]<\/p>\n","protected":false},"author":1,"featured_media":30370,"comment_status":"open","ping_status":"open","sticky":false,"template":"","format":"standard","meta":{"footnotes":""},"categories":[2],"tags":[8825,4703,5392,7816,2184,20067,1022,139,28,2928,15693,4804,3597],"class_list":["post-30369","post","type-post","status-publish","format-standard","has-post-thumbnail","hentry","category-ultimas-noticias","tag-aporte","tag-camaras","tag-comercios","tag-dejan","tag-desde","tag-empresariales","tag-estar","tag-este","tag-los","tag-lunes","tag-obligados","tag-obligatorio","tag-pagar"],"_links":{"self":[{"href":"https:\/\/13.com.ar\/index.php\/wp-json\/wp\/v2\/posts\/30369","targetHints":{"allow":["GET"]}}],"collection":[{"href":"https:\/\/13.com.ar\/index.php\/wp-json\/wp\/v2\/posts"}],"about":[{"href":"https:\/\/13.com.ar\/index.php\/wp-json\/wp\/v2\/types\/post"}],"author":[{"embeddable":true,"href":"https:\/\/13.com.ar\/index.php\/wp-json\/wp\/v2\/users\/1"}],"replies":[{"embeddable":true,"href":"https:\/\/13.com.ar\/index.php\/wp-json\/wp\/v2\/comments?post=30369"}],"version-history":[{"count":0,"href":"https:\/\/13.com.ar\/index.php\/wp-json\/wp\/v2\/posts\/30369\/revisions"}],"wp:featuredmedia":[{"embeddable":true,"href":"https:\/\/13.com.ar\/index.php\/wp-json\/wp\/v2\/media\/30370"}],"wp:attachment":[{"href":"https:\/\/13.com.ar\/index.php\/wp-json\/wp\/v2\/media?parent=30369"}],"wp:term":[{"taxonomy":"category","embeddable":true,"href":"https:\/\/13.com.ar\/index.php\/wp-json\/wp\/v2\/categories?post=30369"},{"taxonomy":"post_tag","embeddable":true,"href":"https:\/\/13.com.ar\/index.php\/wp-json\/wp\/v2\/tags?post=30369"}],"curies":[{"name":"wp","href":"https:\/\/api.w.org\/{rel}","templated":true}]}}