{"id":30363,"date":"2025-06-02T20:19:41","date_gmt":"2025-06-02T23:19:41","guid":{"rendered":"https:\/\/13.com.ar\/index.php\/como-recorrer-una-de-las-calles-mas-hermosas-de-buenos-aires\/"},"modified":"2025-06-02T20:19:41","modified_gmt":"2025-06-02T23:19:41","slug":"como-recorrer-una-de-las-calles-mas-hermosas-de-buenos-aires","status":"publish","type":"post","link":"https:\/\/13.com.ar\/index.php\/como-recorrer-una-de-las-calles-mas-hermosas-de-buenos-aires\/","title":{"rendered":"c\u00f3mo recorrer una de las calles m\u00e1s hermosas de Buenos Aires"},"content":{"rendered":"<p> <br \/>\n<br \/><img decoding=\"async\" src=\"https:\/\/13.com.ar\/wp-content\/uploads\/2025\/06\/como-recorrer-una-de-las-calles-mas-hermosas-de-Buenos.jpg\" \/><\/p>\n<div id=\"element-body-0\">\n<p>La <strong>avenida Meli\u00e1n<\/strong>, ubicada en el barrio porte\u00f1o de <strong>Belgrano R<\/strong>, es uno de esos rincones que sorprenden por su belleza y tranquilidad. Se extiende entre<strong> La Pampa <\/strong>y <strong>Olaz\u00e1bal<\/strong>, y est\u00e1 rodeada por chalets de estilo ingl\u00e9s, jardines cuidados y un <strong>t\u00fanel natural<\/strong> formado por frondosas tipas. Su paisaje urbano, silencioso y elegante, contrasta con el ritmo acelerado del resto de la Ciudad de Buenos Aires.<\/p>\n<\/div>\n<div id=\"element-body-1\">\n<p>Cada d\u00eda, miles de personas tienen la posibilidad de contemplar este paisaje \u00fanico desde la ventanilla de una l\u00ednea de colectivo. En pocos minutos, el cemento cede paso a un entorno casi europeo, lleno de \u00e1rboles, casas lujosas y un silencio que sorprende en plena capital. \u00bfHace falta bajarse? No. Con solo mirar, alcanza.<\/p>\n<\/div>\n<div id=\"element-body-3\">\n<p>La l\u00ednea 19 de colectivos es mucho m\u00e1s que un medio de transporte. En su recorrido diario desde <strong>Plaza Miserere <\/strong>(<strong>Once<\/strong>) hasta <strong>Boulogne<\/strong>, atraviesa barrios emblem\u00e1ticos como <strong>Balvanera, Villa Crespo, Colegiales, Belgrano y Saavedra, y cruza al Conurbano pasando por Vicente L\u00f3pez, Olivos, Carapachay y Villa Adelina<\/strong>.<\/p>\n<\/div>\n<div id=\"element-body-4\">\n<p>Pero hay un tramo que destaca del resto: cuando el colectivo dobla por la <strong>avenida Meli\u00e1n, entre La Pampa y Olaz\u00e1bal<\/strong>. Ah\u00ed, el ruido se apaga, el pavimento se vuelve m\u00e1s angosto, y las tipas se unen en lo alto formando un t\u00fanel natural que cubre la calle con sombra y color. A los costados, <strong>chalets y mansiones elegantes<\/strong> completan un escenario que parece sacado de una pel\u00edcula inglesa. <\/p>\n<\/div>\n<div id=\"element-body-5\">\n<p>Aunque hoy hay una mezcla de estilos arquitect\u00f3nicos, en Meli\u00e1n todav\u00eda sobreviven las <strong>construcciones de estilo ingl\u00e9s con jardines cuidados, rejas bajas y detalles que remiten a otra \u00e9poca<\/strong>. Es f\u00e1cil olvidarse de que estamos en Buenos Aires cuando el colectivo avanza lento por ese tramo: el sonido de las hojas, el canto de los p\u00e1jaros y la luz filtrada entre las ramas crean una experiencia \u00fanica.<\/p>\n<\/div>\n<div id=\"element-body-7\">\n<p>No hace falta un tour guiado ni una excursi\u00f3n tur\u00edstica. Basta con tomarse la l\u00ednea 19, preferentemente durante el d\u00eda, para disfrutar del paisaje. Si quer\u00e9s frenar y recorrer con m\u00e1s tiempo, lo ideal es bajarte en alguna de las paradas cercanas a Meli\u00e1n y caminar el tramo entre La Pampa y Olaz\u00e1bal. Ideal para una caminata tranquila, una salida en pareja o una tarde de fotos.<\/p>\n<\/div>\n<div id=\"element-body-9\">\n<p>El recorrido de la l\u00ednea 19 no solo es pintoresco. Tambi\u00e9n pasa por puntos ic\u00f3nicos como el Movistar Arena, el Parque Los Andes, el Cementerio de la Chacarita, el Hospital Pirovano, el Parque Saavedra, la Quinta de Olivos y varias estaciones de tren del norte del Gran Buenos Aires.<\/p>\n<\/div>\n<p><br \/>\n<br \/><a href=\"https:\/\/www.clarin.com\/informacion-general\/tunel-arboles-casas-lujo-recorrer-calles-hermosas-buenos-aires_0_zJTvivQ5sN.html\">Fuente Clarin.com <\/a><\/p>\n","protected":false},"excerpt":{"rendered":"<p>La avenida Meli\u00e1n, ubicada en el barrio porte\u00f1o de Belgrano R, es uno de esos rincones que sorprenden por su belleza y tranquilidad. Se extiende entre La Pampa y Olaz\u00e1bal, y est\u00e1 rodeada por chalets de estilo ingl\u00e9s, jardines cuidados y un t\u00fanel natural formado por frondosas tipas. Su paisaje urbano, silencioso y elegante, contrasta [&hellip;]<\/p>\n","protected":false},"author":1,"featured_media":30364,"comment_status":"open","ping_status":"open","sticky":false,"template":"","format":"standard","meta":{"footnotes":""},"categories":[2],"tags":[328,327,2864,66,19436,48,155,7871,73],"class_list":["post-30363","post","type-post","status-publish","format-standard","has-post-thumbnail","hentry","category-ultimas-noticias","tag-aires","tag-buenos","tag-calles","tag-como","tag-hermosas","tag-las","tag-mas","tag-recorrer","tag-una"],"_links":{"self":[{"href":"https:\/\/13.com.ar\/index.php\/wp-json\/wp\/v2\/posts\/30363","targetHints":{"allow":["GET"]}}],"collection":[{"href":"https:\/\/13.com.ar\/index.php\/wp-json\/wp\/v2\/posts"}],"about":[{"href":"https:\/\/13.com.ar\/index.php\/wp-json\/wp\/v2\/types\/post"}],"author":[{"embeddable":true,"href":"https:\/\/13.com.ar\/index.php\/wp-json\/wp\/v2\/users\/1"}],"replies":[{"embeddable":true,"href":"https:\/\/13.com.ar\/index.php\/wp-json\/wp\/v2\/comments?post=30363"}],"version-history":[{"count":0,"href":"https:\/\/13.com.ar\/index.php\/wp-json\/wp\/v2\/posts\/30363\/revisions"}],"wp:featuredmedia":[{"embeddable":true,"href":"https:\/\/13.com.ar\/index.php\/wp-json\/wp\/v2\/media\/30364"}],"wp:attachment":[{"href":"https:\/\/13.com.ar\/index.php\/wp-json\/wp\/v2\/media?parent=30363"}],"wp:term":[{"taxonomy":"category","embeddable":true,"href":"https:\/\/13.com.ar\/index.php\/wp-json\/wp\/v2\/categories?post=30363"},{"taxonomy":"post_tag","embeddable":true,"href":"https:\/\/13.com.ar\/index.php\/wp-json\/wp\/v2\/tags?post=30363"}],"curies":[{"name":"wp","href":"https:\/\/api.w.org\/{rel}","templated":true}]}}