{"id":30359,"date":"2025-06-02T20:07:27","date_gmt":"2025-06-02T23:07:27","guid":{"rendered":"https:\/\/13.com.ar\/index.php\/ya-tres-automotrices-aplicaron-aumentos-con-el-inicio-del-mes\/"},"modified":"2025-06-02T20:07:27","modified_gmt":"2025-06-02T23:07:27","slug":"ya-tres-automotrices-aplicaron-aumentos-con-el-inicio-del-mes","status":"publish","type":"post","link":"https:\/\/13.com.ar\/index.php\/ya-tres-automotrices-aplicaron-aumentos-con-el-inicio-del-mes\/","title":{"rendered":"Ya tres automotrices aplicaron aumentos con el inicio del mes"},"content":{"rendered":"<p> <br \/>\n<br \/><img decoding=\"async\" src=\"https:\/\/13.com.ar\/wp-content\/uploads\/2025\/06\/Ya-tres-automotrices-aplicaron-aumentos-con-el-inicio-del-mes.jpg\" \/><\/p>\n<div id=\"element-body-0\">\n<p>Hasta comienzos de mayo las terminales automotrices aumentaban sus precios de manera peri\u00f3dica, con nuevas listas que sol\u00edan incorporar, en mayor o menor medida, lo que hab\u00eda pasado con la inflaci\u00f3n y con la cotizaci\u00f3n del d\u00f3lar durante el mes anterior.<\/p>\n<\/div>\n<div id=\"element-body-1\">\n<p>Esa din\u00e1mica se cort\u00f3 de manera abrupta hace un mes, tras la intervenci\u00f3n del ministro de Econom\u00eda, Luis Caputo, cuando advirti\u00f3 a una automotriz en particular -Stellantis- y tambi\u00e9n al sector en su conjunto con utilizar \u201cherramientas\u201d para \u201cdefender a los consumidores\u201d.<\/p>\n<\/div>\n<div id=\"element-body-2\">\n<p>Caputo hab\u00eda salido al cruce de un rumor que afirmaba que Stellantis se dispon\u00eda a subir sus precios 3,6%, casi a la par (aun as\u00ed, por debajo) de lo que hab\u00eda sido la inflaci\u00f3n del mes de marzo. \u201cSi fuera cierto, <strong>ser\u00eda un cambio en la relaci\u00f3n de confianza <\/strong>construida con esta industria\u201d, dijo el ministro en su cuenta de la red X.<\/p>\n<\/div>\n<div id=\"element-body-3\">\n<p>Desde Stellantis le respondieron de inmediato que no era as\u00ed y el ministro lo retuite\u00f3. Y aquel mismo d\u00eda otra automotriz, Ford, sali\u00f3 a decir que no iba a subir sus precios y el ministro tambi\u00e9n public\u00f3 la novedad en su cuenta.<\/p>\n<\/div>\n<div id=\"element-body-4\">\n<p>La presi\u00f3n personal del ministro a las due\u00f1as del negocio automotor en el pa\u00eds (tienen m\u00e1s de 90% de la comercializaci\u00f3n de veh\u00edculos cero kil\u00f3metro) surti\u00f3 efecto: el mes pasado finalmente hubo aumentos, pero no pasaron del 1,8%.<\/p>\n<\/div>\n<div id=\"element-body-5\">\n<p>Punto para Caputo: tras una devaluaci\u00f3n del peso del 8% a la salida del cepo, con una inflaci\u00f3n en marzo de 3,7% y de 2,2% en abril, el mes pasado puso en caja a las automotrices con incrementos que en promedio <strong>apenas superaron 1%<\/strong>. Eso, sin contar los crecientes descuentos que est\u00e1n aplicando las concesionarias en la modalidad de \u201cincentivos\u201d o premios a las ventas, que pueden rozar descuentos de hasta 10%.<\/p>\n<\/div>\n<div id=\"element-body-6\">\n<p>Ahora, con el inicio de junio, comienzan a verse <strong>nuevos incrementos <\/strong>en las listas, todav\u00eda en niveles que apuntan a quedar<strong> por debajo del radar <\/strong>del ministro de Econom\u00eda.<\/p>\n<\/div>\n<div id=\"element-body-7\">\n<p>Ya son tres las automotrices que enviaron a sus redes de concesionarios nuevas listas de precios, con incrementos promedio que oscilan <strong>entre 1,2% y 2%.<\/strong><\/p>\n<\/div>\n<div id=\"element-body-8\">\n<p>Ford, la \u00fanica automotriz que el mes pasado hab\u00eda mantenido sus precios sin cambios, aplic\u00f3 un aumento promedio de <strong>2%.<\/strong><\/p>\n<\/div>\n<div id=\"element-body-9\">\n<p>La marca del \u00f3valo fabrica en su planta de General Pacheco la <strong>Ford Range<\/strong>r, cuyos precios de lista subieron<strong> 1,3%<\/strong>. En el caso de un modelo importado como la<strong> Ford Territory<\/strong> (de origen chino), la variaci\u00f3n de precios va de<strong> 0% <\/strong>para la gama de entrada hasta <strong>4% <\/strong>para la versi\u00f3n full (Titanium).<\/p>\n<\/div>\n<div id=\"element-body-10\">\n<p><strong>General Motors<\/strong>, que el mes pasado hab\u00eda subido su lista 1,5% subi\u00f3 en promedio 1,2% sus precios este mes, con las versiones de entrada del <strong>Chevrolet Onix<\/strong> en casi 26,7 millones de pesos (el mismo precio para la gama de entrada del modelo <strong>Spin)<\/strong>. Hace un mes, esos mismos modelos estaban en casi $26,4 millones (<strong>1% de aumento).<\/strong><\/p>\n<\/div>\n<div id=\"element-body-11\">\n<p><strong>Toyota<\/strong>, que el mes pasado hab\u00eda incrementado sus precios 1,4%, aplic\u00f3 para junio una suba promedio de 1,9%. Su modelo m\u00e1s econ\u00f3mico y el m\u00e1s vendido del mes pasado, el <strong>Yaris<\/strong>, qued\u00f3 en <strong>25.261.000 pesos<\/strong> para la versi\u00f3n de entrada (XS) y el que le sigue (CVT), pas\u00f3 a<strong> $28 millones.<\/strong><\/p>\n<\/div>\n<div id=\"element-body-12\">\n<p>A lo largo de la semana ir\u00e1n difundiendo sus listas otras marcas muy vendedoras como Renault, Volkswagen y Stellantis, entre otras. Y en algunas concesionarias de modelos importados (grupo Antelo, por ejemplo) tambi\u00e9n comenzar\u00e1 la oferta de autos chinos electrificados, a precios que rozan los $35 millones como parte del cupo especial de unidades que ingresar\u00e1n sin aranceles. Otra medida del Gobierno destinada a <strong>achatar los precios.<\/strong><\/p>\n<\/div>\n<p><br \/>\n<br \/><a href=\"https:\/\/www.clarin.com\/economia\/automotrices-aplicaron-aumentos-inicio-mes_0_zVGbNSeTdw.html\">Fuente Clarin.com <\/a><\/p>\n","protected":false},"excerpt":{"rendered":"<p>Hasta comienzos de mayo las terminales automotrices aumentaban sus precios de manera peri\u00f3dica, con nuevas listas que sol\u00edan incorporar, en mayor o menor medida, lo que hab\u00eda pasado con la inflaci\u00f3n y con la cotizaci\u00f3n del d\u00f3lar durante el mes anterior. Esa din\u00e1mica se cort\u00f3 de manera abrupta hace un mes, tras la intervenci\u00f3n del [&hellip;]<\/p>\n","protected":false},"author":1,"featured_media":30360,"comment_status":"open","ping_status":"open","sticky":false,"template":"","format":"standard","meta":{"footnotes":""},"categories":[2],"tags":[20064,868,14013,18,100,160,196,434],"class_list":["post-30359","post","type-post","status-publish","format-standard","has-post-thumbnail","hentry","category-ultimas-noticias","tag-aplicaron","tag-aumentos","tag-automotrices","tag-con","tag-del","tag-inicio","tag-mes","tag-tres"],"_links":{"self":[{"href":"https:\/\/13.com.ar\/index.php\/wp-json\/wp\/v2\/posts\/30359","targetHints":{"allow":["GET"]}}],"collection":[{"href":"https:\/\/13.com.ar\/index.php\/wp-json\/wp\/v2\/posts"}],"about":[{"href":"https:\/\/13.com.ar\/index.php\/wp-json\/wp\/v2\/types\/post"}],"author":[{"embeddable":true,"href":"https:\/\/13.com.ar\/index.php\/wp-json\/wp\/v2\/users\/1"}],"replies":[{"embeddable":true,"href":"https:\/\/13.com.ar\/index.php\/wp-json\/wp\/v2\/comments?post=30359"}],"version-history":[{"count":0,"href":"https:\/\/13.com.ar\/index.php\/wp-json\/wp\/v2\/posts\/30359\/revisions"}],"wp:featuredmedia":[{"embeddable":true,"href":"https:\/\/13.com.ar\/index.php\/wp-json\/wp\/v2\/media\/30360"}],"wp:attachment":[{"href":"https:\/\/13.com.ar\/index.php\/wp-json\/wp\/v2\/media?parent=30359"}],"wp:term":[{"taxonomy":"category","embeddable":true,"href":"https:\/\/13.com.ar\/index.php\/wp-json\/wp\/v2\/categories?post=30359"},{"taxonomy":"post_tag","embeddable":true,"href":"https:\/\/13.com.ar\/index.php\/wp-json\/wp\/v2\/tags?post=30359"}],"curies":[{"name":"wp","href":"https:\/\/api.w.org\/{rel}","templated":true}]}}