{"id":30356,"date":"2025-06-02T19:49:32","date_gmt":"2025-06-02T22:49:32","guid":{"rendered":"https:\/\/13.com.ar\/index.php\/cerrara-un-foro-auspiciado-por-una-empresa-cripto-que-lo-critico-por-el-escandalo-libra\/"},"modified":"2025-06-02T19:49:32","modified_gmt":"2025-06-02T22:49:32","slug":"cerrara-un-foro-auspiciado-por-una-empresa-cripto-que-lo-critico-por-el-escandalo-libra","status":"publish","type":"post","link":"https:\/\/13.com.ar\/index.php\/cerrara-un-foro-auspiciado-por-una-empresa-cripto-que-lo-critico-por-el-escandalo-libra\/","title":{"rendered":"cerrar\u00e1 un foro auspiciado por una empresa cripto que lo critic\u00f3 por el esc\u00e1ndalo $LIBRA"},"content":{"rendered":"<p> <br \/>\n<br \/><img decoding=\"async\" src=\"https:\/\/13.com.ar\/wp-content\/uploads\/2025\/06\/cerrara-un-foro-auspiciado-por-una-empresa-cripto-que-lo.jpg\" \/><\/p>\n<div id=\"cuerpo\">\n<div class=\"sc-45461e9c-0 eqiBeF container-text text-embed \" id=\"element-body-0\">\n<p>Mientras la investigaci\u00f3n por la probable estafa con la moneda virtual que <strong>promocion\u00f3 el presidente Javier Milei<\/strong> avanza, el Presidente <strong>regresar\u00e1 a Espa\u00f1a el fin de semana para clausurar el Madrid Economic Forum,<\/strong> un evento econ\u00f3mico privado y <strong>auspiciado por una empresa cripto que critic\u00f3 el rol del mandatario en el esc\u00e1ndalo $LIBRA<\/strong>.<\/p>\n<\/div>\n<div class=\"sc-45461e9c-0 eqiBeF container-text text-embed \" id=\"element-body-1\">\n<p><strong>Clar\u00edn <\/strong>adelant\u00f3 la semana pasada que el presidente argentino iba a ser el orador estrella que dar\u00e1 el discurso final del foro auspiciado por Bit2Me, la empresa que as\u00ed se presenta en la web: \u201cBit2Me se fund\u00f3 en 2014 con base en Espa\u00f1a (Europa) para ayudar a personas, empresas e instituciones a acceder, comerciar y gestionar criptomonedas y activos digitales de forma sencilla y segura\u201d.<\/p>\n<\/div>\n<div class=\"sc-45461e9c-0 eqiBeF container-text text-embed \" id=\"element-body-2\">\n<p>Su director de Formaci\u00f3n Institucional y Comunicaci\u00f3n, Javier Pastor, ser\u00e1 uno de los oradores del foro. Disertar\u00e1, el mismo domingo<strong> 8 de junio en el que hablar\u00e1 Javier Milei,<\/strong> sobre el nuevo paradigma de Bitcoin.<\/p>\n<\/div>\n<div class=\"sc-45461e9c-0 eqiBeF container-text text-embed \" id=\"element-body-3\">\n<p><strong>Pastor fue muy cr\u00edtico con el presidente argentino cuando, en febrero de este a\u00f1o, dio difusi\u00f3n al memecoin $LIBRA<\/strong> en su cuenta de X.<\/p>\n<\/div>\n<div class=\"sc-45461e9c-0 eqiBeF container-text text-embed \" id=\"element-body-4\">\n<p>\u201cQue el presidente de Argentina no tenga una serie de filtros, una serie de asesores que le ayuden a separar ese tipo de proyectos que han terminado muy mal, han perdido much\u00edsimo dinero los inversores que confiaron en comprar este token $LIBRA, pues <strong>es una decepci\u00f3n<\/strong>\u201d, dijo Pastor cuando estall\u00f3 el esc\u00e1ndalo.<\/p>\n<\/div>\n<div class=\"sc-45461e9c-0 eqiBeF container-text text-embed \" id=\"element-body-5\">\n<p>\u201cNo podemos obviar que a pesar de que muchos est\u00e9n ilusionados con las ideas que trae Milei, <strong>este tipo de error penaliza su posici\u00f3n y tambi\u00e9n decepciona<\/strong>\u201d, insisti\u00f3. \u201cY tiene impacto, en t\u00e9rminos generales, en la industria porque <strong>se lanza un mensaje equivocado<\/strong>\u201d, lament\u00f3.<\/p>\n<\/div>\n<div class=\"sc-45461e9c-0 eqiBeF container-text text-embed \" id=\"element-body-6\">\n<p>La presentaci\u00f3n de Pastor, prevista para las diez de la ma\u00f1ana del domingo 8 de junio, profundizar\u00e1, seg\u00fan los organizadores del foro, sobre \u201cc\u00f3mo Bitcoin est\u00e1 estableciendo un nuevo paradigma en el mundo de las finanzas, discutir\u00e1 sus implicaciones para el sistema monetario tradicional y las oportunidades que presenta para el futuro de las transacciones globales\u201d.<\/p>\n<\/div>\n<p><h2>Un escenario familiar para Milei<\/h2>\n<\/p>\n<div class=\"sc-45461e9c-0 eqiBeF container-text text-embed \" id=\"element-body-8\">\n<p>El encuentro internacional, organizado por dos empresas de Andorra, se promociona como \u201c<strong>el evento econ\u00f3mico y empresarial m\u00e1s influyente de Espa\u00f1a<\/strong>\u201d.<\/p>\n<\/div>\n<div class=\"sc-45461e9c-0 eqiBeF container-text text-embed \" id=\"element-body-9\">\n<p>Se realizar\u00e1 en el Palacio de Vistalegre, un predio de casi 20 mil metros cuadrados a unos 25 minutos de auto de la Puerta del Sol de Madrid.<\/p>\n<\/div>\n<div class=\"sc-45461e9c-0 eqiBeF container-text text-embed \" id=\"element-body-10\">\n<p>Milei conoce bien el Vistalegre. En mayo del a\u00f1o pasado, en su primer viaje a Espa\u00f1a como presidente, fue el invitado de honor de un <strong>acto del partido Vox<\/strong>.<\/p>\n<\/div>\n<div class=\"sc-45461e9c-0 eqiBeF container-text text-embed \" id=\"element-body-11\">\n<p>Fue sobre ese escenario que el argentino aludi\u00f3 a <strong>la esposa del jefe de gobierno espa\u00f1ol Pedro S\u00e1nchez llam\u00e1ndola \u201ccorrupta<\/strong>\u201d -por la investigaci\u00f3n que le sigue la Justicia espa\u00f1ola-, frase que desencaden\u00f3 un <strong>cortocircuito diplom\u00e1tico que dur\u00f3 m\u00e1s de cinco meses<\/strong>. Espa\u00f1a convoc\u00f3 y ret\u00f3 al por entonces embajador argentino en Madrid, Roberto Bosch, y levant\u00f3 de Buenos Aires a su embajadora.<\/p>\n<\/div>\n<div class=\"sc-45461e9c-0 eqiBeF container-text text-embed \" id=\"element-body-12\">\n<p>Pero la relaci\u00f3n bilateral hab\u00eda comenzado a resentirse unos d\u00edas antes de la llegada de Milei a Espa\u00f1a, cuando el ministro de Transporte de S\u00e1nchez dio a entender que el presidente argentino consum\u00eda \u201csustancias\u201d.<\/p>\n<\/div>\n<p><h2>Una voz amiga contra el esc\u00e1ndalo cripto<\/h2>\n<\/p>\n<div class=\"sc-45461e9c-0 eqiBeF container-text text-embed \" id=\"element-body-14\">\n<p>Unas horas antes de que Milei clausure el foro, un amigo suyo espa\u00f1ol debatir\u00e1 sobre las causas estructurales que dificultan el acceso a la vivienda en Espa\u00f1a.<\/p>\n<\/div>\n<div class=\"sc-45461e9c-0 eqiBeF container-text text-embed \" id=\"element-body-15\">\n<p>Se trata de <strong>Juan Ram\u00f3n Rallo<\/strong>, el economista y jurista liberal que <strong>prolog\u00f3 el libro de Javier Milei \u201cEl camino del libertario\u201d <\/strong>y que este a\u00f1o recibi\u00f3 el premio del Instituto Juan de Mariana que el presidente argentino recogi\u00f3 el a\u00f1o pasado en Madrid.<\/p>\n<\/div>\n<div class=\"sc-45461e9c-0 eqiBeF container-text text-embed \" id=\"element-body-16\">\n<p>En febrero, en su canal de YouTube, Rallo le dedic\u00f3 media hora al esc\u00e1ndalo por el memecoin que Milei apoy\u00f3. \u201c<strong>Da\u00f1a la imagen exterior de la Argentina\u201d, se\u00f1al\u00f3<\/strong>. Y agreg\u00f3 que se trataba del \u201c<strong>error pol\u00edtico m\u00e1s grave hasta el momento de toda la presidencia de Javier Milei<\/strong>\u201d.<\/p>\n<\/div>\n<div class=\"sc-45461e9c-0 eqiBeF container-text text-embed \" id=\"element-body-17\">\n<p>\u201cEl discurso p\u00fablico est\u00e1 copado por el debate sobre si Javier Milei, el presidente de Argentina, es un estafador profesional o no y esto, con raz\u00f3n o sin ella, es un error pol\u00edtico grav\u00edsimo por parte de Javier Milei y de su equipo. De hecho probablemente se trate del error pol\u00edtico m\u00e1s grave hasta el momento de toda la presidencia de Javier Milei\u201d, dijo Rallo.<\/p>\n<\/div>\n<p><h2>Otros oradores<\/h2>\n<\/p>\n<div class=\"sc-45461e9c-0 eqiBeF container-text text-embed \" id=\"element-body-19\">\n<p>El encuentro econ\u00f3mico del fin de semana que viene durar\u00e1 dos d\u00edas y, entre los participantes a disertar, figuran tambi\u00e9n la ex presidenta de la Comunidad de Madrid Esperanza Aguirre, el ex l\u00edder del partido de centro-derecha Ciudadanos Albert Rivera, y el ex diputado de Vox, Iv\u00e1n Espinosa de los Monteros.<\/p>\n<\/div>\n<div class=\"sc-45461e9c-0 eqiBeF container-text text-embed \" id=\"element-body-20\">\n<p>Debatir\u00e1n, adem\u00e1s, el economista Daniel Lacalle; el asesor de comunicaci\u00f3n del presidente estadounidense Donald Trump, Alex Bruesewitz, y algunos argentinos: el polit\u00f3logo Agust\u00edn Maje, el intelectual que apoya y asesora a Javier Milei, y el empresario Mart\u00edn Varsavsky.<\/p>\n<\/div>\n<div class=\"sc-45461e9c-0 eqiBeF container-text text-embed \" id=\"element-body-21\">\n<p>\u201c<strong>Un \u2018contra-Davos&#8217; <\/strong>en el que conferenciantes liberales, anti-globalistas y sin complejos (\u2018fachas\u2019, para que me entiendan los progres) os recordar\u00e1n que el socialismo es ruina y el capitalismo progreso. No falt\u00e9is\u201d, convoca, con iron\u00eda, uno de los panelistas, Marcos De Quinto, ex vicepresidente a nivel mundial de Coca-Cola y ex diputado del partido de centro-derecha espa\u00f1ol Ciudadanos.<\/p>\n<\/div>\n<div class=\"sc-45461e9c-0 eqiBeF container-text text-embed \" id=\"element-body-22\">\n<p><strong>Las entradas para asistir cuestan entre 150 y 7.500 euros.<\/strong><\/p>\n<\/div>\n<p><h2>El \u00fanico pol\u00edtico en activo<\/h2>\n<\/p>\n<div class=\"sc-45461e9c-0 eqiBeF container-text text-embed \" id=\"element-body-24\">\n<p>Milei ser\u00e1 el \u00fanico orador que est\u00e1 ejerciendo un cargo pol\u00edtico. La consigna de los organizadores a la hora de convocar ponentes para el foro fue \u201cque no fueran pol\u00edticos en activo en Espa\u00f1a\u201d.<\/p>\n<\/div>\n<div class=\"sc-45461e9c-0 eqiBeF container-text text-embed \" id=\"element-body-25\">\n<p>La intervenci\u00f3n del presidente argentino est\u00e1 pautada para las 19.45 del domingo. Est\u00e1 previsto que hable unos 45 minutos.<\/p>\n<\/div>\n<div class=\"sc-45461e9c-0 eqiBeF container-text text-embed \" id=\"element-body-26\">\n<p>Su agenda lo volver\u00e1 a traer a Madrid el viernes 13 de junio cuando, antes de regresar al pa\u00eds, <strong>recibir\u00e1 el premio de la organizaci\u00f3n liberal El Club de los Viernes<\/strong> que no pudo venir a recoger en marzo, cuando suspendi\u00f3 su viaje por los disturbios durante la marcha de jubilados apoyada por barrabravas.<\/p>\n<\/div>\n<\/div>\n<p><br \/>\n<br \/><a href=\"https:\/\/www.clarin.com\/politica\/nuevo-viaje-milei-espana-cerrara-foro-auspiciado-empresa-cripto-critico-escandalo-libra_0_saOmf0ziWV.html\">Fuente Clarin.com <\/a><\/p>\n","protected":false},"excerpt":{"rendered":"<p>Mientras la investigaci\u00f3n por la probable estafa con la moneda virtual que promocion\u00f3 el presidente Javier Milei avanza, el Presidente regresar\u00e1 a Espa\u00f1a el fin de semana para clausurar el Madrid Economic Forum, un evento econ\u00f3mico privado y auspiciado por una empresa cripto que critic\u00f3 el rol del mandatario en el esc\u00e1ndalo $LIBRA. Clar\u00edn adelant\u00f3 [&hellip;]<\/p>\n","protected":false},"author":1,"featured_media":30357,"comment_status":"open","ping_status":"open","sticky":false,"template":"","format":"standard","meta":{"footnotes":""},"categories":[2],"tags":[20062,6124,7005,580,1091,1711,6314,7109,142,73],"class_list":["post-30356","post","type-post","status-publish","format-standard","has-post-thumbnail","hentry","category-ultimas-noticias","tag-auspiciado","tag-cerrara","tag-cripto","tag-critico","tag-empresa","tag-escandalo","tag-foro","tag-libra","tag-por","tag-una"],"_links":{"self":[{"href":"https:\/\/13.com.ar\/index.php\/wp-json\/wp\/v2\/posts\/30356","targetHints":{"allow":["GET"]}}],"collection":[{"href":"https:\/\/13.com.ar\/index.php\/wp-json\/wp\/v2\/posts"}],"about":[{"href":"https:\/\/13.com.ar\/index.php\/wp-json\/wp\/v2\/types\/post"}],"author":[{"embeddable":true,"href":"https:\/\/13.com.ar\/index.php\/wp-json\/wp\/v2\/users\/1"}],"replies":[{"embeddable":true,"href":"https:\/\/13.com.ar\/index.php\/wp-json\/wp\/v2\/comments?post=30356"}],"version-history":[{"count":0,"href":"https:\/\/13.com.ar\/index.php\/wp-json\/wp\/v2\/posts\/30356\/revisions"}],"wp:featuredmedia":[{"embeddable":true,"href":"https:\/\/13.com.ar\/index.php\/wp-json\/wp\/v2\/media\/30357"}],"wp:attachment":[{"href":"https:\/\/13.com.ar\/index.php\/wp-json\/wp\/v2\/media?parent=30356"}],"wp:term":[{"taxonomy":"category","embeddable":true,"href":"https:\/\/13.com.ar\/index.php\/wp-json\/wp\/v2\/categories?post=30356"},{"taxonomy":"post_tag","embeddable":true,"href":"https:\/\/13.com.ar\/index.php\/wp-json\/wp\/v2\/tags?post=30356"}],"curies":[{"name":"wp","href":"https:\/\/api.w.org\/{rel}","templated":true}]}}