{"id":30354,"date":"2025-06-02T19:46:32","date_gmt":"2025-06-02T22:46:32","guid":{"rendered":"https:\/\/13.com.ar\/index.php\/polemica-con-pablito-ruiz-festejo-su-cumpleanos-invito-a-sus-fans-y-luego-les-cobro-la-comida-el-descargo-del-artista\/"},"modified":"2025-06-02T19:46:32","modified_gmt":"2025-06-02T22:46:32","slug":"polemica-con-pablito-ruiz-festejo-su-cumpleanos-invito-a-sus-fans-y-luego-les-cobro-la-comida-el-descargo-del-artista","status":"publish","type":"post","link":"https:\/\/13.com.ar\/index.php\/polemica-con-pablito-ruiz-festejo-su-cumpleanos-invito-a-sus-fans-y-luego-les-cobro-la-comida-el-descargo-del-artista\/","title":{"rendered":"Pol\u00e9mica con Pablito Ruiz, festej\u00f3 su cumplea\u00f1os, invit\u00f3 a sus fans y luego les cobr\u00f3 la comida: el descargo del artista"},"content":{"rendered":"<p> <br \/>\n<br \/><img decoding=\"async\" src=\"https:\/\/13.com.ar\/wp-content\/uploads\/2025\/06\/Polemica-con-Pablito-Ruiz-festejo-su-cumpleanos-invito-a-sus.jpg\" \/><\/p>\n<div id=\"element-body-0\">\n<p>El pasado 4 de mayo Pablo Maximiliano Miguel Coronel Vidoz, alias <strong>Pablito Ruiz<\/strong>, cumpli\u00f3 50 a\u00f1os. Sin embargo, como para esa fecha estaba de viaje, el cantante tom\u00f3 la decisi\u00f3n de posponer unos d\u00edas el festejo.<\/p>\n<\/div>\n<div id=\"element-body-1\">\n<p>Finalmente, este domingo 1 de junio, <strong>Pablito se dio el gusto de tener un gran festejo de cumplea\u00f1os<\/strong> con m\u00e1s de un centenar de invitados. <\/p>\n<\/div>\n<div id=\"element-body-2\">\n<p>En un sal\u00f3n de fiestas de Lomas de Zamora, el artista -al mejor estilo fiesta de 15- ingres\u00f3, vestido con un smoking blanco, bajando las escaleras del sal\u00f3n al ritmo de <em>Titanium,<\/em> el tema de David Guetta y Sia. <\/p>\n<\/div>\n<div id=\"element-body-3\">\n<p>Adem\u00e1s, <strong>brind\u00f3 un mini show con sus hits<\/strong>, se emocion\u00f3 al tomar la palabra, sopl\u00f3 las velitas y celebr\u00f3 con champagne con sus invitados.<\/p>\n<\/div>\n<div id=\"element-body-5\">\n<p>Christian Sancho y Celeste Muriega, Valeria Archim\u00f3 y Maxi Diorio fueron algunos de los presentes en el festejo, entre los que tambi\u00e9n se encontraban integrantes del staff del artista. Pero, en su mayor\u00eda, los invitados en el evento fueron seguidores del cumplea\u00f1ero.<\/p>\n<\/div>\n<div id=\"element-body-6\">\n<p>La pol\u00e9mica surgi\u00f3 cuando se conoci\u00f3 que muchos de los invitados se enteraron que hab\u00eda que pagar la suma de <strong>100 d\u00f3lares por el cubierto.<\/strong><\/p>\n<\/div>\n<div id=\"element-body-7\">\n<p>Seg\u00fan relat\u00f3 el periodista Fede Flowers en X (ex Twitter), &#8220;algunos incluso tuvieron que recolectar el dinero entre ellos o hacer transferencias de \u00faltimo momento para no quedarse afuera del banquete&#8221;.<\/p>\n<\/div>\n<div id=\"element-body-8\">\n<p>En el anuncio de la celebraci\u00f3n que Pablito comparti\u00f3 d\u00edas atr\u00e1s en sus redes, destacaba: <strong>&#8220;Medio siglo brillando&#8221;, junto a la fecha, lugar del festejo y le c\u00f3digo de vestimenta: elegante sport.<\/strong><\/p>\n<\/div>\n<div id=\"element-body-10\">\n<p>Eso s\u00ed, nada de un valor de la entrada.<\/p>\n<\/div>\n<div id=\"element-body-12\">\n<p>Consultado por <strong>Clar\u00edn<\/strong>, el int\u00e9rprete de <em>\u00a1Oh mama! ella me ha besado <\/em>dio su opini\u00f3n de la pol\u00e9mica y dej\u00f3 en claro que los presentes sab\u00edan que el ingreso a la fiesta de su cumplea\u00f1os ten\u00eda un costo de entrada.<\/p>\n<\/div>\n<div id=\"element-body-13\">\n<p>&#8220;No hay ning\u00fan esc\u00e1ndalo, porque <strong>yo invit\u00e9 a mis fans de todos lados de Latinoam\u00e9rica y se vendi\u00f3 como una cena show para estar conmigo en el d\u00eda de mi cumplea\u00f1os.<\/strong> No veo qu\u00e9 tiene eso de bochornoso&#8221;, plante\u00f3 Pablito, que sigui\u00f3: &#8220;Se brind\u00f3 un sal\u00f3n de primera calidad, un show en vivo, un catering incre\u00edble, una atenci\u00f3n de reyes&#8230;&#8221;.<\/p>\n<\/div>\n<div id=\"element-body-14\">\n<p>Y luego asegur\u00f3 que todos los presentes sab\u00edan que la cena-show ten\u00eda un costo: &#8220;Todo fue planeado, nada improvisado. <strong>Todos sab\u00edan que con la entrada ten\u00edan el derecho a la comida, pasarla lindo conmigo y ver el show que hice en vivo&#8221;.<\/strong><\/p>\n<\/div>\n<p><br \/>\n<br \/><a href=\"https:\/\/www.clarin.com\/fama\/polemica-pablito-ruiz-festejo-cumpleanos-invito-fans-luego-cobro-comida-descargo-artista_0_Y5HliAfdh3.html\">Fuente Clarin.com <\/a><\/p>\n","protected":false},"excerpt":{"rendered":"<p>El pasado 4 de mayo Pablo Maximiliano Miguel Coronel Vidoz, alias Pablito Ruiz, cumpli\u00f3 50 a\u00f1os. Sin embargo, como para esa fecha estaba de viaje, el cantante tom\u00f3 la decisi\u00f3n de posponer unos d\u00edas el festejo. Finalmente, este domingo 1 de junio, Pablito se dio el gusto de tener un gran festejo de cumplea\u00f1os con [&hellip;]<\/p>\n","protected":false},"author":1,"featured_media":30355,"comment_status":"open","ping_status":"open","sticky":false,"template":"","format":"standard","meta":{"footnotes":""},"categories":[2],"tags":[3556,1554,280,18,3825,100,4599,3054,478,6319,2815,1875,20061,814,16741,40],"class_list":["post-30354","post","type-post","status-publish","format-standard","has-post-thumbnail","hentry","category-ultimas-noticias","tag-artista","tag-cobro","tag-comida","tag-con","tag-cumpleanos","tag-del","tag-descargo","tag-fans","tag-festejo","tag-invito","tag-les","tag-luego","tag-pablito","tag-polemica","tag-ruiz","tag-sus"],"_links":{"self":[{"href":"https:\/\/13.com.ar\/index.php\/wp-json\/wp\/v2\/posts\/30354","targetHints":{"allow":["GET"]}}],"collection":[{"href":"https:\/\/13.com.ar\/index.php\/wp-json\/wp\/v2\/posts"}],"about":[{"href":"https:\/\/13.com.ar\/index.php\/wp-json\/wp\/v2\/types\/post"}],"author":[{"embeddable":true,"href":"https:\/\/13.com.ar\/index.php\/wp-json\/wp\/v2\/users\/1"}],"replies":[{"embeddable":true,"href":"https:\/\/13.com.ar\/index.php\/wp-json\/wp\/v2\/comments?post=30354"}],"version-history":[{"count":0,"href":"https:\/\/13.com.ar\/index.php\/wp-json\/wp\/v2\/posts\/30354\/revisions"}],"wp:featuredmedia":[{"embeddable":true,"href":"https:\/\/13.com.ar\/index.php\/wp-json\/wp\/v2\/media\/30355"}],"wp:attachment":[{"href":"https:\/\/13.com.ar\/index.php\/wp-json\/wp\/v2\/media?parent=30354"}],"wp:term":[{"taxonomy":"category","embeddable":true,"href":"https:\/\/13.com.ar\/index.php\/wp-json\/wp\/v2\/categories?post=30354"},{"taxonomy":"post_tag","embeddable":true,"href":"https:\/\/13.com.ar\/index.php\/wp-json\/wp\/v2\/tags?post=30354"}],"curies":[{"name":"wp","href":"https:\/\/api.w.org\/{rel}","templated":true}]}}