{"id":30350,"date":"2025-06-02T19:37:29","date_gmt":"2025-06-02T22:37:29","guid":{"rendered":"https:\/\/13.com.ar\/index.php\/exigen-la-renuncia-del-presidente-luis-arce-y-que-se-habilite-la-candidatura-de-evo-morales\/"},"modified":"2025-06-02T19:37:29","modified_gmt":"2025-06-02T22:37:29","slug":"exigen-la-renuncia-del-presidente-luis-arce-y-que-se-habilite-la-candidatura-de-evo-morales","status":"publish","type":"post","link":"https:\/\/13.com.ar\/index.php\/exigen-la-renuncia-del-presidente-luis-arce-y-que-se-habilite-la-candidatura-de-evo-morales\/","title":{"rendered":"exigen la renuncia del presidente Luis Arce y que se habilite la candidatura de Evo Morales"},"content":{"rendered":"<p> <br \/>\n<\/p>\n<div id=\"cuerpo\">\n<div class=\"sc-45461e9c-0 eqiBeF container-text text-embed \" id=\"element-body-0\">\n<p>Seguidores del ex mandatario y exl\u00edder del oficialismo de Bolivia Evo Morales volvieron a marchar este lunes en La Paz<strong> para exigir la renuncia del presidente del pa\u00eds,<\/strong> Luis Arce, a quien tildan de &#8220;traidor&#8221;, en medio de la disputa por su inhabilitaci\u00f3n para las elecciones generales de agosto pr\u00f3ximo.<\/p>\n<\/div>\n<div class=\"sc-45461e9c-0 eqiBeF container-text text-embed \" id=\"element-body-1\">\n<p>La manifestaci\u00f3n estuvo conformada por decenas de personas, sobre todo habitantes de El Alto, la ciudad vecina de La Paz, quienes recorrieron las principales calles del centro hist\u00f3rico de la segunda urbe que es sede del Gobierno y el Legislativo nacionales.<\/p>\n<\/div>\n<div class=\"sc-45461e9c-0 eqiBeF container-text text-embed \" id=\"element-body-2\">\n<p>Con banderas bolivianas y tambi\u00e9n la wiphala, la ense\u00f1a multicolor ind\u00edgena, <strong>los manifestantes corearon consignas en contra de Arce.<\/strong><\/p>\n<\/div>\n<div class=\"sc-45461e9c-0 eqiBeF container-text text-embed \" id=\"element-body-3\">\n<p>La marcha lleg\u00f3 hasta una calle cercana a la plaza Murillo, donde est\u00e1n la casa de Gobierno y el Parlamento, con la intenci\u00f3n de ingresar hasta el lugar para hacer conocer su descontento con la Administraci\u00f3n de Arce, <strong>a la que responsabilizan tambi\u00e9n por la crisis econ\u00f3mica en que est\u00e1 sumido el pa\u00eds.<\/strong><\/p>\n<\/div>\n<div class=\"sc-45461e9c-0 eqiBeF container-text text-embed \" id=\"element-body-4\">\n<p>&#8220;Hoy d\u00eda (lunes) estamos empezando y va a seguir la marcha hasta que renuncie este presidente traidor, este incapaz, que se vaya de una vez, que nos deje gobernar a nosotros&#8221;, dijo Magdalena Huanca, una vecina de El Alto que particip\u00f3 en la protesta.<\/p>\n<\/div>\n<div class=\"sc-45461e9c-0 eqiBeF container-text text-embed \" id=\"element-body-5\">\n<p>Huanca <strong>lament\u00f3 el incremento de los costos de alimentos como el arroz, aceite o az\u00facar <\/strong>y asegur\u00f3 que por eso se han &#8220;autoconvocado&#8221; algunas juntas de vecinos de El Alto para protestar.<\/p>\n<\/div>\n<div class=\"sc-45461e9c-0 eqiBeF container-text text-embed \" id=\"element-body-6\">\n<p>El diputado del gubernamental Movimiento al Socialismo (MAS) Ren\u00e1n Cabezas, que particip\u00f3 en la marcha, dijo que los manifestantes &#8220;est\u00e1n pidiendo de forma un\u00e1nime que el presidente Arce <strong>renuncie a su cargo porque no genera ninguna confianza&#8221;<\/strong> y &#8220;ya no tiene ninguna credibilidad&#8221;, lo que, a su juicio, &#8220;genera mayor crisis&#8221;.<\/p>\n<\/div>\n<div class=\"sc-98b114a2-0 bkqiHH image-embed  image-embed \" id=\"element-body-7\"><picture class=\"sc-98b114a2-1 jRUlDm\"><source media=\"(min-width: 975px)\" width=\"720\" height=\"480\" \/><img alt=\"nd\u00edgenas aimaras pertenecientes a los 'Ponchos Rojos' participan en una protesta por la crisis econ\u00f3mica este lunes, en La Paz (Bolivia) Foto EFE\" loading=\"lazy\" width=\"720\" height=\"480\" decoding=\"async\" data-nimg=\"1\" style=\"color:transparent\" src=\"https:\/\/13.com.ar\/wp-content\/uploads\/2025\/06\/exigen-la-renuncia-del-presidente-Luis-Arce-y-que-se.jpg\"\/><span class=\"epigraphe\">nd\u00edgenas aimaras pertenecientes a los &#8216;Ponchos Rojos&#8217; participan en una protesta por la crisis econ\u00f3mica este lunes, en La Paz (Bolivia) Foto EFE<\/span><span class=\"picture-open\"><button class=\"open-image\" aria-label=\"Open Image\"\/><\/span><\/picture><\/div>\n<div class=\"sc-45461e9c-0 eqiBeF container-text text-embed \" id=\"element-body-8\">\n<p>&#8220;El com\u00fan denominador de la marcha es exigir que haya una atenci\u00f3n a la econom\u00eda del pa\u00eds y que el presidente Arce se vaya&#8221;, indic\u00f3 el parlamentario, representante en el Legislativo de una circunscripci\u00f3n situada en El Alto.<\/p>\n<\/div>\n<div class=\"sc-45461e9c-0 eqiBeF container-text text-embed \" id=\"element-body-9\">\n<p>Cabezas, que pertenece al ala oficialista leal al exgobernante, justific\u00f3 que tambi\u00e9n defienden sus &#8220;derechos pol\u00edticos&#8221; porque sus seguidores<strong> &#8220;no saben por qui\u00e9n van a votar si el hermano Evo Morales no es candidato&#8221;.<\/strong><\/p>\n<\/div>\n<div class=\"sc-45461e9c-0 eqiBeF container-text text-embed \" id=\"element-body-10\">\n<p>Morales insiste en participar en los comicios pese a que el Tribunal Constitucional Plurinacional (TCP) <strong>ratific\u00f3 recientemente que la reelecci\u00f3n en Bolivia est\u00e1 permitida &#8220;por una \u00fanica vez de forma continua&#8221;<\/strong>, sin la posibilidad de una tercera gesti\u00f3n, y \u00e9l ya gobern\u00f3 el pa\u00eds en los periodos 2006-2009, 2010-2014 y 2015-2019.<\/p>\n<\/div>\n<div class=\"sc-45461e9c-0 eqiBeF container-text text-embed \" id=\"element-body-11\">\n<p>El expresidente renunci\u00f3 al MAS tras distintas disputas que tuvo con el Gobierno de Arce desde finales de 2021 por la forma de administrar el Estado, la candidatura presidencial y el control del partido oficialista que perdi\u00f3 despu\u00e9s de casi tres d\u00e9cadas.<\/p>\n<\/div>\n<p><h2>Bloqueos de rutas<\/h2>\n<\/p>\n<div class=\"sc-45461e9c-0 eqiBeF container-text text-embed \" id=\"element-body-13\">\n<p>Bolivia amaneci\u00f3 adem\u00e1s con bloqueos de carreteras por parte de seguidores de Evo Morales, quienes exigen el registro de su l\u00edder como candidato presidencial ante las autoridades electorales pese a estar inhabilitado constitucionalmente y <strong>no contar con partido pol\u00edtico.<\/strong><\/p>\n<\/div>\n<div class=\"sc-45461e9c-0 eqiBeF container-text text-embed \" id=\"element-body-14\">\n<p>Las manifestaciones se producen en medio de una creciente crisis econ\u00f3mica en el pa\u00eds y a menos de tres meses de las elecciones generales, donde se elegir\u00e1 a presidente y vicepresidente, entre otros cargos.<\/p>\n<\/div>\n<div class=\"sc-98b114a2-0 bkqiHH image-embed  image-embed \" id=\"element-body-15\"><picture class=\"sc-98b114a2-1 jRUlDm\"><source media=\"(min-width: 975px)\" width=\"720\" height=\"480\" \/><img alt=\"Camiones esperan en una carretera tras un bloqueo realizado por seguidores del exmandatario Evo Morales en Cochabamba. Foto EFE\" loading=\"lazy\" width=\"720\" height=\"480\" decoding=\"async\" data-nimg=\"1\" style=\"color:transparent\" src=\"https:\/\/13.com.ar\/wp-content\/uploads\/2025\/06\/1748903848_90_exigen-la-renuncia-del-presidente-Luis-Arce-y-que-se.jpg\"\/><span class=\"epigraphe\">Camiones esperan en una carretera tras un bloqueo realizado por seguidores del exmandatario Evo Morales en Cochabamba. Foto EFE<\/span><span class=\"picture-open\"><button class=\"open-image\" aria-label=\"Open Image\"\/><\/span><\/picture><\/div>\n<div class=\"sc-45461e9c-0 eqiBeF container-text text-embed \" id=\"element-body-16\">\n<p>El ministro boliviano de Gobierno, Roberto R\u00edos, dijo en conferencia de prensa que se han identificado<strong> al menos nueve puntos de bloqueo en el departamento de Cochabamba<\/strong> (centro), basti\u00f3n pol\u00edtico del exmandatario, cuyas rutas son troncales entre el altiplano y el oriente boliviano.<\/p>\n<\/div>\n<div class=\"sc-45461e9c-0 eqiBeF container-text text-embed \" id=\"element-body-17\">\n<p>&#8220;La instrucci\u00f3n desde la dirigencia (evista) hacia los movilizados no solo es de cercar nuevamente las ciudades, sino tambi\u00e9n todo el departamento de Cochabamba y <strong>no permitir vender los productos a la poblaci\u00f3n&#8221;<\/strong>, expres\u00f3.<\/p>\n<\/div>\n<div class=\"sc-45461e9c-0 eqiBeF container-text text-embed \" id=\"element-body-18\">\n<p>&#8220;Esta es la actitud vil con la que se moviliza a las personas, afectando y da\u00f1ando la econom\u00eda de las familias, porque sabemos que estos bloqueos <strong>agudizan la situaci\u00f3n de incremento de precios de los productos&#8221;<\/strong>, lament\u00f3.<\/p>\n<\/div>\n<div class=\"sc-45461e9c-0 eqiBeF container-text text-embed \" id=\"element-body-19\">\n<p>Seg\u00fan medios locales, entre los puntos m\u00e1s conflictivos se encuentran Sipe Sipe, en la ruta Cochabamba-Oruro (oeste), el cruce Angostura hacia Valle Alto y la carretera Cochabamba-Sucre (sur).<\/p>\n<\/div>\n<div class=\"sc-45461e9c-0 eqiBeF container-text text-embed \" id=\"element-body-20\">\n<p>Tambi\u00e9n hay bloqueos en la ruta antigua a Santa Cruz (este) y en la v\u00eda hacia Chuquisaca (sur), a la altura del cruce Vacas. Estos bloqueos dejan aislados a Santa Cruz y Cochabamba con La Paz (oeste).<\/p>\n<\/div>\n<div class=\"sc-45461e9c-0 eqiBeF container-text text-embed \" id=\"element-body-21\">\n<p>Estas interrupciones afectan el suministro de alimentos, <strong>el transporte de combustibles y la circulaci\u00f3n interdepartamental.<\/strong><\/p>\n<\/div>\n<div class=\"sc-45461e9c-0 eqiBeF container-text text-embed \" id=\"element-body-22\">\n<p>Los manifestantes comenzaron a instalar bloqueos desde la noche del domingo. Videos difundidos en redes sociales muestran a personas colocando piedras sobre el asfalto de las carreteras.<\/p>\n<\/div>\n<div class=\"sc-45461e9c-0 eqiBeF container-text text-embed \" id=\"element-body-23\">\n<p><em>Fuente: EFE, AFP y Xinhua<\/em><\/p>\n<\/div>\n<\/div>\n<p><br \/>\n<br \/><a href=\"https:\/\/www.clarin.com\/mundo\/campesinos-bolivia-radicalizan-protestas-exigen-renuncia-presidente-luis-arce-habilite-candidatura-evo-morales_0_UvjvjwHSgN.html\">Fuente Clarin.com <\/a><\/p>\n","protected":false},"excerpt":{"rendered":"<p>Seguidores del ex mandatario y exl\u00edder del oficialismo de Bolivia Evo Morales volvieron a marchar este lunes en La Paz para exigir la renuncia del presidente del pa\u00eds, Luis Arce, a quien tildan de &#8220;traidor&#8221;, en medio de la disputa por su inhabilitaci\u00f3n para las elecciones generales de agosto pr\u00f3ximo. La manifestaci\u00f3n estuvo conformada por [&hellip;]<\/p>\n","protected":false},"author":1,"featured_media":30351,"comment_status":"open","ping_status":"open","sticky":false,"template":"","format":"standard","meta":{"footnotes":""},"categories":[2],"tags":[4639,4640,100,4637,8979,3082,1251,4638,135,5534],"class_list":["post-30350","post","type-post","status-publish","format-standard","has-post-thumbnail","hentry","category-ultimas-noticias","tag-arce","tag-candidatura","tag-del","tag-evo","tag-exigen","tag-habilite","tag-luis","tag-morales","tag-presidente","tag-renuncia"],"_links":{"self":[{"href":"https:\/\/13.com.ar\/index.php\/wp-json\/wp\/v2\/posts\/30350","targetHints":{"allow":["GET"]}}],"collection":[{"href":"https:\/\/13.com.ar\/index.php\/wp-json\/wp\/v2\/posts"}],"about":[{"href":"https:\/\/13.com.ar\/index.php\/wp-json\/wp\/v2\/types\/post"}],"author":[{"embeddable":true,"href":"https:\/\/13.com.ar\/index.php\/wp-json\/wp\/v2\/users\/1"}],"replies":[{"embeddable":true,"href":"https:\/\/13.com.ar\/index.php\/wp-json\/wp\/v2\/comments?post=30350"}],"version-history":[{"count":0,"href":"https:\/\/13.com.ar\/index.php\/wp-json\/wp\/v2\/posts\/30350\/revisions"}],"wp:featuredmedia":[{"embeddable":true,"href":"https:\/\/13.com.ar\/index.php\/wp-json\/wp\/v2\/media\/30351"}],"wp:attachment":[{"href":"https:\/\/13.com.ar\/index.php\/wp-json\/wp\/v2\/media?parent=30350"}],"wp:term":[{"taxonomy":"category","embeddable":true,"href":"https:\/\/13.com.ar\/index.php\/wp-json\/wp\/v2\/categories?post=30350"},{"taxonomy":"post_tag","embeddable":true,"href":"https:\/\/13.com.ar\/index.php\/wp-json\/wp\/v2\/tags?post=30350"}],"curies":[{"name":"wp","href":"https:\/\/api.w.org\/{rel}","templated":true}]}}