{"id":30348,"date":"2025-06-02T19:34:33","date_gmt":"2025-06-02T22:34:33","guid":{"rendered":"https:\/\/13.com.ar\/index.php\/el-gobierno-se-entusiasma-con-sumar-el-apoyo-de-casi-todas-las-provincias-al-plan-para-usar-los-dolares-del-colchon\/"},"modified":"2025-06-02T19:34:33","modified_gmt":"2025-06-02T22:34:33","slug":"el-gobierno-se-entusiasma-con-sumar-el-apoyo-de-casi-todas-las-provincias-al-plan-para-usar-los-dolares-del-colchon","status":"publish","type":"post","link":"https:\/\/13.com.ar\/index.php\/el-gobierno-se-entusiasma-con-sumar-el-apoyo-de-casi-todas-las-provincias-al-plan-para-usar-los-dolares-del-colchon\/","title":{"rendered":"El Gobierno se entusiasma con sumar el apoyo de casi todas las provincias al plan para usar los &#8220;d\u00f3lares del colch\u00f3n&#8221;"},"content":{"rendered":"<p> <br \/>\n<br \/><img decoding=\"async\" src=\"https:\/\/13.com.ar\/wp-content\/uploads\/2025\/06\/El-Gobierno-se-entusiasma-con-sumar-el-apoyo-de-casi.jpg\" \/><\/p>\n<div id=\"element-body-0\">\n<p>El Gobierno avanza en sumar a las provincias al plan para dar incentivos a los ahorristas a que usen los denominados <strong>&#8220;d\u00f3lares del colch\u00f3n&#8221;<\/strong>: seg\u00fan un relevamiento oficial <strong>todos los distritos se sumar\u00edan a una iniciativa, con la excepci\u00f3n de Formosa y La Pampa<\/strong>, que busca dinamizar la econom\u00eda y por ende engrosar las alica\u00eddas arcas provinciales. Por lo pronto, comenzaron las fotos de rigor en Casa Rosada para la firma de un acta-compromiso y este lunes fue el turno de los gobernadores del PRO <strong>Rogelio Frigerio (Entre R\u00edos) y Nacho Torres (Chubut).<\/strong><\/p>\n<\/div>\n<div id=\"element-body-1\">\n<p>La negociaci\u00f3n del Ejecutivo busca, adem\u00e1s, sumar el apoyo de los mandatarios para que, a trav\u00e9s de sus representantes en el Congreso, sumen <strong>votos a la ley con la que se intentar\u00e1 blindar el denominado Plan de Reparaci\u00f3n Hist\u00f3rica del Ahorro de los Argentinos<\/strong>.<\/p>\n<\/div>\n<div id=\"element-body-2\">\n<p>Este martes, desde las 11, la mayor parte de los gobernadores <strong>se dar\u00e1 cita en la sede del CFI<\/strong> con la excusa de debatir sobre nuevas herramientas de financieras en un encuentro en el que tambi\u00e9n se abordar\u00e1n las preocupaciones sobre la falta de recursos en un contexto de mayores obligaciones para las jurisdicciones, que deben hacerse cargo del <strong>Fondo de Incentivo Docente, subsidios al transporte y proyectos de obra p\u00fablica<\/strong>. Y donde seguramente tambi\u00e9n se debatir\u00e1 la conveniencia de sumarse o no al nuevo blanqueo que propicia Econom\u00eda.<\/p>\n<\/div>\n<div id=\"element-body-3\">\n<p>En este contexto, en el Gobierno son optimistas en lograr un gran consenso en torno nuevo programa incluso entre mandatarios en principio renuentes a sumarse al mismo, como <strong>Axel Kicillof<\/strong>. Este lunes el director de ARBA, <strong>Cristian Girard<\/strong>, habl\u00f3 de un encuentro &#8220;muy cordial&#8221; con Juan Pazo, de ARCA, para tratar este tema y admiti\u00f3 negociaciones para sumarse al plan.<strong> &#8220;No es que vayamos a perseguir a nadie que tenga un canuto, ni que estemos en contra que usen dolares, ni que se mueva la actividad<\/strong>&#8220;, manifest\u00f3..<\/p>\n<\/div>\n<div id=\"element-body-4\">\n<p>Otras jurisdicciones que hab\u00edan pegado el faltazo el \u00faltimo mi\u00e9rcoles al Zoom que encabezaron Francos y &#8220;Toto&#8221; Caputo para informar sobre el nuevo r\u00e9gimen, <strong>CABA y Santa Fe<\/strong>, ahora se mostrar\u00edan favorables a lograr un acuerdo. Fuentes del gobierno d<strong>e Maximiliano Pullaro r<\/strong>ecordaron que &#8220;cada vez que el Gobierno nacional propuso proyectos para impulsar la econom\u00eda, nuestros legisladores acompa\u00f1aron. Primero<strong> hay que analizar qu\u00e9 se cambiar\u00eda del marco legal actual. Siempre estamos dispuestos a dialogar<\/strong>&#8220;.<\/p>\n<\/div>\n<div id=\"element-body-5\">\n<p>Colaboradores del jefe de gabinete, <strong>Guillermo Francos,<\/strong> destacaron la seguidilla de reuniones que se est\u00e1n llevando a cabo en las oficinas de la planta baja de la Casa Rosada en las que las provincias firman un intercambio de informaci\u00f3n y un compromiso a no perseguir con sus propios organismos tributarios a aquellos que ingresaran al blanqueo.,<\/p>\n<\/div>\n<div id=\"element-body-6\">\n<p>En el oficialismo reconocieron que <strong>hay distritos reticentes a sumarse a la movida, como La Pampa o Formosa<\/strong>, pero que continuar\u00e1n negociando con las autoridades para sumarse al plan. &#8220;Igual la oposici\u00f3n ser\u00e1 marginal. Si la misma Cristina (Kirchner) dijo que los narcos no van a sumarse para blanquear s\u00f3lo 30 mil d\u00f3lares&#8221;, indic\u00f3 una fuente gubernamental consultada.<\/p>\n<\/div>\n<div id=\"element-body-7\">\n<p>Este lunes se sumaron a la firma del convenio de intercambio de informaci\u00f3n fiscal las <strong>provincias de Chubut y Entre R\u00edos<\/strong>, en el marco de la implementaci\u00f3n del nuevo R\u00e9gimen Simplificado de Ganancias que, seg\u00fan el oficialismo, respetar\u00e1 la privacidad de los ciudadanos, preservando la informaci\u00f3n vinculada a sus consumos personales y al incremento patrimonial..<\/p>\n<\/div>\n<div id=\"element-body-8\">\n<p>Participaron del encuentro, con foto oficial incluida, Francos; el vicejefe de Gabinete del Interior, Lisandro Catal\u00e1n; el ministro de Econom\u00eda Caputo; y el directo de ARCA, Juan Pazo, junto a los gobernadores Torres y Frigerio. Se espera que este mi\u00e9rcoles se sumen su adhesi\u00f3n al nuevo r\u00e9gimen <strong>otros cuatro mandatarios<\/strong>. El viernes pasado hab\u00edan inaugurado su apoyo al nuevo blanqueo<strong> los peronistas &#8220;dialoguistas&#8221; Ra\u00fal Jalil (Catamarca) y Osvaldo Jaldo (Tucum\u00e1n).<\/strong><\/p>\n<\/div>\n<div id=\"element-body-9\">\n<p>El Gobierno ha fundamentado la instrumentaci\u00f3n de un segundo &#8220;blanqueo&#8221; en supuestamente devolverle los derechos a los ahorristas: &#8220;dejar atr\u00e1s d\u00e9cadas de sospecha sistem\u00e1tica y devolverle a cada argentino la libertad de disponer de su dinero. Para ponerlo en claro: no se perseguir\u00e1 a los contribuyentes. Los consumos mensuales por debajo de los $50 millones no ser\u00e1n informados. Quienes ahorraron su dinero en d\u00f3lares podr\u00e1n utilizarlo sin temores&#8221;, argument\u00f3.<\/p>\n<\/div>\n<p><br \/>\n<br \/><a href=\"https:\/\/www.clarin.com\/politica\/gobierno-entusiasma-sumar-apoyo-todas-provincias-plan-usar-dolares-colchon_0_wBlznfv16K.html\">Fuente Clarin.com <\/a><\/p>\n","protected":false},"excerpt":{"rendered":"<p>El Gobierno avanza en sumar a las provincias al plan para dar incentivos a los ahorristas a que usen los denominados &#8220;d\u00f3lares del colch\u00f3n&#8221;: seg\u00fan un relevamiento oficial todos los distritos se sumar\u00edan a una iniciativa, con la excepci\u00f3n de Formosa y La Pampa, que busca dinamizar la econom\u00eda y por ende engrosar las alica\u00eddas [&hellip;]<\/p>\n","protected":false},"author":1,"featured_media":30349,"comment_status":"open","ping_status":"open","sticky":false,"template":"","format":"standard","meta":{"footnotes":""},"categories":[2],"tags":[2800,483,16362,18,100,439,4794,71,48,28,16,33,49,5496,274,988],"class_list":["post-30348","post","type-post","status-publish","format-standard","has-post-thumbnail","hentry","category-ultimas-noticias","tag-apoyo","tag-casi","tag-colchon","tag-con","tag-del","tag-dolares","tag-entusiasma","tag-gobierno","tag-las","tag-los","tag-para","tag-plan","tag-provincias","tag-sumar","tag-todas","tag-usar"],"_links":{"self":[{"href":"https:\/\/13.com.ar\/index.php\/wp-json\/wp\/v2\/posts\/30348","targetHints":{"allow":["GET"]}}],"collection":[{"href":"https:\/\/13.com.ar\/index.php\/wp-json\/wp\/v2\/posts"}],"about":[{"href":"https:\/\/13.com.ar\/index.php\/wp-json\/wp\/v2\/types\/post"}],"author":[{"embeddable":true,"href":"https:\/\/13.com.ar\/index.php\/wp-json\/wp\/v2\/users\/1"}],"replies":[{"embeddable":true,"href":"https:\/\/13.com.ar\/index.php\/wp-json\/wp\/v2\/comments?post=30348"}],"version-history":[{"count":0,"href":"https:\/\/13.com.ar\/index.php\/wp-json\/wp\/v2\/posts\/30348\/revisions"}],"wp:featuredmedia":[{"embeddable":true,"href":"https:\/\/13.com.ar\/index.php\/wp-json\/wp\/v2\/media\/30349"}],"wp:attachment":[{"href":"https:\/\/13.com.ar\/index.php\/wp-json\/wp\/v2\/media?parent=30348"}],"wp:term":[{"taxonomy":"category","embeddable":true,"href":"https:\/\/13.com.ar\/index.php\/wp-json\/wp\/v2\/categories?post=30348"},{"taxonomy":"post_tag","embeddable":true,"href":"https:\/\/13.com.ar\/index.php\/wp-json\/wp\/v2\/tags?post=30348"}],"curies":[{"name":"wp","href":"https:\/\/api.w.org\/{rel}","templated":true}]}}