{"id":30346,"date":"2025-06-02T19:31:33","date_gmt":"2025-06-02T22:31:33","guid":{"rendered":"https:\/\/13.com.ar\/index.php\/el-reseteo-y-una-oportunidad\/"},"modified":"2025-06-02T19:31:33","modified_gmt":"2025-06-02T22:31:33","slug":"el-reseteo-y-una-oportunidad","status":"publish","type":"post","link":"https:\/\/13.com.ar\/index.php\/el-reseteo-y-una-oportunidad\/","title":{"rendered":"el reseteo y una oportunidad"},"content":{"rendered":"<p> <br \/>\n<br \/><img decoding=\"async\" src=\"https:\/\/13.com.ar\/wp-content\/uploads\/2025\/06\/el-reseteo-y-una-oportunidad.jpg\" \/><\/p>\n<div id=\"element-body-0\">\n<p>En el panel estaban participando distintos especialistas y directivos de la industria tecnol\u00f3gica, cuando Marina Bericua, de Microsoft, cit\u00f3 datos de un estudio sobre el empleo en la Argentina y dijo que <strong>el 75% de los empresarios del pa\u00eds <\/strong>piensa contratar, en los pr\u00f3ximos 12 a 18 meses, <strong>empleados para nuevos roles centrados en la Inteligencia Artificial.<\/strong><\/p>\n<\/div>\n<div id=\"element-body-1\">\n<p>El estudio citado anticipa una <strong>reconfiguraci\u00f3n de las empresas <\/strong>en todo el mundo, con estructuras m\u00e1s \u00e1giles, automatizaci\u00f3n creciente y la creaci\u00f3n de nuevas funciones, entre ellas<strong> el \u201cjefe de agentes\u201d.<\/strong><\/p>\n<\/div>\n<div id=\"element-body-2\">\n<p>S\u00ed, jefe de agentes. Personas que dirigen grupos, cuyo subordinados no ser\u00e1n personas, sino sistemas con IA programados para llevar a cabo determinadas tareas. Eso son los agentes en la jerga del mundo de la IA.<\/p>\n<\/div>\n<div id=\"element-body-3\">\n<p>De acuerdo a ese estudio, en la Argentina el 37% de los directivos espera que sus equipos entrenen agentes este a\u00f1o, y 29% que los usen activamente en los pr\u00f3ximos 5 a\u00f1os.<\/p>\n<\/div>\n<div id=\"element-body-4\">\n<p>Est\u00e1 claro que puede haber una intenci\u00f3n de Microsoft en hacer foco en estos datos, pero el pron\u00f3stico coincide con los de otros especialistas del mercado laboral que hablan de <strong>cambios importantes<\/strong> que se vienen en el mundo del empleo.<\/p>\n<\/div>\n<div id=\"element-body-5\">\n<p>El panel en cuesti\u00f3n se dio en el marco del lanzamiento de \u201cAcademia Digitalers\u201d, una plataforma gratuitas con cursos para que cualquier persona pueda capacitarse en herramientas digitales, que es impulsado por Telecom, junto a otras empresas del sector tecnol\u00f3gico.<\/p>\n<\/div>\n<div id=\"element-body-7\">\n<p>Y quiz\u00e1s aqu\u00ed est\u00e1 la clave de la transformaci\u00f3n que se viene. <strong>La capacitaci\u00f3n.<\/strong> En los pr\u00f3ximos meses, el mercado laboral no solo va a valorar al experto en Ciencias de Datos salido de las m\u00e1s importantes universidades del mundo (que seguramente tendr\u00e1n su lugar asegurado).<\/p>\n<\/div>\n<div id=\"element-body-8\">\n<p>Tambi\u00e9n valorar\u00e1 a las personas que <strong>puedan manejarse bien con las herramientas con IA<\/strong> que van a estar presente, cada vez m\u00e1s, en el mercado laboral.<strong> Los agentes.<\/strong><\/p>\n<\/div>\n<div id=\"element-body-9\">\n<p>Ahora, \u00bfc\u00f3mo est\u00e1n preparados los j\u00f3venes argentinos que salen hoy de una secundaria, por ejemplo, para este cambio? \u00bfSalen con la formaci\u00f3n que le permite aprovechar esta oportunidad? \u00bfC\u00f3mo estamos preparados para un cambio que puede llegar a funcionar como una suerte de \u201creseteo\u201d para muchas personas?<\/p>\n<\/div>\n<div id=\"element-body-10\">\n<p>Preguntas que se acumulan, y a las que conviene darles respuestas lo antes posible, porque ni la IA y ni los agentes <strong>van a frenar, ni dar\u00e1n marcha atr\u00e1s.<\/strong><\/p>\n<\/div>\n<p><br \/>\n<br \/><a href=\"https:\/\/www.clarin.com\/opinion\/ia-reseteo-oportunidad_0_6gkwB0Zjxe.html\">Fuente Clarin.com <\/a><\/p>\n","protected":false},"excerpt":{"rendered":"<p>En el panel estaban participando distintos especialistas y directivos de la industria tecnol\u00f3gica, cuando Marina Bericua, de Microsoft, cit\u00f3 datos de un estudio sobre el empleo en la Argentina y dijo que el 75% de los empresarios del pa\u00eds piensa contratar, en los pr\u00f3ximos 12 a 18 meses, empleados para nuevos roles centrados en la [&hellip;]<\/p>\n","protected":false},"author":1,"featured_media":30347,"comment_status":"open","ping_status":"open","sticky":false,"template":"","format":"standard","meta":{"footnotes":""},"categories":[2],"tags":[3234,11333,73],"class_list":["post-30346","post","type-post","status-publish","format-standard","has-post-thumbnail","hentry","category-ultimas-noticias","tag-oportunidad","tag-reseteo","tag-una"],"_links":{"self":[{"href":"https:\/\/13.com.ar\/index.php\/wp-json\/wp\/v2\/posts\/30346","targetHints":{"allow":["GET"]}}],"collection":[{"href":"https:\/\/13.com.ar\/index.php\/wp-json\/wp\/v2\/posts"}],"about":[{"href":"https:\/\/13.com.ar\/index.php\/wp-json\/wp\/v2\/types\/post"}],"author":[{"embeddable":true,"href":"https:\/\/13.com.ar\/index.php\/wp-json\/wp\/v2\/users\/1"}],"replies":[{"embeddable":true,"href":"https:\/\/13.com.ar\/index.php\/wp-json\/wp\/v2\/comments?post=30346"}],"version-history":[{"count":0,"href":"https:\/\/13.com.ar\/index.php\/wp-json\/wp\/v2\/posts\/30346\/revisions"}],"wp:featuredmedia":[{"embeddable":true,"href":"https:\/\/13.com.ar\/index.php\/wp-json\/wp\/v2\/media\/30347"}],"wp:attachment":[{"href":"https:\/\/13.com.ar\/index.php\/wp-json\/wp\/v2\/media?parent=30346"}],"wp:term":[{"taxonomy":"category","embeddable":true,"href":"https:\/\/13.com.ar\/index.php\/wp-json\/wp\/v2\/categories?post=30346"},{"taxonomy":"post_tag","embeddable":true,"href":"https:\/\/13.com.ar\/index.php\/wp-json\/wp\/v2\/tags?post=30346"}],"curies":[{"name":"wp","href":"https:\/\/api.w.org\/{rel}","templated":true}]}}