{"id":30333,"date":"2025-06-02T18:58:30","date_gmt":"2025-06-02T21:58:30","guid":{"rendered":"https:\/\/13.com.ar\/index.php\/que-implica-y-como-lo-logro\/"},"modified":"2025-06-02T18:58:30","modified_gmt":"2025-06-02T21:58:30","slug":"que-implica-y-como-lo-logro","status":"publish","type":"post","link":"https:\/\/13.com.ar\/index.php\/que-implica-y-como-lo-logro\/","title":{"rendered":"qu\u00e9 implica y c\u00f3mo lo logr\u00f3"},"content":{"rendered":"<p> <br \/>\n<\/p>\n<div id=\"cuerpo\">\n<div class=\"sc-45461e9c-0 eqiBeF container-text text-embed \" id=\"element-body-0\">\n<p>La cantante estadounidense <strong>Taylor Swift<\/strong> recompr\u00f3 los derechos de sus primeros seis \u00e1lbumes, poniendo fin a una larga batalla por la <strong>propiedad <\/strong>de su m\u00fasica.<\/p>\n<\/div>\n<div class=\"sc-45461e9c-0 eqiBeF container-text text-embed \" id=\"element-body-1\">\n<p><em>&#8220;Toda la m\u00fasica que he creado ahora me pertenece&#8221;<\/em>, declar\u00f3 la estrella al anunciar la noticia en su sitio web oficial, junto con una extensa <strong>carta <\/strong>escrita a mano en la que <strong>reflexion\u00f3 <\/strong>y <strong>celebr\u00f3 <\/strong>este hito en su carrera como algo que le hab\u00eda parecido, durante mucho tiempo, inimaginable. <\/p>\n<\/div>\n<div class=\"sc-45461e9c-0 eqiBeF container-text text-embed \" id=\"element-body-3\">\n<p>En la industria musical, el propietario de una grabaci\u00f3n maestra controla c\u00f3mo se distribuye y licencia. El artista sigue recibiendo regal\u00edas, pero controlar las grabaciones maestras le ofrece protecci\u00f3n sobre c\u00f3mo se usar\u00e1 la obra en el futuro.<\/p>\n<\/div>\n<p><h2>El conflicto: m\u00fasica vendida sin su consentimiento<\/h2>\n<\/p>\n<div class=\"sc-45461e9c-0 eqiBeF container-text text-embed \" id=\"element-body-5\">\n<p>La historia comenz\u00f3 en <strong>2004<\/strong>, cuando una joven Taylor Swift de apenas 14 a\u00f1os se mud\u00f3 a Nashville con el sue\u00f1o de convertirse en estrella del <em>country pop<\/em>. <\/p>\n<\/div>\n<div class=\"sc-98b114a2-0 bkqiHH image-embed  image-embed \" id=\"element-body-6\"><picture class=\"sc-98b114a2-1 jRUlDm\"><source media=\"(min-width: 975px)\" width=\"1200\" height=\"0\" \/><img alt=\"En 2004, Taylor Swift, con 14 a\u00f1os, se mud\u00f3 de Pensilvania a Nashville para perseguir su sue\u00f1o de convertirse en cantautora country. Foto: Reddit @Memph5\" loading=\"lazy\" width=\"1200\" height=\"0\" decoding=\"async\" data-nimg=\"1\" style=\"color:transparent\" src=\"https:\/\/13.com.ar\/wp-content\/uploads\/2025\/06\/que-implica-y-como-lo-logro.jpg#1748893983001.jpeg\"\/><span class=\"epigraphe\">En 2004, Taylor Swift, con 14 a\u00f1os, se mud\u00f3 de Pensilvania a Nashville para perseguir su sue\u00f1o de convertirse en cantautora country. Foto: Reddit @Memph5<\/span><span class=\"picture-open\"><button class=\"open-image\" aria-label=\"Open Image\"\/><\/span><\/picture><\/div>\n<div class=\"sc-45461e9c-0 eqiBeF container-text text-embed \" id=\"element-body-7\">\n<p>Fue entonces cuando firm\u00f3 un contrato con el sello <em>Big Machine<\/em>, fundado por <strong>Scott Borchetta<\/strong>, quien le ofreci\u00f3 un adelanto en efectivo a cambio de la propiedad de las grabaciones maestras de sus primeros seis discos \u201ca perpetuidad\u201d. En ese entonces, una pr\u00e1ctica com\u00fan.<\/p>\n<\/div>\n<div class=\"sc-45461e9c-0 eqiBeF container-text text-embed \" id=\"element-body-8\">\n<p>Estos \u00e1lbumes fueron: <em>Taylor Swift<\/em> (2006), <em>Fearless <\/em>(2008), <em>Speak Now<\/em> (2010), <em>Red <\/em>(2012), <em>1989<\/em> (2014) y <em>Reputation <\/em>(2017). La relaci\u00f3n con <em>Big Machine<\/em> se mantuvo hasta <strong>2018<\/strong>, cuando Swift dej\u00f3 la disquera y firm\u00f3 con <em>Republic Records<\/em>, del grupo <strong>Universal Music<\/strong>.<\/p>\n<\/div>\n<div class=\"sc-98b114a2-0 bkqiHH image-embed  image-embed \" id=\"element-body-9\"><picture class=\"sc-98b114a2-1 jRUlDm\"><source media=\"(min-width: 975px)\" width=\"640\" height=\"361\" \/><img alt=\"Taylor Swift recuper\u00f3 los derechos de sus primeros seis \u00e1lbumes (2006-2017). Foto: Spotify v\u00eda Taylor Swift\" loading=\"lazy\" width=\"640\" height=\"361\" decoding=\"async\" data-nimg=\"1\" style=\"color:transparent\" src=\"https:\/\/13.com.ar\/wp-content\/uploads\/2025\/06\/que-implica-y-como-lo-logro.jpg\"\/><span class=\"epigraphe\">Taylor Swift recuper\u00f3 los derechos de sus primeros seis \u00e1lbumes (2006-2017). Foto: Spotify v\u00eda Taylor Swift<\/span><span class=\"picture-open\"><button class=\"open-image\" aria-label=\"Open Image\"\/><\/span><\/picture><\/div>\n<div class=\"sc-45461e9c-0 eqiBeF container-text text-embed \" id=\"element-body-10\">\n<p>En <strong>2019<\/strong>, un a\u00f1o despu\u00e9s de su partida, <em>Big Machine<\/em> fue vendido a <em>Ithaca Holdings<\/em>, la empresa del representante musical <strong>Scooter Braun<\/strong>, junto con los derechos sobre las grabaciones maestras de todos los \u00e1lbumes publicados por Swift hasta entonces. <\/p>\n<\/div>\n<div class=\"sc-45461e9c-0 eqiBeF container-text text-embed \" id=\"element-body-11\">\n<p>Swift afirm\u00f3 que se enter\u00f3 del acuerdo al mismo tiempo que el p\u00fablico y describi\u00f3 la operaci\u00f3n como un acto de <em>\u201cagresi\u00f3n\u201d<\/em> que<em> \u201cme despoj\u00f3 del trabajo de mi vida\u201d<\/em>. <\/p>\n<\/div>\n<div class=\"sc-45461e9c-0 eqiBeF container-text text-embed \" id=\"element-body-12\">\n<p>M\u00e1s a\u00fan, calific\u00f3 a Braun \u2014conocido por representar a artistas como <strong>Justin Bieber, Demi Lovato, Kanye West <\/strong>y <strong>Ariana Grande<\/strong>\u2014 como<em> \u201cla definici\u00f3n misma del privilegio masculino t\u00f3xico en nuestra industria\u201d.<\/em><\/p>\n<\/div>\n<div class=\"sc-98b114a2-0 bkqiHH image-embed  image-embed \" id=\"element-body-13\"><picture class=\"sc-98b114a2-1 jRUlDm\"><source media=\"(min-width: 975px)\" width=\"640\" height=\"361\" \/><img alt=\"En 2023, Demi Lovato y Ariana Grande siguieron los pasos de Swift y finalizaron sus contratos con Braun. Foto: Instagram v\u00eda @allthattrending\" loading=\"lazy\" width=\"640\" height=\"361\" decoding=\"async\" data-nimg=\"1\" style=\"color:transparent\" src=\"https:\/\/13.com.ar\/wp-content\/uploads\/2025\/06\/1748901509_892_que-implica-y-como-lo-logro.jpg\"\/><span class=\"epigraphe\">En 2023, Demi Lovato y Ariana Grande siguieron los pasos de Swift y finalizaron sus contratos con Braun. Foto: Instagram v\u00eda @allthattrending<\/span><span class=\"picture-open\"><button class=\"open-image\" aria-label=\"Open Image\"\/><\/span><\/picture><\/div>\n<p><h2><em>Taylor\u2019s Version<\/em> y el control art\u00edstico<\/h2>\n<\/p>\n<div class=\"sc-45461e9c-0 eqiBeF container-text text-embed \" id=\"element-body-15\">\n<p>La situaci\u00f3n se agrav\u00f3 en noviembre de <strong>2020<\/strong>, cuando Braun vendi\u00f3 el cat\u00e1logo de Swift a <em>Shamrock Holdings<\/em>, un fondo de inversi\u00f3n vinculado a la familia <strong>Disney<\/strong>. <\/p>\n<\/div>\n<div class=\"sc-45461e9c-0 eqiBeF container-text text-embed \" id=\"element-body-16\">\n<p><em>\u201cEsta es la segunda vez que venden mi m\u00fasica sin mi conocimiento\u201d<\/em>, hab\u00eda escrito Swift en redes, donde tambi\u00e9n revel\u00f3 que en ningun momento fue considerada como una potencial compradora. <\/p>\n<\/div>\n<div class=\"sc-45461e9c-0 eqiBeF container-text text-embed \" id=\"element-body-17\">\n<p>Y aunque consider\u00f3 asociarse con <strong>Shamrock<\/strong>, descubri\u00f3 que Braun seguir\u00eda lucrando con el acuerdo durante a\u00f1os, lo que la llev\u00f3 a rechazar cualquier propuesta que lo involucrara. <\/p>\n<\/div>\n<div class=\"sc-98b114a2-0 bkqiHH image-embed  image-embed \" id=\"element-body-18\"><picture class=\"sc-98b114a2-1 jRUlDm\"><source media=\"(min-width: 975px)\" width=\"720\" height=\"480\" \/><img alt=\"Taylor transform\u00f3 su dolor en arte y cont\u00f3 su historia en su \u00faltimo \u00e1lbum &quot;The Tortured Poets Department&quot; (2024) Foto: Instagram @taylorswift\" loading=\"lazy\" width=\"720\" height=\"480\" decoding=\"async\" data-nimg=\"1\" style=\"color:transparent\" src=\"https:\/\/13.com.ar\/wp-content\/uploads\/2025\/06\/1748901509_842_que-implica-y-como-lo-logro.jpg\"\/><span class=\"epigraphe\">Taylor transform\u00f3 su dolor en arte y cont\u00f3 su historia en su \u00faltimo \u00e1lbum &#8220;The Tortured Poets Department&#8221; (2024) Foto: Instagram @taylorswift<\/span><span class=\"picture-open\"><button class=\"open-image\" aria-label=\"Open Image\"\/><\/span><\/picture><\/div>\n<div class=\"sc-45461e9c-0 eqiBeF container-text text-embed \" id=\"element-body-19\">\n<p>En respuesta, se lanz\u00f3 con el ambicioso proyecto de regrabar los seis \u00e1lbumes originales con un solo fin: <strong>recuperar el control<\/strong>. <\/p>\n<\/div>\n<div class=\"sc-45461e9c-0 eqiBeF container-text text-embed \" id=\"element-body-20\">\n<p>Nac\u00eda as\u00ed la serie <strong><em>Taylor\u2019s Version<\/em><\/strong>, que fue posible porque Swift pose\u00eda los derechos sobre la composici\u00f3n de las canciones, aunque no sobre las grabaciones originales. <\/p>\n<\/div>\n<div class=\"sc-45461e9c-0 eqiBeF container-text text-embed \" id=\"element-body-21\">\n<p>A partir de <strong>2021<\/strong>, lanz\u00f3 <em>Fearless (Taylor\u2019s Version)<\/em> y <em>Red (Taylor\u2019s Version)<\/em> ese mismo a\u00f1o. Luego, <em>Speak Now (Taylor\u2019s Version)<\/em> y <em>1989 (Taylor\u2019s Version)<\/em> en <strong>2023<\/strong>. <\/p>\n<\/div>\n<div class=\"sc-98b114a2-0 bkqiHH image-embed  image-embed \" id=\"element-body-22\"><picture class=\"sc-98b114a2-1 jRUlDm\"><source media=\"(min-width: 975px)\" width=\"1080\" height=\"1920\" \/><img alt=\"Las portadas de los \u00e1lbumes de la serie &quot;Taylor\u2019s Version&quot; reflejan las originales, pero con una Taylor libre y due\u00f1a de su m\u00fasica. Foto: Spotify v\u00eda Taylor Swift \" loading=\"lazy\" width=\"1080\" height=\"1920\" decoding=\"async\" data-nimg=\"1\" style=\"color:transparent\" src=\"https:\/\/13.com.ar\/wp-content\/uploads\/2025\/06\/que-implica-y-como-lo-logro.jpg#1748893419894.jpeg\"\/><span class=\"epigraphe\">Las portadas de los \u00e1lbumes de la serie &#8220;Taylor\u2019s Version&#8221; reflejan las originales, pero con una Taylor libre y due\u00f1a de su m\u00fasica. Foto: Spotify v\u00eda Taylor Swift <\/span><span class=\"picture-open\"><button class=\"open-image\" aria-label=\"Open Image\"\/><\/span><\/picture><\/div>\n<p><h2>La gira que lo cambi\u00f3 todo: <em>The Eras Tour<\/em><\/h2>\n<\/p>\n<div class=\"sc-45461e9c-0 eqiBeF container-text text-embed \" id=\"element-body-24\">\n<p>Finalmente, en mayo de <strong>2025<\/strong>, Swift recuper\u00f3 sus derechos al comprar sus grabaciones maestras a <em>Shamrock Holdings<\/em>, seis a\u00f1os despu\u00e9s de que su m\u00fasica fuera vendida sin su consentimiento.<\/p>\n<\/div>\n<div class=\"sc-45461e9c-0 eqiBeF container-text text-embed \" id=\"element-body-25\">\n<p>En su carta, le agradeci\u00f3 p\u00fablicamente a <em>Shamrock <\/em>por permitirle recomprar sus grabaciones maestras, y declar\u00f3: <em>\u201cEste fue un acuerdo comercial para ellos, pero sent\u00ed que vieron lo que esto significaba para m\u00ed: <\/em><strong><em>mis recuerdos, mi sudor, mi caligraf\u00eda y d\u00e9cadas de sue\u00f1os<\/em><\/strong><em>\u201d.<\/em><\/p>\n<\/div>\n<div class=\"sc-98b114a2-0 bkqiHH image-embed  image-embed \" id=\"element-body-26\"><picture class=\"sc-98b114a2-1 jRUlDm\"><source media=\"(min-width: 975px)\" width=\"640\" height=\"361\" \/><img alt=\"&quot;You belong with me&quot; (Me perteneces a m\u00ed) escribi\u00f3 Swift el viernes en su publicaci\u00f3n de Instagram. Foto: Instagram v\u00eda @taylorswift\" loading=\"lazy\" width=\"640\" height=\"361\" decoding=\"async\" data-nimg=\"1\" style=\"color:transparent\" src=\"https:\/\/13.com.ar\/wp-content\/uploads\/2025\/06\/1748901510_404_que-implica-y-como-lo-logro.jpg\"\/><span class=\"epigraphe\">&#8220;You belong with me&#8221; (Me perteneces a m\u00ed) escribi\u00f3 Swift el viernes en su publicaci\u00f3n de Instagram. Foto: Instagram v\u00eda @taylorswift<\/span><span class=\"picture-open\"><button class=\"open-image\" aria-label=\"Open Image\"\/><\/span><\/picture><\/div>\n<div class=\"sc-45461e9c-0 eqiBeF container-text text-embed \" id=\"element-body-27\">\n<p>Sin duda, una de las claves financieras para cerrar la operaci\u00f3n fue su \u00e9xito como artista independiente. Entre <strong>2019 <\/strong>y <strong>2024 <\/strong>lanz\u00f3 cinco \u00e1lbumes bajo <strong>Republic Records<\/strong>: <em>Lover<\/em>, <em>Folklore<\/em>, <em>Evermore<\/em>, <em>Midnights <\/em>y <em>The Tortured Poets Department<\/em>.<\/p>\n<\/div>\n<div class=\"sc-45461e9c-0 eqiBeF container-text text-embed \" id=\"element-body-28\">\n<p>Pero lo m\u00e1s trascendental fue la gira <strong><em>The Eras Tour<\/em><\/strong>, que revis\u00f3 toda su discograf\u00eda. La gira incluy\u00f3 149 conciertos alrededor del mundo y recaud\u00f3 m\u00e1s de <strong>2.000 millones de d\u00f3lares<\/strong>, convirti\u00e9ndose en la gira m\u00e1s lucrativa de la historia. <\/p>\n<\/div>\n<div class=\"sc-98b114a2-0 bkqiHH image-embed  image-embed \" id=\"element-body-29\"><picture class=\"sc-98b114a2-1 jRUlDm\"><source media=\"(min-width: 975px)\" width=\"640\" height=\"361\" \/><img alt=\"&quot;The Eras Tour&quot; es la gira m\u00e1s taquillera de todos los tiempos a nivel mundial. Foto: Instagram v\u00eda @taylorswift\" loading=\"lazy\" width=\"640\" height=\"361\" decoding=\"async\" data-nimg=\"1\" style=\"color:transparent\" src=\"https:\/\/13.com.ar\/wp-content\/uploads\/2025\/06\/que-implica-y-como-lo-logro.jpg#1748894252792.jpeg\"\/><span class=\"epigraphe\">&#8220;The Eras Tour&#8221; es la gira m\u00e1s taquillera de todos los tiempos a nivel mundial. Foto: Instagram v\u00eda @taylorswift<\/span><span class=\"picture-open\"><button class=\"open-image\" aria-label=\"Open Image\"\/><\/span><\/picture><\/div>\n<div class=\"sc-45461e9c-0 eqiBeF container-text text-embed \" id=\"element-body-30\">\n<p><em>\u201cEl apoyo apasionado que mostraron hacia esos \u00e1lbumes y el \u00e9xito de The Eras Tour es la raz\u00f3n por la que pude comprar mi m\u00fasica\u201d<\/em>, agradeci\u00f3 Swift a sus <em>fans<\/em>, mejor conocidos como <em>Swifties<\/em>. <\/p>\n<\/div>\n<div class=\"sc-45461e9c-0 eqiBeF container-text text-embed \" id=\"element-body-31\">\n<p>Se desconoce el precio de la compra, pero medios como <em>Billboard <\/em>y <em>The New York Times<\/em> informaron que la cifra super\u00f3 los <strong>300 millones de d\u00f3lares<\/strong>, una suma comparable a la que Shamrock habr\u00eda pagado originalmente.<\/p>\n<\/div>\n<div class=\"sc-98b114a2-0 bkqiHH image-embed  image-embed \" id=\"element-body-32\"><picture class=\"sc-98b114a2-1 jRUlDm\"><source media=\"(min-width: 975px)\" width=\"640\" height=\"361\" \/><img alt=\"Taylor Swift debut\u00f3 en Argentina en noviembre de 2023 con tres shows agotados en el estadio M\u00e1s Monumental. Foto: AP\/Natacha Pisarenko\" loading=\"lazy\" width=\"640\" height=\"361\" decoding=\"async\" data-nimg=\"1\" style=\"color:transparent\" src=\"https:\/\/13.com.ar\/wp-content\/uploads\/2025\/06\/que-implica-y-como-lo-logro.jpg#1748894517920.jpeg\"\/><span class=\"epigraphe\">Taylor Swift debut\u00f3 en Argentina en noviembre de 2023 con tres shows agotados en el estadio M\u00e1s Monumental. Foto: AP\/Natacha Pisarenko<\/span><span class=\"picture-open\"><button class=\"open-image\" aria-label=\"Open Image\"\/><\/span><\/picture><\/div>\n<p><h2>Lo que a\u00fan falta: dos discos por revivir<\/h2>\n<\/p>\n<div class=\"sc-45461e9c-0 eqiBeF container-text text-embed \" id=\"element-body-34\">\n<p><em>\u201cToda la m\u00fasica que he creado ahora me pertenece. He estado llorando de alegr\u00eda\u2026 desde que descubr\u00ed que esto realmente est\u00e1 sucediendo\u201d<\/em> escribi\u00f3 en su carta publicada en sitio web oficial. <\/p>\n<\/div>\n<div class=\"sc-45461e9c-0 eqiBeF container-text text-embed \" id=\"element-body-35\">\n<p>Agradeci\u00f3 tambi\u00e9n a los <em>Swifties <\/em>de todo el mundo: <em>\u201cNo tengo palabras para agradecerles por ayudarme a reencontrarme con este arte al que he dedicado mi vida, pero que nunca hab\u00eda pose\u00eddo hasta ahora\u201d.<\/em><\/p>\n<\/div>\n<div class=\"sc-98b114a2-0 bkqiHH image-embed  image-embed \" id=\"element-body-36\"><picture class=\"sc-98b114a2-1 jRUlDm\"><source media=\"(min-width: 975px)\" width=\"640\" height=\"361\" \/><img alt=\"Luego de seis a\u00f1os, Taylor mira al pasado desde el presente, due\u00f1a de su m\u00fasica y de su historia. Foto: Instagram v\u00eda @taylorswift\" loading=\"lazy\" width=\"640\" height=\"361\" decoding=\"async\" data-nimg=\"1\" style=\"color:transparent\" src=\"https:\/\/13.com.ar\/wp-content\/uploads\/2025\/06\/1748901510_154_que-implica-y-como-lo-logro.jpg\"\/><span class=\"epigraphe\">Luego de seis a\u00f1os, Taylor mira al pasado desde el presente, due\u00f1a de su m\u00fasica y de su historia. Foto: Instagram v\u00eda @taylorswift<\/span><span class=\"picture-open\"><button class=\"open-image\" aria-label=\"Open Image\"\/><\/span><\/picture><\/div>\n<div class=\"sc-45461e9c-0 eqiBeF container-text text-embed \" id=\"element-body-37\">\n<p>La estrella tambi\u00e9n se dirigi\u00f3 a aquellos <em>fans <\/em>que se preguntan por las versiones regrabadas de <em>Taylor Swift<\/em> (2006) y <em>Reputation <\/em>(2017), los dos \u00e1lbumes que todav\u00eda no tienen su propia <em>Taylor\u00b4s Version<\/em>. <\/p>\n<\/div>\n<div class=\"sc-45461e9c-0 eqiBeF container-text text-embed \" id=\"element-body-38\">\n<p>En su carta reciente, revel\u00f3 que ya finaliz\u00f3 el primero, pero que present\u00f3 dificultades art\u00edsticas a la hora de regrabar <em>Reputation<\/em>. <em>\u201cEse \u00e1lbum fue muy espec\u00edfico para ese momento de mi vida. Es el \u00fanico de los seis que sent\u00ed que no pod\u00eda mejorar\u201d<\/em>, escribi\u00f3.<\/p>\n<\/div>\n<div class=\"sc-98b114a2-0 bkqiHH image-embed  image-embed \" id=\"element-body-39\"><picture class=\"sc-98b114a2-1 jRUlDm\"><source media=\"(min-width: 975px)\" width=\"640\" height=\"361\" \/><img alt=\"Taylor gan\u00f3 un total de 324 premios a lo largo de su carrera: 14 Grammys, 40 American Music Awards, 49 Billboard Music Awards y 30 MTV Video Music Awards. Foto: REUTERS\/Mario Anzuoni\" loading=\"lazy\" width=\"640\" height=\"361\" decoding=\"async\" data-nimg=\"1\" style=\"color:transparent\" src=\"https:\/\/13.com.ar\/wp-content\/uploads\/2025\/06\/1748901510_16_que-implica-y-como-lo-logro.jpg\"\/><span class=\"epigraphe\">Taylor gan\u00f3 un total de 324 premios a lo largo de su carrera: 14 Grammys, 40 American Music Awards, 49 Billboard Music Awards y 30 MTV Video Music Awards. Foto: REUTERS\/Mario Anzuoni<\/span><span class=\"picture-open\"><button class=\"open-image\" aria-label=\"Open Image\"\/><\/span><\/picture><\/div>\n<div class=\"sc-45461e9c-0 eqiBeF container-text text-embed \" id=\"element-body-40\">\n<p>Sin embargo, dej\u00f3 una puerta abierta: <em>\u201cEsos dos \u00e1lbumes a\u00fan pueden tener su momento para resurgir cuando sea el momento adecuado. Pero si sucede, no ser\u00e1 desde un lugar de tristeza o anhelo. Ser\u00e1 solo una <\/em><strong><em>celebraci\u00f3n<\/em><\/strong><em>\u201d<\/em>. <\/p>\n<\/div>\n<\/div>\n<p><br \/>\n<br \/><a href=\"https:\/\/www.clarin.com\/internacional\/taylor-swift-oficialmente-duena-toda-musica-implica-logro_0_y8Exb0pEb5.html\">Fuente Clarin.com <\/a><\/p>\n","protected":false},"excerpt":{"rendered":"<p>La cantante estadounidense Taylor Swift recompr\u00f3 los derechos de sus primeros seis \u00e1lbumes, poniendo fin a una larga batalla por la propiedad de su m\u00fasica. &#8220;Toda la m\u00fasica que he creado ahora me pertenece&#8221;, declar\u00f3 la estrella al anunciar la noticia en su sitio web oficial, junto con una extensa carta escrita a mano en [&hellip;]<\/p>\n","protected":false},"author":1,"featured_media":30334,"comment_status":"open","ping_status":"open","sticky":false,"template":"","format":"standard","meta":{"footnotes":""},"categories":[2],"tags":[66,4333,1764,286],"class_list":["post-30333","post","type-post","status-publish","format-standard","has-post-thumbnail","hentry","category-ultimas-noticias","tag-como","tag-implica","tag-logro","tag-que"],"_links":{"self":[{"href":"https:\/\/13.com.ar\/index.php\/wp-json\/wp\/v2\/posts\/30333","targetHints":{"allow":["GET"]}}],"collection":[{"href":"https:\/\/13.com.ar\/index.php\/wp-json\/wp\/v2\/posts"}],"about":[{"href":"https:\/\/13.com.ar\/index.php\/wp-json\/wp\/v2\/types\/post"}],"author":[{"embeddable":true,"href":"https:\/\/13.com.ar\/index.php\/wp-json\/wp\/v2\/users\/1"}],"replies":[{"embeddable":true,"href":"https:\/\/13.com.ar\/index.php\/wp-json\/wp\/v2\/comments?post=30333"}],"version-history":[{"count":0,"href":"https:\/\/13.com.ar\/index.php\/wp-json\/wp\/v2\/posts\/30333\/revisions"}],"wp:featuredmedia":[{"embeddable":true,"href":"https:\/\/13.com.ar\/index.php\/wp-json\/wp\/v2\/media\/30334"}],"wp:attachment":[{"href":"https:\/\/13.com.ar\/index.php\/wp-json\/wp\/v2\/media?parent=30333"}],"wp:term":[{"taxonomy":"category","embeddable":true,"href":"https:\/\/13.com.ar\/index.php\/wp-json\/wp\/v2\/categories?post=30333"},{"taxonomy":"post_tag","embeddable":true,"href":"https:\/\/13.com.ar\/index.php\/wp-json\/wp\/v2\/tags?post=30333"}],"curies":[{"name":"wp","href":"https:\/\/api.w.org\/{rel}","templated":true}]}}