{"id":30331,"date":"2025-06-02T18:55:28","date_gmt":"2025-06-02T21:55:28","guid":{"rendered":"https:\/\/13.com.ar\/index.php\/que-los-hinchas-disfruten-van-a-jugar-la-libertadores\/"},"modified":"2025-06-02T18:55:28","modified_gmt":"2025-06-02T21:55:28","slug":"que-los-hinchas-disfruten-van-a-jugar-la-libertadores","status":"publish","type":"post","link":"https:\/\/13.com.ar\/index.php\/que-los-hinchas-disfruten-van-a-jugar-la-libertadores\/","title":{"rendered":"Que los hinchas disfruten, van a jugar la Libertadores"},"content":{"rendered":"<p> <br \/>\n<\/p>\n<div id=\"cuerpo\">\n<div class=\"sc-45461e9c-0 eqiBeF container-text text-embed \" id=\"element-body-0\">\n<p>Cuando a la cuenta regresiva para el partido trascendental le quedaban un pu\u00f1ado de minutos y la dupla de entrenadores dio las \u00faltimas precisiones hubo un silencio en el vestuario visitante del Madre de Ciudades, a 1.000 kil\u00f3metros del territorio <strong>Calamar <\/strong>que solamente romp\u00eda el bullicio que llegaba de las tribunas. Ah\u00ed estaban los hinchas que hab\u00edan llegado a<strong> Santiago del Estero <\/strong>y esperaban que ellos, los futbolistas que estaban a punto saltar a la cancha, les dieran la alegr\u00eda de sus vidas. <em>\u201cEst\u00e1n a un pasito de hacer historia\u201d<\/em>, dijo<strong> Favio Orsi<\/strong>, o pudo haber sido<strong> Sergio G\u00f3mez<\/strong>, para terminar de redondear una idea que pod\u00eda quedar grande.<\/p>\n<\/div>\n<div class=\"sc-45461e9c-0 eqiBeF container-text text-embed \" id=\"element-body-1\">\n<p><em>\u201cLa motivaci\u00f3n estaba, no tuvieron que hacer mucho\u201d<\/em>, le admite entre risas a <strong>Clar\u00edn <\/strong>el arquero <strong>Juan Pablo Cozzani<\/strong>, una de las piezas clave del <strong>Calamar <\/strong>campe\u00f3n. En la final respondi\u00f3 en todas y principalmente tom\u00f3 dos decisiones arriesgadas para mitigar el peligro: un anticipo con los pies fuera del \u00e1rea para llegar antes que el rival en la primera parte y una suerte de palomita en el \u00e1rea con un pu\u00f1o salvador para cortar un centro. No tuvo la centralidad de la definici\u00f3n por penales ante River, uno de los escalones para llegar a Santiago, pero fue determinante.<\/p>\n<\/div>\n<div class=\"sc-45461e9c-0 eqiBeF container-text text-embed \" id=\"element-body-2\">\n<p>Y de eso sabe Cozzani, de transitar caminos para llegar. No importa el tipo de terreno ni la longitud. Naci\u00f3 en Guaymall\u00e9n, Mendoza, y sin saberlo comenz\u00f3 a construir su recorrido en el f\u00fatbol. Su primer club fue <strong>Talleres de C\u00f3rdoba<\/strong>, pero la experiencia se extendi\u00f3 apenas seis meses. Volvi\u00f3 su provincia y fich\u00f3 para <strong>Gimnasia y Esgrima<\/strong> de Mendoza, siempre como juvenil.<\/p>\n<\/div>\n<div class=\"sc-45461e9c-0 eqiBeF container-text text-embed \" id=\"element-body-3\">\n<p>La consagraci\u00f3n de la Scaloneta en Qatar 2022 con un Dibu Mart\u00ednez magistral volvi\u00f3 al puesto del arquero un im\u00e1n para los chicos, algo in\u00e9dito incluso en la \u00e9poca en que el <strong>Pato <\/strong>Fillol y el <strong>Loco <\/strong>Gatti cada fin de semana sal\u00eda a la cancha para demostrar qui\u00e9n era mejor. <em>\u201cYo particularmente fui arquero desde chico, no so\u00f1aba con jugar en otra posici\u00f3n\u201d<\/em>, admite hoy, como un adelantado a la fiebre por los guantes.<\/p>\n<\/div>\n<div class=\"sc-98b114a2-0 bkqiHH image-embed  image-embed \" id=\"element-body-4\"><picture class=\"sc-98b114a2-1 jRUlDm\"><source media=\"(min-width: 975px)\" width=\"720\" height=\"480\" \/><img alt=\"Juan Cozzani y un retrato en el que todav\u00eda no ten\u00eda p\u00e1tina de campe\u00f3n. Foto Maxi Failla \" loading=\"lazy\" width=\"720\" height=\"480\" decoding=\"async\" data-nimg=\"1\" style=\"color:transparent\" src=\"https:\/\/13.com.ar\/wp-content\/uploads\/2025\/06\/Que-los-hinchas-disfruten-van-a-jugar-la-Libertadores.jpg\"\/><span class=\"epigraphe\">Juan Cozzani y un retrato en el que todav\u00eda no ten\u00eda p\u00e1tina de campe\u00f3n. Foto Maxi Failla <\/span><span class=\"picture-open\"><button class=\"open-image\" aria-label=\"Open Image\"\/><\/span><\/picture><\/div>\n<div class=\"sc-45461e9c-0 eqiBeF container-text text-embed \" id=\"element-body-5\">\n<p>A los 14 a\u00f1os se prob\u00f3 en Lan\u00fas y qued\u00f3. Trabaj\u00f3, compiti\u00f3 y fue promovido a la Reserva. Antes de cumplir los 20, ya se sentaba en el banco de suplentes de la Primera Divisi\u00f3n. Se hablaba de un tal Cozzani y el entrenador de la Selecci\u00f3n Sub 23, Fernando Batista, lo convoc\u00f3 primero para el Panamericano y despu\u00e9s para el Torneo Preol\u00edmpico 2020, en el que se consagr\u00f3 campe\u00f3n.<\/p>\n<\/div>\n<div class=\"sc-45461e9c-0 eqiBeF container-text text-embed \" id=\"element-body-6\">\n<p>Esa fue una gran ense\u00f1anza. Principalmente porque ese \u00e9xito deportivo no le abri\u00f3 las puertas a un crecimiento. No se convirti\u00f3 en el arquero del Granate y el recorrido del juvenil tampoco lo llev\u00f3 a la mayor. Para ganar rodaje, busc\u00f3 otro camino. Baj\u00f3 de categor\u00eda y se fue a pr\u00e9stamo a <strong>San Mart\u00edn<\/strong> de San Juan en la Segunda Divisi\u00f3n.<\/p>\n<\/div>\n<div class=\"sc-45461e9c-0 eqiBeF container-text text-embed \" id=\"element-body-7\">\n<p>Cuando termin\u00f3 el pr\u00e9stamo, tambi\u00e9n el contrato principal con Lan\u00fas. Se fue libre a <strong>Deportivo Maip\u00fa <\/strong>de Mendoza, tambi\u00e9n de la Primera Nacional, y no pudo retornar a Primera Divisi\u00f3n por el ascenso, ya que lo perdi\u00f3 ante Deportivo Riestra. <\/p>\n<\/div>\n<div class=\"sc-45461e9c-0 eqiBeF container-text text-embed \" id=\"element-body-8\">\n<p>Despu\u00e9s lleg\u00f3 a Platense, cuando nadie pensaba en el club como un veh\u00edculo para la consagraci\u00f3n personal. El Calamar hab\u00eda frustrado su oportunidad de ser campe\u00f3n en 2023 tras perder la final ante Rosario Central, tambi\u00e9n en Santiago del Estero.<\/p>\n<\/div>\n<div class=\"sc-45461e9c-0 eqiBeF container-text text-embed \" id=\"element-body-9\">\n<p><em>&#8220;Nunca quise saltearme pasos. Me gustar\u00eda tener una carrera larga y buena y, claro que me gustar\u00eda irme a jugar a Europa. Pero mido pasos cortos para tratar de cumplir objetivos\u201d<\/em>, asume y habla con otra altura. No se le subi\u00f3 el trofeo a la cabeza, pero se nota que es un campe\u00f3n.<\/p>\n<\/div>\n<div class=\"sc-106e49c0-0 dcVumd freeHtml-embed undefined\" id=\"element-body-10\">\n<blockquote class=\"twitter-tweet\">\n<p lang=\"es\" dir=\"ltr\">&#8220;NOS HEMOS PLANTADO EN LAS CANCHAS M\u00c1S DIF\u00cdCILES DEL PA\u00cdS.&#8221; Cozzani habl\u00f3 sobre el Platense campe\u00f3n.<\/p>\n<p>\ud83d\udcfa ESPN Premium | Suscribite al Pack F\u00fatbol en  <a rel=\"nofollow\" target=\"_blank\" href=\"https:\/\/t.co\/jQS3gxV92I\">pic.twitter.com\/jQS3gxV92I<\/a><\/p>\n<p>\u2014 SportsCenter (@SC_ESPN) <a rel=\"nofollow\" target=\"_blank\" href=\"https:\/\/twitter.com\/SC_ESPN\/status\/1929300118651519170?ref_src=twsrc%5Etfw\">June 1, 2025<\/a><\/p><\/blockquote>\n<\/div>\n<div class=\"sc-45461e9c-0 eqiBeF container-text text-embed \" id=\"element-body-11\">\n<p>Y para colgarse esa medalla, adem\u00e1s de conjugar el trabajo en equipo, Cozzani tiene una herramienta que cualquiera tiene disponible, pero no todos utilizan. La preparaci\u00f3n psicol\u00f3gica, esa que Emiliano Mart\u00ednez, el Dibu, desmitific\u00f3: la preparaci\u00f3n y contenci\u00f3n psicol\u00f3gica. <em>&#8220;Es muy importante cuidar la cabeza. Tanto como la alimentaci\u00f3n. Son dos cosas muy importantes para llegar en lo f\u00edsico al cien. No alcanza trabajar lo f\u00edsico nada m\u00e1s&#8221;<\/em>, sentencia.<\/p>\n<\/div>\n<div class=\"sc-45461e9c-0 eqiBeF container-text text-embed \" id=\"element-body-12\">\n<p><strong>-\u00bfTrabaj\u00e1s m\u00e1s el aspecto mental seg\u00fan la intensidad del partido?<\/strong><\/p>\n<\/div>\n<div class=\"sc-45461e9c-0 eqiBeF container-text text-embed \" id=\"element-body-13\">\n<p>-Hace poco me toc\u00f3 jugar otra final con Deportivo Maip\u00fa. No es lo mismo, es otra magnitud, pero la intensidad est\u00e1. Hay que prepararse, saber abstraerse de lo que pasa afuera que por lo general es un contexto hostil.<\/p>\n<\/div>\n<div class=\"sc-45461e9c-0 eqiBeF container-text text-embed \" id=\"element-body-14\">\n<p><strong>-En la final del domingo, no te toc\u00f3 el rol de \u201csalvador\u201d que s\u00ed tuviste en otros partidos \u00bfHubieses preferido tener m\u00e1s trabajo?<\/strong><\/p>\n<\/div>\n<div class=\"sc-45461e9c-0 eqiBeF container-text text-embed \" id=\"element-body-15\">\n<p>-\u00a1No! Mejor que haya tenido que aparecer poco, hasta hubiese preferido no tener que tocar la pelota. Y se dio as\u00ed, porque este es un grupo con unos huevos b\u00e1rbaros&#8230; intensidad, esa es la palabra. Yo no soy nada sin ellos y ellos tambi\u00e9n me necesitan. Pero estuvimos todos muy concentrados, muy enfocados.<\/p>\n<\/div>\n<div class=\"sc-45461e9c-0 eqiBeF container-text text-embed \" id=\"element-body-16\">\n<p>Cozzani es uno de los pocos campeones del Calamar con un contrato hasta 2028. Acaso en algunos meses ser\u00e1 uno de los sobrevientes de un plantel con la primera estrella, amenazado de desmembrarse: pareciera que el resto de los clubes quieren alguna pieza del campe\u00f3n.<\/p>\n<\/div>\n<div class=\"sc-45461e9c-0 eqiBeF container-text text-embed \" id=\"element-body-17\">\n<p>Por esa preparaci\u00f3n \u201cde la cabeza\u201d, tiene la capacidad para encontrar palabras justas para situarse en una posici\u00f3n m\u00e1s amena. El aqu\u00ed y ahora, en lugar de la incertidumbre de lo que vendr\u00e1.<\/p>\n<\/div>\n<div class=\"sc-45461e9c-0 eqiBeF container-text text-embed \" id=\"element-body-18\">\n<p><strong>-\u00bfSi pudieses hablarle a todos los hinchas al mismo tiempo, qu\u00e9 les dir\u00edas?<\/strong><\/p>\n<\/div>\n<div class=\"sc-45461e9c-0 eqiBeF container-text text-embed \" id=\"element-body-19\">\n<p>-Que disfruten, que esto es algo \u00fanico que se dio por primera vez en la historia y hoy son campeones del f\u00fatbol argentino. Y que van a jugar la pr\u00f3xima Copa Libertadores.<\/p>\n<\/div>\n<div class=\"sc-45461e9c-0 eqiBeF container-text text-embed \" id=\"element-body-20\">\n<p>Cozzani est\u00e1 un paso adelante. El presente es de festejo, pero le avisa a los hinchas que esto sigue, que ya salieron campeones, y que en el camino hay algo que tambi\u00e9n era impensado para el Calamar, <strong>el primer equipo argentino clasificado para el mayor torneo de Sudam\u00e9rica.<\/strong><\/p>\n<\/div>\n<\/div>\n<p><script async src=\"\/\/platform.twitter.com\/widgets.js\" charset=\"utf-8\"><\/script><br \/>\n<br \/><br \/>\n<br \/><a href=\"https:\/\/www.clarin.com\/deportes\/cozzani-arquero-campeon-sabe-atajar-tener-cabeza-enfocada-hinchas-disfruten-van-jugar-libertadores_0_xoJSiBoyqb.html\">Fuente Clarin.com <\/a><\/p>\n","protected":false},"excerpt":{"rendered":"<p>Cuando a la cuenta regresiva para el partido trascendental le quedaban un pu\u00f1ado de minutos y la dupla de entrenadores dio las \u00faltimas precisiones hubo un silencio en el vestuario visitante del Madre de Ciudades, a 1.000 kil\u00f3metros del territorio Calamar que solamente romp\u00eda el bullicio que llegaba de las tribunas. Ah\u00ed estaban los hinchas [&hellip;]<\/p>\n","protected":false},"author":1,"featured_media":30332,"comment_status":"open","ping_status":"open","sticky":false,"template":"","format":"standard","meta":{"footnotes":""},"categories":[2],"tags":[13220,3593,1706,1749,28,1021],"class_list":["post-30331","post","type-post","status-publish","format-standard","has-post-thumbnail","hentry","category-ultimas-noticias","tag-disfruten","tag-hinchas","tag-jugar","tag-libertadores","tag-los","tag-van"],"_links":{"self":[{"href":"https:\/\/13.com.ar\/index.php\/wp-json\/wp\/v2\/posts\/30331","targetHints":{"allow":["GET"]}}],"collection":[{"href":"https:\/\/13.com.ar\/index.php\/wp-json\/wp\/v2\/posts"}],"about":[{"href":"https:\/\/13.com.ar\/index.php\/wp-json\/wp\/v2\/types\/post"}],"author":[{"embeddable":true,"href":"https:\/\/13.com.ar\/index.php\/wp-json\/wp\/v2\/users\/1"}],"replies":[{"embeddable":true,"href":"https:\/\/13.com.ar\/index.php\/wp-json\/wp\/v2\/comments?post=30331"}],"version-history":[{"count":0,"href":"https:\/\/13.com.ar\/index.php\/wp-json\/wp\/v2\/posts\/30331\/revisions"}],"wp:featuredmedia":[{"embeddable":true,"href":"https:\/\/13.com.ar\/index.php\/wp-json\/wp\/v2\/media\/30332"}],"wp:attachment":[{"href":"https:\/\/13.com.ar\/index.php\/wp-json\/wp\/v2\/media?parent=30331"}],"wp:term":[{"taxonomy":"category","embeddable":true,"href":"https:\/\/13.com.ar\/index.php\/wp-json\/wp\/v2\/categories?post=30331"},{"taxonomy":"post_tag","embeddable":true,"href":"https:\/\/13.com.ar\/index.php\/wp-json\/wp\/v2\/tags?post=30331"}],"curies":[{"name":"wp","href":"https:\/\/api.w.org\/{rel}","templated":true}]}}