{"id":30329,"date":"2025-06-02T18:52:37","date_gmt":"2025-06-02T21:52:37","guid":{"rendered":"https:\/\/13.com.ar\/index.php\/sostener-la-llama-frente-al-retroceso\/"},"modified":"2025-06-02T18:52:37","modified_gmt":"2025-06-02T21:52:37","slug":"sostener-la-llama-frente-al-retroceso","status":"publish","type":"post","link":"https:\/\/13.com.ar\/index.php\/sostener-la-llama-frente-al-retroceso\/","title":{"rendered":"sostener la llama frente al retroceso"},"content":{"rendered":"<p> <br \/>\n<br \/><img decoding=\"async\" src=\"https:\/\/13.com.ar\/wp-content\/uploads\/2025\/06\/sostener-la-llama-frente-al-retroceso.jpg\" \/><\/p>\n<div id=\"element-body-0\">\n<p>Hace una d\u00e9cada, el 3 de junio de 2015, nuestras calles se estremecieron con un grito colectivo: #NiUnaMenos. Esa multitud, nacida del dolor ante el femicidio de Chiara P\u00e1ez y de tantas otras v\u00edctimas silenciadas marc\u00f3 un antes y un despu\u00e9s. <\/p>\n<\/div>\n<div id=\"element-body-1\">\n<p>Un reclamo urgente \u2014vivir libres y sin miedo\u2014 nos uni\u00f3 en las calles, impuls\u00f3 cambios profundos y nos transform\u00f3 como sociedad. Diez a\u00f1os despu\u00e9s, celebramos conquistas que entonces parec\u00edan impensables, pero tambi\u00e9n enfrentamos retrocesos que amenazan cada logro alcanzado y ponen en riesgo cada vida.<\/p>\n<\/div>\n<div id=\"element-body-2\">\n<p>En estos diez a\u00f1os el movimiento logr\u00f3 impulsar la creaci\u00f3n del Registro Nacional de Femicidios de la CSJN, el Cuerpo de Abogadas\/os para V\u00edctimas de violencia de g\u00e9nero, la sanci\u00f3n de la Ley Micaela, la Ley de Paridad de G\u00e9nero y el Cupo Laboral Travesti-Trans. Tambi\u00e9n se crearon fiscal\u00edas especializadas, se ampli\u00f3 la L\u00ednea 144 a todo el pa\u00eds y se conquist\u00f3 un hito hist\u00f3rico: la ley de Interrupci\u00f3n Voluntaria y Legal del Embarazo.<\/p>\n<\/div>\n<div id=\"element-body-3\">\n<p> A ello se suma la implementaci\u00f3n del Plan ENIA, que logr\u00f3 reducir los embarazos no intencionales en la adolescencia. Tambi\u00e9n la ley de los Mil D\u00edas para apoyar a las mujeres en situaci\u00f3n de vulnerabilidad que deciden continuar con sus embarazos.<\/p>\n<\/div>\n<div id=\"element-body-4\">\n<p>El Plan Nacional contra las Violencias por Motivos de G\u00e9nero fij\u00f3 un mapa federal de urgencias; el programa Acompa\u00f1ar contribuy\u00f3 a fortalecer la autonom\u00eda econ\u00f3mica; la Ley de Cupo Laboral Travesti-Trans abri\u00f3 puertas; la Ley Olimpia le puso nombre a aquellas violencias invisibilizadas. Cada avance demostr\u00f3 que las pol\u00edticas p\u00fablicas, cuando se implementan con los recursos financieros y humanos necesarios, cambian vidas.<\/p>\n<\/div>\n<div id=\"element-body-5\">\n<p>Sin embargo, hoy muchas de estas pol\u00edticas han sido desmanteladas o se encuentran en grave riesgo. El Gobierno ha desfinanciado el Programa Acompa\u00f1ar, y ha desdibujado el rol de la L\u00ednea 144 que hoy recibe consultas de violencia en general. Trece programas fueron eliminados por el Ministerio de Justicia, incluso aquellos destinados a prevenir situaciones de violencias extremas. Hoy la Argentina carece, por primera vez en cuarenta a\u00f1os, de un organismo espec\u00edfico para prevenir la violencia de g\u00e9nero. Todo ocurre mientras un femicidio ensombrece al pa\u00eds cada treinta horas.<\/p>\n<\/div>\n<div id=\"element-body-6\">\n<p>Negar la violencia machista no la hace desaparecer, la profundiza. Recortar presupuestos no ahorra recursos; cuesta vidas. Eliminar programas fundamentales deja a mujeres y diversidades abandonadas y sin protecci\u00f3n. Los derechos de las mujeres no pueden ser una variable de ajuste.<\/p>\n<\/div>\n<div id=\"element-body-7\">\n<p><em>Ni Una Menos<\/em> nos ense\u00f1\u00f3 que al alzar la voz, las mujeres y las disidencias no solo denuncian injusticias, tambi\u00e9n abren caminos de transformaci\u00f3n que han logrado marcar hitos en el reconocimiento de derechos. Frente al odio, la desinformaci\u00f3n y los retrocesos, nuestra respuesta siempre fue y ser\u00e1 colectiva. Por eso los movimientos de mujeres exigimos que el Estado restituya de inmediato los programas fundamentales, cumpla con la Ley Micaela y garantice el acceso a la justicia a las v\u00edctimas. Reclamamos presupuesto, respuestas urgentes y pol\u00edticas sostenidas que protejan la vida y acompa\u00f1en a quienes hoy siguen en riesgo.<\/p>\n<\/div>\n<div id=\"element-body-8\">\n<p>Este 3 de junio volveremos a alzar la voz. No lo hacemos para festejar; lo hacemos para defender lo conquistado y exigir que se garanticen nuestros derechos. Porque queremos a todas vivas, libres y con derechos. A diez a\u00f1os de aquel grito fundacional, seguimos diciendo con m\u00e1s fuerza que nunca: Ni Una Menos.<\/p>\n<\/div>\n<div id=\"element-body-9\">\n<p><em>Mariela Belski es directora ejecutiva de Amnist\u00eda Internacional Argentina<\/em><\/p>\n<\/div>\n<p><br \/>\n<br \/><a href=\"https:\/\/www.clarin.com\/opinion\/anos-sostener-llama-frente-retroceso_0_ijh9G45M9M.html\">Fuente Clarin.com <\/a><\/p>\n","protected":false},"excerpt":{"rendered":"<p>Hace una d\u00e9cada, el 3 de junio de 2015, nuestras calles se estremecieron con un grito colectivo: #NiUnaMenos. Esa multitud, nacida del dolor ante el femicidio de Chiara P\u00e1ez y de tantas otras v\u00edctimas silenciadas marc\u00f3 un antes y un despu\u00e9s. Un reclamo urgente \u2014vivir libres y sin miedo\u2014 nos uni\u00f3 en las calles, impuls\u00f3 [&hellip;]<\/p>\n","protected":false},"author":1,"featured_media":30330,"comment_status":"open","ping_status":"open","sticky":false,"template":"","format":"standard","meta":{"footnotes":""},"categories":[2],"tags":[802,3192,6135,2133],"class_list":["post-30329","post","type-post","status-publish","format-standard","has-post-thumbnail","hentry","category-ultimas-noticias","tag-frente","tag-llama","tag-retroceso","tag-sostener"],"_links":{"self":[{"href":"https:\/\/13.com.ar\/index.php\/wp-json\/wp\/v2\/posts\/30329","targetHints":{"allow":["GET"]}}],"collection":[{"href":"https:\/\/13.com.ar\/index.php\/wp-json\/wp\/v2\/posts"}],"about":[{"href":"https:\/\/13.com.ar\/index.php\/wp-json\/wp\/v2\/types\/post"}],"author":[{"embeddable":true,"href":"https:\/\/13.com.ar\/index.php\/wp-json\/wp\/v2\/users\/1"}],"replies":[{"embeddable":true,"href":"https:\/\/13.com.ar\/index.php\/wp-json\/wp\/v2\/comments?post=30329"}],"version-history":[{"count":0,"href":"https:\/\/13.com.ar\/index.php\/wp-json\/wp\/v2\/posts\/30329\/revisions"}],"wp:featuredmedia":[{"embeddable":true,"href":"https:\/\/13.com.ar\/index.php\/wp-json\/wp\/v2\/media\/30330"}],"wp:attachment":[{"href":"https:\/\/13.com.ar\/index.php\/wp-json\/wp\/v2\/media?parent=30329"}],"wp:term":[{"taxonomy":"category","embeddable":true,"href":"https:\/\/13.com.ar\/index.php\/wp-json\/wp\/v2\/categories?post=30329"},{"taxonomy":"post_tag","embeddable":true,"href":"https:\/\/13.com.ar\/index.php\/wp-json\/wp\/v2\/tags?post=30329"}],"curies":[{"name":"wp","href":"https:\/\/api.w.org\/{rel}","templated":true}]}}