{"id":30327,"date":"2025-06-02T18:49:36","date_gmt":"2025-06-02T21:49:36","guid":{"rendered":"https:\/\/13.com.ar\/index.php\/paris-saint-germain-el-amo-y-senor-de-francia-que-se-desbloqueo-en-la-champions-en-el-momento-justo\/"},"modified":"2025-06-02T18:49:36","modified_gmt":"2025-06-02T21:49:36","slug":"paris-saint-germain-el-amo-y-senor-de-francia-que-se-desbloqueo-en-la-champions-en-el-momento-justo","status":"publish","type":"post","link":"https:\/\/13.com.ar\/index.php\/paris-saint-germain-el-amo-y-senor-de-francia-que-se-desbloqueo-en-la-champions-en-el-momento-justo\/","title":{"rendered":"Par\u00eds Saint-Germain, el amo y se\u00f1or de Francia que se desbloque\u00f3 en la Champions en el momento justo"},"content":{"rendered":"<p> <br \/>\n<\/p>\n<div id=\"cuerpo\">\n<div class=\"sc-45461e9c-0 eqiBeF container-text text-embed \" id=\"element-body-0\">\n<p>Fundado en 1970, el <strong>Par\u00eds Saint-Germain<\/strong>, conocido por sus siglas, <strong>PSG<\/strong>, naci\u00f3 de una fusi\u00f3n y durante d\u00e9cadas fue apenas un actor de reparto en el f\u00fatbol franc\u00e9s. Su palmar\u00e9s se mantuvo modesto hasta los a\u00f1os &#8217;90, cuando comenz\u00f3 a hacerse un nombre a nivel local y europeo. Pero el verdadero punto de quiebre lleg\u00f3 en 2011, cuando <strong>Qatar Sports Investments<\/strong> tom\u00f3 el control del club y lo transform\u00f3 en un s\u00edmbolo del poder\u00edo financiero en el f\u00fatbol moderno.<\/p>\n<\/div>\n<div class=\"sc-45461e9c-0 eqiBeF container-text text-embed \" id=\"element-body-1\">\n<p>Con la inyecci\u00f3n de capital qatar\u00ed, <strong>el PSG pas\u00f3 a jugar en otra liga<\/strong>. Llegaron figuras como <strong>Zlatan Ibrahimovic\u0107<\/strong>, <strong>Thiago Silva <\/strong>y <strong>Edinson Cavani<\/strong>, y m\u00e1s tarde, los impactantes fichajes de <strong>Neymar <\/strong>y <strong>Kylian Mbapp\u00e9 <\/strong>marcaron una era de dominio absoluto en Francia.<\/p>\n<\/div>\n<div class=\"sc-45461e9c-0 eqiBeF container-text text-embed \" id=\"element-body-2\">\n<p>Multiplic\u00f3 t\u00edtulos dom\u00e9sticos y construy\u00f3 una marca global, aunque la <strong>Champions League<\/strong>, su gran obsesi\u00f3n, sigui\u00f3 esquiva: apenas alcanz\u00f3 una final, en 2020, que perdi\u00f3 ante el Bayern M\u00fanich. En 2021 dio otro golpe al recibir a <strong>Lionel Messi<\/strong>, destratado en Barcelona.<\/p>\n<\/div>\n<div class=\"sc-45461e9c-0 eqiBeF container-text text-embed \" id=\"element-body-3\">\n<p>Hoy, con Mbapp\u00e9 ya fuera del proyecto, el club parisino vive una nueva etapa, centrada en una renovaci\u00f3n con bases m\u00e1s colectivas y una mirada de mediano plazo. Al mando del t\u00e9cnico <strong>Luis Enrique<\/strong>, PSG se reinvent\u00f3 para conseguir su ambici\u00f3n: fue protagonista en Europa, sin depender de estrellas fugaces, y se consagr\u00f3 campe\u00f3n de la Champions League por primera vez en su historia.<\/p>\n<\/div>\n<div class=\"sc-98b114a2-0 bkqiHH image-embed  image-embed \" id=\"element-body-4\"><picture class=\"sc-98b114a2-1 jRUlDm\"><source media=\"(min-width: 975px)\" width=\"720\" height=\"480\" \/><img alt=\"PSG se consagr\u00f3 campe\u00f3n en Francia con varias fechas de anticipaci\u00f3n. Foto: EFE \/ EPA \/ CHRISTOPHE PETIT TESSON.\" loading=\"lazy\" width=\"720\" height=\"480\" decoding=\"async\" data-nimg=\"1\" style=\"color:transparent\" src=\"https:\/\/13.com.ar\/wp-content\/uploads\/2025\/06\/Paris-Saint-Germain-el-amo-y-senor-de-Francia-que-se.jpg\"\/><span class=\"epigraphe\">PSG se consagr\u00f3 campe\u00f3n en Francia con varias fechas de anticipaci\u00f3n. Foto: EFE \/ EPA \/ CHRISTOPHE PETIT TESSON.<\/span><span class=\"picture-open\"><button class=\"open-image\" aria-label=\"Open Image\"\/><\/span><\/picture><\/div>\n<p><h2>C\u00f3mo llega el PSG al Mundial de Clubes<\/h2>\n<\/p>\n<div class=\"sc-45461e9c-0 eqiBeF container-text text-embed \" id=\"element-body-6\">\n<p>Este a\u00f1o, el equipo de Luis Enrique se consolid\u00f3 como uno de los mejores representantes de Europa y es candidato natural a llegar lejos en el Mundial de Clubes. En la Ligue 1 francesa arras\u00f3 como nunca, consagr\u00e1ndose campe\u00f3n con seis fechas de anticipaci\u00f3n y acumula 12 t\u00edtulos en las \u00faltimas 13 ediciones, dando cuenta de su absoluto dominio. La marcha triunfal de los parisinos se mantuvo tambi\u00e9n en la Copa de Francia, donde este s\u00e1bado 24 de mayo jugar\u00e1 la final frente al Reims.<\/p>\n<\/div>\n<div class=\"sc-45461e9c-0 eqiBeF container-text text-embed \" id=\"element-body-7\">\n<p>El triplete se cristaliz\u00f3 en Munich, Alemania, donde el s\u00e1bado 31 de mayo le dio una c\u00e1tedra de f\u00fatbol total al Inter de Milan para conseguir el resultado m\u00e1s abultado en una final de la Champions League (5-0) y saldar una vieja deuda que no pudo con Mbapp\u00e9, Neymar y Messi pero que parece m\u00e1s cerca que nunca.<\/p>\n<\/div>\n<p><h2>Ousmane Dembel\u00e9, el fen\u00f3meno franc\u00e9s que renaci\u00f3 con el PSG<\/h2>\n<\/p>\n<div class=\"sc-45461e9c-0 eqiBeF container-text text-embed \" id=\"element-body-9\">\n<p>Durante a\u00f1os, <strong>Ousmane Dembel\u00e9 <\/strong>fue una promesa que parec\u00eda no terminar de cumplirse. Su zurda electrizante, sus cambios de ritmo imposibles y su habilidad para jugar con ambos perfiles lo hac\u00edan \u00fanico, pero las lesiones, la irregularidad y la presi\u00f3n de un fichaje millonario con el Barcelona le impidieron alcanzar la constancia que su talento suger\u00eda. Hasta ahora.<\/p>\n<\/div>\n<div class=\"sc-45461e9c-0 eqiBeF container-text text-embed \" id=\"element-body-10\">\n<p>En 2025, ya con la camiseta del PSG y bajo la direcci\u00f3n de Luis Enrique, el t\u00e9cnico que m\u00e1s lo potenci\u00f3, Dembel\u00e9 vive la mejor temporada de su carrera. Con libertad por las bandas y responsabilidad en la conducci\u00f3n ofensiva tras la salida de Mbapp\u00e9, se transform\u00f3 en el motor del equipo parisino. No solo suma goles y asistencias: juega, hace jugar y desequilibra con una madurez t\u00e1ctica que antes le era ajena.<\/p>\n<\/div>\n<div class=\"sc-98b114a2-0 bkqiHH image-embed  image-embed \" id=\"element-body-11\"><picture class=\"sc-98b114a2-1 jRUlDm\"><source media=\"(min-width: 975px)\" width=\"720\" height=\"480\" \/><img alt=\"Ousmane Dembel\u00e9 vive la temporada de su vida con el PSG. Foto: EFE \/ EPA \/ NEIL HALL.\" loading=\"lazy\" width=\"720\" height=\"480\" decoding=\"async\" data-nimg=\"1\" style=\"color:transparent\" src=\"https:\/\/13.com.ar\/wp-content\/uploads\/2025\/06\/1748900976_195_Paris-Saint-Germain-el-amo-y-senor-de-Francia-que-se.jpg\"\/><span class=\"epigraphe\">Ousmane Dembel\u00e9 vive la temporada de su vida con el PSG. Foto: EFE \/ EPA \/ NEIL HALL.<\/span><span class=\"picture-open\"><button class=\"open-image\" aria-label=\"Open Image\"\/><\/span><\/picture><\/div>\n<div class=\"sc-45461e9c-0 eqiBeF container-text text-embed \" id=\"element-body-12\">\n<p>Formado en Rennes, explot\u00f3 joven en el Borussia Dortmund y fue vendido por m\u00e1s de 100 millones de euros al Bar\u00e7a, donde convivi\u00f3 con la presi\u00f3n propia de las expectativas desmedidas. A pesar de algunos destellos, nunca logr\u00f3 continuidad pero en Par\u00eds encontr\u00f3 lo que tanto necesitaba: confianza, salud f\u00edsica y un sistema a su medida.<\/p>\n<\/div>\n<p><h2>Luis Enrique, el genio espa\u00f1ol que le cambi\u00f3 la cabeza al PSG<\/h2>\n<\/p>\n<div class=\"sc-45461e9c-0 eqiBeF container-text text-embed \" id=\"element-body-14\">\n<p><strong>Luis<\/strong> <strong>Enrique <\/strong>lleg\u00f3 al <strong>Par\u00eds Saint-Germain<\/strong> con un desaf\u00edo tan ambicioso como espinoso: reconstruir un equipo millonario que hab\u00eda girado durante a\u00f1os en torno a nombres rutilantes, pero que no lograba dar el salto definitivo en Europa. Sin Mbapp\u00e9, sin Messi y sin Neymar, le toc\u00f3 redise\u00f1ar el proyecto desde las bases, con menos espect\u00e1culo de mercado y m\u00e1s trabajo invisible. Y lo est\u00e1 logrando.<\/p>\n<\/div>\n<div class=\"sc-45461e9c-0 eqiBeF container-text text-embed \" id=\"element-body-15\">\n<p>El t\u00e9cnico asturiano impuso una idea clara desde el primer d\u00eda: presi\u00f3n alta, posesi\u00f3n agresiva, movilidad constante y un compromiso colectivo que no negociara esfuerzos. Para eso recuper\u00f3 a jugadores como Dembel\u00e9, dio confianza a j\u00f3venes talentos y consolid\u00f3 una estructura que dej\u00f3 de depender de individualidades para pasar a funcionar como un bloque.<\/p>\n<\/div>\n<div class=\"sc-98b114a2-0 bkqiHH image-embed  image-embed \" id=\"element-body-16\"><picture class=\"sc-98b114a2-1 jRUlDm\"><source media=\"(min-width: 975px)\" width=\"720\" height=\"480\" \/><img alt=\"Luis Enrique, destinado a cosas grandes, buscar\u00e1 el Mundial de Clubes. Foto: EFE \/ EPA \/ CHRISTOPHE PETIT TESSON.\" loading=\"lazy\" width=\"720\" height=\"480\" decoding=\"async\" data-nimg=\"1\" style=\"color:transparent\" src=\"https:\/\/13.com.ar\/wp-content\/uploads\/2025\/06\/1748900976_196_Paris-Saint-Germain-el-amo-y-senor-de-Francia-que-se.jpg\"\/><span class=\"epigraphe\">Luis Enrique, destinado a cosas grandes, buscar\u00e1 el Mundial de Clubes. Foto: EFE \/ EPA \/ CHRISTOPHE PETIT TESSON.<\/span><span class=\"picture-open\"><button class=\"open-image\" aria-label=\"Open Image\"\/><\/span><\/picture><\/div>\n<div class=\"sc-45461e9c-0 eqiBeF container-text text-embed \" id=\"element-body-17\">\n<p>Luis Enrique no es un improvisado. Como futbolista fue s\u00edmbolo en el Real Madrid y el Barcelona, y como entrenador dej\u00f3 su sello en el Bar\u00e7a campe\u00f3n del triplete 2016, con la MSN en su apogeo. Tambi\u00e9n dirigi\u00f3 a la selecci\u00f3n espa\u00f1ola, donde intent\u00f3 renovar la identidad de La Roja con una propuesta valiente, aunque sin resultados consagratorios.<\/p>\n<\/div>\n<div class=\"sc-45461e9c-0 eqiBeF container-text text-embed \" id=\"element-body-18\">\n<p>En Par\u00eds encontr\u00f3 un ecosistema propicio para su obsesi\u00f3n t\u00e1ctica y su exigencia meticulosa. Lejos del marketing de otras \u00e9pocas, su PSG compite, crece y juega con convicci\u00f3n. A los 55 a\u00f1os reci\u00e9n cumplidos, Luis Enrique no solo dirige un equipo: est\u00e1 moldeando un club a su imagen y semejanza.<\/p>\n<\/div>\n<p><h2>C\u00f3mo clasific\u00f3 el PSG al Mundial de Clubes<\/h2>\n<\/p>\n<div class=\"sc-45461e9c-0 eqiBeF container-text text-embed \" id=\"element-body-20\">\n<p>Protagonista de la Champions entre los a\u00f1os 2021 y 2024, situaci\u00f3n que revalid\u00f3 con creces en 2025, el PSG se gan\u00f3 un lugar en el torneo de los 32 equipos gracias al buen ranking que lo mantiene entre los mejores de Europa. En el certamen que se jugar\u00e1 en Estados Unidos debutar\u00e1 con el Atl\u00e9tico de Madrid y luego buscar\u00e1 asegurar su lugar en los octavos de final enfrentando a Botafogo y Seattle Sounders, respectivamente.<\/p>\n<\/div>\n<p><h2>El calendario del Mundial de Clubes 2025<\/h2>\n<\/p>\n<div class=\"sc-106e49c0-0 dcVumd freeHtml-embed undefined\" id=\"element-body-22\"><picture><source media=\"(min-width: 720px)\" ><img decoding=\"async\" src=\"https:\/\/13.com.ar\/wp-content\/uploads\/2025\/02\/1739229677_163_Es-el-partido-mas-destacado.jpg\" alt=\"fixture\" loading=\"lazy\"\/><br \/>\n<\/source><\/picture><\/div>\n<\/div>\n<p><br \/>\n<br \/><a href=\"https:\/\/www.clarin.com\/deportes\/mundial-clubes-2025-paris-saint-germain-amo-senor-francia-desbloqueo-champions-momento-justo_0_ourvWvjTUr.html\">Fuente Clarin.com <\/a><\/p>\n","protected":false},"excerpt":{"rendered":"<p>Fundado en 1970, el Par\u00eds Saint-Germain, conocido por sus siglas, PSG, naci\u00f3 de una fusi\u00f3n y durante d\u00e9cadas fue apenas un actor de reparto en el f\u00fatbol franc\u00e9s. Su palmar\u00e9s se mantuvo modesto hasta los a\u00f1os &#8217;90, cuando comenz\u00f3 a hacerse un nombre a nivel local y europeo. Pero el verdadero punto de quiebre lleg\u00f3 [&hellip;]<\/p>\n","protected":false},"author":1,"featured_media":30328,"comment_status":"open","ping_status":"open","sticky":false,"template":"","format":"standard","meta":{"footnotes":""},"categories":[2],"tags":[7162,710,9372,2281,1841,1454,1938,20058,388],"class_list":["post-30327","post","type-post","status-publish","format-standard","has-post-thumbnail","hentry","category-ultimas-noticias","tag-amo","tag-champions","tag-desbloqueo","tag-francia","tag-justo","tag-momento","tag-paris","tag-saintgermain","tag-senor"],"_links":{"self":[{"href":"https:\/\/13.com.ar\/index.php\/wp-json\/wp\/v2\/posts\/30327","targetHints":{"allow":["GET"]}}],"collection":[{"href":"https:\/\/13.com.ar\/index.php\/wp-json\/wp\/v2\/posts"}],"about":[{"href":"https:\/\/13.com.ar\/index.php\/wp-json\/wp\/v2\/types\/post"}],"author":[{"embeddable":true,"href":"https:\/\/13.com.ar\/index.php\/wp-json\/wp\/v2\/users\/1"}],"replies":[{"embeddable":true,"href":"https:\/\/13.com.ar\/index.php\/wp-json\/wp\/v2\/comments?post=30327"}],"version-history":[{"count":0,"href":"https:\/\/13.com.ar\/index.php\/wp-json\/wp\/v2\/posts\/30327\/revisions"}],"wp:featuredmedia":[{"embeddable":true,"href":"https:\/\/13.com.ar\/index.php\/wp-json\/wp\/v2\/media\/30328"}],"wp:attachment":[{"href":"https:\/\/13.com.ar\/index.php\/wp-json\/wp\/v2\/media?parent=30327"}],"wp:term":[{"taxonomy":"category","embeddable":true,"href":"https:\/\/13.com.ar\/index.php\/wp-json\/wp\/v2\/categories?post=30327"},{"taxonomy":"post_tag","embeddable":true,"href":"https:\/\/13.com.ar\/index.php\/wp-json\/wp\/v2\/tags?post=30327"}],"curies":[{"name":"wp","href":"https:\/\/api.w.org\/{rel}","templated":true}]}}