{"id":30326,"date":"2025-06-02T18:46:31","date_gmt":"2025-06-02T21:46:31","guid":{"rendered":"https:\/\/13.com.ar\/index.php\/el-gobierno-aumento-las-tarifas-para-financiar-la-zona-fria-el-unico-fondo-fiduciario-que-no-elimina-milei\/"},"modified":"2025-06-02T18:46:31","modified_gmt":"2025-06-02T21:46:31","slug":"el-gobierno-aumento-las-tarifas-para-financiar-la-zona-fria-el-unico-fondo-fiduciario-que-no-elimina-milei","status":"publish","type":"post","link":"https:\/\/13.com.ar\/index.php\/el-gobierno-aumento-las-tarifas-para-financiar-la-zona-fria-el-unico-fondo-fiduciario-que-no-elimina-milei\/","title":{"rendered":"el Gobierno aument\u00f3 las tarifas para financiar la zona fr\u00eda, el \u00fanico fondo fiduciario que no elimina Milei"},"content":{"rendered":"<p> <br \/>\n<br \/><img decoding=\"async\" src=\"https:\/\/13.com.ar\/wp-content\/uploads\/2025\/05\/sigue-hasta-fin-de-ano-pero-el-Gobierno-avanza-con.jpg\" \/><\/p>\n<div id=\"element-body-0\">\n<p><strong>El Gobierno aument\u00f3 este lunes el recargo<\/strong> que se le cobra al 65% de los usuarios de gas natural por redes para financiar al otro 35% que tiene descuentos por estar en &#8220;zona fr\u00eda&#8221;, lo que implica una suba de tarifas.<\/p>\n<\/div>\n<div id=\"element-body-1\">\n<p>Con la Resoluci\u00f3n 718\/2025, el Ministerio de Econom\u00eda estableci\u00f3 que el recargo sobre el precio del gas en el Punto de Ingreso al Sistema de Transporte (PIST) pasar\u00e1 del <strong>6% al 6,2%<\/strong>. Fue el segundo incremento del a\u00f1o, ya que en abril hab\u00eda pasado de<strong> 5,44% a 6%.<\/strong><\/p>\n<\/div>\n<div id=\"element-body-2\">\n<p>El precio de gas en PIST que se traslada a las tarifas es distinto en todo el pa\u00eds: en la Ciudad de Buenos Aires, por ejemplo, baj\u00f3 de US$ 3,08 a US$ 3,02 por mill\u00f3n de BTU este mes. El recargo de 6,2% se cobra con las boletas de gas y financia el <strong>Fondo Fiduciario para Subsidios de Consumos Residenciales de Gas<\/strong>, el \u00fanico de este tipo que sobrevivir\u00e1 despu\u00e9s de fin de a\u00f1o, seg\u00fan consta en el acuerdo con el Fondo Monetario Internacional (FMI).<\/p>\n<\/div>\n<div id=\"element-body-3\">\n<p>Este fondo fiduciario se cre\u00f3 en 2002 para subsidiar en un 50% los consumos de gas de los hogares de la Patagonia, Malarg\u00fce (Mendoza) y la Puna, pero en 2021 se ampli\u00f3 a buena parte del pa\u00eds, con descuentos del 30%. Fue una propuesta del diputado <strong>M\u00e1ximo Kirchner<\/strong> que cont\u00f3 con el respaldo del Frente de Todos.<\/p>\n<\/div>\n<div id=\"element-body-4\">\n<p><strong>&#8220;Un usuario vulnerable del Conurbano paga m\u00e1s caro el gas para financiar los consumos de la casa de veraneo de alguien en Mar del Plata&#8221;<\/strong>, suele graficar un funcionario de la actual administraci\u00f3n.<\/p>\n<\/div>\n<div id=\"element-body-5\">\n<p>El fondo fue hist\u00f3ricamente superavitario (resultado positivo), pero <strong>el a\u00f1o pasado tuvo un d\u00e9ficit de $ 54.810,8 millones<\/strong>, que se tuvo que cubrir con <strong>subsidios<\/strong>. En los despachos oficiales esperaban que ese resultado negativo se ampliara en 2025 y por eso decidieron incrementar el recargo a los usuarios, de manera de evitar poner m\u00e1s fondos del Tesoro.<\/p>\n<\/div>\n<div id=\"element-body-6\">\n<p>El r\u00e9gimen de zona fr\u00eda tuvo su discusi\u00f3n en el Congreso el a\u00f1o pasado. El Gobierno incluy\u00f3 dentro de la <strong>Ley Bases<\/strong> un proyecto para su eliminaci\u00f3n, pero finalmente los gobernadores hicieron valer su posici\u00f3n para mantener los descuentos tal como estaban y as\u00ed garantizar el apoyo al resto de la ley.<\/p>\n<\/div>\n<div id=\"element-body-7\">\n<p>Ahora, el Gobierno est\u00e1 dispuesto a mantener el fondo de zona fr\u00eda, pero <strong>despu\u00e9s de las elecciones volver\u00e1 a la carga para retrotraer el r\u00e9gimen a como era antes de 2021<\/strong>.<\/p>\n<\/div>\n<div id=\"element-body-8\">\n<p>Hoy el 72% de los beneficiarios es de provincias como Buenos Aires, C\u00f3rdoba, Santa Fe y Mendoza, que tienen climas templados. Su ampliaci\u00f3n provoc\u00f3 una suba del 9% en el consumo de gas en las zonas incluidas como &#8220;zona fr\u00eda&#8221;, seg\u00fan un trabajo de Nicol\u00e1s Arceo, director de la consultora Econom\u00eda &amp; Energ\u00eda.<\/p>\n<\/div>\n<div id=\"element-body-9\">\n<p>Mientras tanto, el Gobierno identific\u00f3 a unos 137.842 usuarios del r\u00e9gimen que ten\u00edan m\u00e1s de un medidor con el beneficio del 50% de descuento. En ese sentido, bajar\u00e1 el descuento al 30% en los otros medidores que no sean los principales.<\/p>\n<\/div>\n<p><br \/>\n<br \/><a href=\"https:\/\/www.clarin.com\/economia\/gas-gobierno-aumento-tarifas-financiar-zona-fria-unico-fondo-fiduciario-elimina-milei_0_Gdpgmt3ulH.html\">Fuente Clarin.com <\/a><\/p>\n","protected":false},"excerpt":{"rendered":"<p>El Gobierno aument\u00f3 este lunes el recargo que se le cobra al 65% de los usuarios de gas natural por redes para financiar al otro 35% que tiene descuentos por estar en &#8220;zona fr\u00eda&#8221;, lo que implica una suba de tarifas. Con la Resoluci\u00f3n 718\/2025, el Ministerio de Econom\u00eda estableci\u00f3 que el recargo sobre el [&hellip;]<\/p>\n","protected":false},"author":1,"featured_media":29026,"comment_status":"open","ping_status":"open","sticky":false,"template":"","format":"standard","meta":{"footnotes":""},"categories":[2],"tags":[544,6708,19131,8358,1244,8180,71,48,77,16,759,1193,1670],"class_list":["post-30326","post","type-post","status-publish","format-standard","has-post-thumbnail","hentry","category-ultimas-noticias","tag-aumento","tag-elimina","tag-fiduciario","tag-financiar","tag-fondo","tag-fria","tag-gobierno","tag-las","tag-milei","tag-para","tag-tarifas","tag-unico","tag-zona"],"_links":{"self":[{"href":"https:\/\/13.com.ar\/index.php\/wp-json\/wp\/v2\/posts\/30326","targetHints":{"allow":["GET"]}}],"collection":[{"href":"https:\/\/13.com.ar\/index.php\/wp-json\/wp\/v2\/posts"}],"about":[{"href":"https:\/\/13.com.ar\/index.php\/wp-json\/wp\/v2\/types\/post"}],"author":[{"embeddable":true,"href":"https:\/\/13.com.ar\/index.php\/wp-json\/wp\/v2\/users\/1"}],"replies":[{"embeddable":true,"href":"https:\/\/13.com.ar\/index.php\/wp-json\/wp\/v2\/comments?post=30326"}],"version-history":[{"count":0,"href":"https:\/\/13.com.ar\/index.php\/wp-json\/wp\/v2\/posts\/30326\/revisions"}],"wp:featuredmedia":[{"embeddable":true,"href":"https:\/\/13.com.ar\/index.php\/wp-json\/wp\/v2\/media\/29026"}],"wp:attachment":[{"href":"https:\/\/13.com.ar\/index.php\/wp-json\/wp\/v2\/media?parent=30326"}],"wp:term":[{"taxonomy":"category","embeddable":true,"href":"https:\/\/13.com.ar\/index.php\/wp-json\/wp\/v2\/categories?post=30326"},{"taxonomy":"post_tag","embeddable":true,"href":"https:\/\/13.com.ar\/index.php\/wp-json\/wp\/v2\/tags?post=30326"}],"curies":[{"name":"wp","href":"https:\/\/api.w.org\/{rel}","templated":true}]}}