{"id":30320,"date":"2025-06-02T18:37:28","date_gmt":"2025-06-02T21:37:28","guid":{"rendered":"https:\/\/13.com.ar\/index.php\/botafogo-la-estrella-del-jogo-bonito-que-quiere-dejar-su-marca-con-la-estela-de-la-copa-libertadores\/"},"modified":"2025-06-02T18:37:28","modified_gmt":"2025-06-02T21:37:28","slug":"botafogo-la-estrella-del-jogo-bonito-que-quiere-dejar-su-marca-con-la-estela-de-la-copa-libertadores","status":"publish","type":"post","link":"https:\/\/13.com.ar\/index.php\/botafogo-la-estrella-del-jogo-bonito-que-quiere-dejar-su-marca-con-la-estela-de-la-copa-libertadores\/","title":{"rendered":"Botafogo, la estrella del &#8216;jogo bonito&#8217; que quiere dejar su marca con la estela de la Copa Libertadores"},"content":{"rendered":"<p> <br \/>\n<\/p>\n<div id=\"cuerpo\">\n<div class=\"sc-45461e9c-0 eqiBeF container-text text-embed \" id=\"element-body-0\">\n<p>Hablar de <strong>Botafogo <\/strong>es hablar de la historia grande del <strong>f\u00fatbol brasile\u00f1o<\/strong>. De Garrincha, Nilton Santos, Jairzinho y tantos otros que con la albinegra hicieron del jogo bonito un sello de \u00e9poca. Fundado en 1904 en R\u00edo de Janeiro, el club fue sin\u00f3nimo de elegancia, talento y aporte inigualable a la selecci\u00f3n brasile\u00f1a, sobre todo en las d\u00e9cadas del \u201950 y \u201960. Pero tras esos a\u00f1os dorados, el tiempo fue m\u00e1s ingrato: crisis institucionales, largos periodos sin t\u00edtulos y descensos que golpearon fuerte el orgullo carioca.<\/p>\n<\/div>\n<div class=\"sc-45461e9c-0 eqiBeF container-text text-embed \" id=\"element-body-1\">\n<p>En los \u00faltimos a\u00f1os, sin embargo, Botafogo empez\u00f3 a escribir una nueva p\u00e1gina. El punto de inflexi\u00f3n lleg\u00f3 en 2022, cuando el club fue adquirido por el empresario estadounidense John Textor, en un modelo de SAF (Sociedad An\u00f3nima de F\u00fatbol). <\/p>\n<\/div>\n<div class=\"sc-45461e9c-0 eqiBeF container-text text-embed \" id=\"element-body-2\">\n<p>Con respaldo financiero y una estructura m\u00e1s profesional, el <em>Fog\u00e3o <\/em>volvi\u00f3 a ilusionarse con ser protagonista en Brasil y en el continente, situaci\u00f3n que se termin\u00f3 dando m\u00e1s temprano que tarde, aunque con un peque\u00f1o sinsabor en el camino.<\/p>\n<\/div>\n<div class=\"sc-45461e9c-0 eqiBeF container-text text-embed \" id=\"element-body-3\">\n<p>El Brasileir\u00e3o 2023 lo tuvo como sensaci\u00f3n durante buena parte del campeonato, aunque se desplom\u00f3 en la recta final. <strong>Pero el mensaje fue claro: Botafogo est\u00e1 de regreso<\/strong>. Con una mezcla de experiencia y j\u00f3venes promesas, sum\u00f3 nombres de jerarqu\u00eda y recuper\u00f3 competitividad. En 2024 lleg\u00f3 la gloria, con el t\u00edtulo de liga y una Copa Libertadores consagratoria, que lo meti\u00f3 en el Mundial de Clubes.<\/p>\n<\/div>\n<div class=\"sc-98b114a2-0 bkqiHH image-embed  image-embed \" id=\"element-body-4\"><picture class=\"sc-98b114a2-1 jRUlDm\"><source media=\"(min-width: 975px)\" width=\"720\" height=\"480\" \/><img alt=\"Botafogo, campe\u00f3n de la Libertadores en el Monumental, con el argentino Thiago Almada entre los titulares. Foto: EFE \/ Antonio Lacerda.\" loading=\"lazy\" width=\"720\" height=\"480\" decoding=\"async\" data-nimg=\"1\" style=\"color:transparent\" src=\"https:\/\/13.com.ar\/wp-content\/uploads\/2025\/06\/Botafogo-la-estrella-del-jogo-bonito-que-quiere-dejar-su.jpg\"\/><span class=\"epigraphe\">Botafogo, campe\u00f3n de la Libertadores en el Monumental, con el argentino Thiago Almada entre los titulares. Foto: EFE \/ Antonio Lacerda.<\/span><span class=\"picture-open\"><button class=\"open-image\" aria-label=\"Open Image\"\/><\/span><\/picture><\/div>\n<p><h2>C\u00f3mo llega Botafogo al Mundial de Clubes<\/h2>\n<\/p>\n<div class=\"sc-45461e9c-0 eqiBeF container-text text-embed \" id=\"element-body-6\">\n<p>Luego de conquistar la Copa Libertadores en 2024, Botafogo arranc\u00f3 el a\u00f1o con la expectativa de afirmarse como potencia sudamericana. Sin embargo, la derrota en la Recopa ante Racing marc\u00f3 un duro golpe. Producto de la l\u00f3gica empresarial de sus propietarios, el conjunto carioca est\u00e1 pagando caro un recambio de su plantilla que lo vio desprenderse de grandes jugadores a los que todav\u00eda no supo reemplazar.<\/p>\n<\/div>\n<div class=\"sc-45461e9c-0 eqiBeF container-text text-embed \" id=\"element-body-7\">\n<p>La salida del DT Artur Jorge a principios de a\u00f1o abri\u00f3 un vac\u00edo de conducci\u00f3n que dur\u00f3 un par de meses y en el que se sucedieron la fallida contrataci\u00f3n de Vasco Matos por motivos reglamentarios, un interinato de Claudio Ca\u00e7apa y finalmente el arribo de Renato Paiva, su entrenador desde finales de febrero.<\/p>\n<\/div>\n<div class=\"sc-45461e9c-0 eqiBeF container-text text-embed \" id=\"element-body-8\">\n<p>A nivel local, su campa\u00f1a en el Brasileirao lo mantiene en la mitad de tabla, sin mostrar el poder\u00edo de los \u00faltimos dos a\u00f1os, una imagen similar a la que est\u00e1 mostrando en la Libertadores 2025, peleando por un lugar en los octavos de final. <\/p>\n<\/div>\n<p><h2>Jefferson Savarino, el nuevo emblema del Fog\u00e3o<\/h2>\n<\/p>\n<div class=\"sc-45461e9c-0 eqiBeF container-text text-embed \" id=\"element-body-10\">\n<p>En medio de una temporada cargada de altibajos, <strong>Jefferson Savarino <\/strong>se consolid\u00f3 como la gran figura de Botafogo. Con la salida de Thiago Almada y Luiz Henrique, el venezolano tom\u00f3 la posta y se adue\u00f1\u00f3 del ataque. H\u00e1bil, veloz y con una zurda decisiva, luce la camiseta n\u00famero 10 con la autoridad de quien entiende lo que significa liderar a un equipo grande.<\/p>\n<\/div>\n<div class=\"sc-45461e9c-0 eqiBeF container-text text-embed \" id=\"element-body-11\">\n<p>En lo que va de 2025, ya suma 14 goles y 13 asistencias, n\u00fameros que hablan de su influencia directa en el funcionamiento ofensivo. M\u00e1s all\u00e1 de las estad\u00edsticas, su presencia es vital: aparece cuando el equipo m\u00e1s lo necesita y suele decidir en los momentos calientes. En una Libertadores exigente y un Brasileirao irregular, Savarino es el faro.<\/p>\n<\/div>\n<div class=\"sc-98b114a2-0 bkqiHH image-embed  image-embed \" id=\"element-body-12\"><picture class=\"sc-98b114a2-1 jRUlDm\"><source media=\"(min-width: 975px)\" width=\"720\" height=\"480\" \/><img alt=\"Jefferson Savarino, el 10 del campe\u00f3n de Am\u00e9rica. Foto: EFE\/ Demian Alday Estevez.\" loading=\"lazy\" width=\"720\" height=\"480\" decoding=\"async\" data-nimg=\"1\" style=\"color:transparent\" src=\"https:\/\/13.com.ar\/wp-content\/uploads\/2025\/06\/1748900248_979_Botafogo-la-estrella-del-jogo-bonito-que-quiere-dejar-su.jpg\"\/><span class=\"epigraphe\">Jefferson Savarino, el 10 del campe\u00f3n de Am\u00e9rica. Foto: EFE\/ Demian Alday Estevez.<\/span><span class=\"picture-open\"><button class=\"open-image\" aria-label=\"Open Image\"\/><\/span><\/picture><\/div>\n<div class=\"sc-45461e9c-0 eqiBeF container-text text-embed \" id=\"element-body-13\">\n<p>A sus 28 a\u00f1os, el ex Atl\u00e9tico Mineiro vive quiz\u00e1s su mejor versi\u00f3n. Y no est\u00e1 solo. En Botafogo tambi\u00e9n destacan el arquero <strong>John<\/strong>, figura en la consagraci\u00f3n continental de 2024, y delanteros como <strong>Igor Jesus <\/strong>y <strong>Tiquinho Soares<\/strong>, que aportan potencia y variantes en el frente de ataque. El Fog\u00e3o tiene nombres y tiene con qu\u00e9 so\u00f1ar.<\/p>\n<\/div>\n<p><h2>Renato Paiva y el desaf\u00edo de reconstruir al Botafogo sobre la marcha<\/h2>\n<\/p>\n<div class=\"sc-45461e9c-0 eqiBeF container-text text-embed \" id=\"element-body-15\">\n<p>La llegada de Renato Paiva al banco de Botafogo fue un giro necesario tras un inicio de a\u00f1o convulsionado. Con experiencia en Ecuador, M\u00e9xico y Portugal, el entrenador asumi\u00f3 en abril con la misi\u00f3n de ordenar un equipo golpeado por la inestabilidad y las expectativas mal gestionadas.<\/p>\n<\/div>\n<div class=\"sc-45461e9c-0 eqiBeF container-text text-embed \" id=\"element-body-16\">\n<p>Paiva no llega como salvador, sino como gestor. Con un perfil formador, apuesta por darle identidad a un plantel con talento pero carente de cohesi\u00f3n. En pocos partidos ya se perciben algunas se\u00f1ales: un equipo m\u00e1s corto, m\u00e1s agresivo en la presi\u00f3n y con Savarino como eje ofensivo.<\/p>\n<\/div>\n<div class=\"sc-98b114a2-0 bkqiHH image-embed  image-embed \" id=\"element-body-17\"><picture class=\"sc-98b114a2-1 jRUlDm\"><source media=\"(min-width: 975px)\" width=\"720\" height=\"480\" \/><img alt=\"Renato Paiva busca recuperar al Botafogo. Foto: AP Photo \/ Gustavo Garello.\" loading=\"lazy\" width=\"720\" height=\"480\" decoding=\"async\" data-nimg=\"1\" style=\"color:transparent\" src=\"https:\/\/13.com.ar\/wp-content\/uploads\/2025\/06\/1748900248_812_Botafogo-la-estrella-del-jogo-bonito-que-quiere-dejar-su.jpg\"\/><span class=\"epigraphe\">Renato Paiva busca recuperar al Botafogo. Foto: AP Photo \/ Gustavo Garello.<\/span><span class=\"picture-open\"><button class=\"open-image\" aria-label=\"Open Image\"\/><\/span><\/picture><\/div>\n<div class=\"sc-45461e9c-0 eqiBeF container-text text-embed \" id=\"element-body-18\">\n<p>Sabe que no hay margen para largos procesos. Botafogo exige resultados, y la clasificaci\u00f3n a octavos en la Libertadores puede ser su primer gran term\u00f3metro. Paiva empieza a construir su camino en R\u00edo, sabiendo que, en el Fog\u00e3o, cada paso se mide con lupa.<\/p>\n<\/div>\n<p><h2>C\u00f3mo clasific\u00f3 Botafogo al Mundial de Clubes<\/h2>\n<\/p>\n<div class=\"sc-45461e9c-0 eqiBeF container-text text-embed \" id=\"element-body-20\">\n<p>Botafogo se clasific\u00f3 al Mundial de Clubes 2025 tras conquistar la Copa Libertadores 2024. En una campa\u00f1a consagratoria, el equipo carioca levant\u00f3 su primer t\u00edtulo continental al vencer 3-1 a Atl\u00e9tico Mineiro en la final disputada en el Estadio Monumental de Buenos Aires. El Fog\u00e3o rompi\u00f3 el maleficio y se meti\u00f3 entre los mejores del planeta, asegurando su presencia en la cita mundialista en Estados Unidos.<\/p>\n<\/div>\n<div class=\"sc-106e49c0-0 dcVumd freeHtml-embed undefined\" id=\"element-body-21\"><picture><source media=\"(min-width: 720px)\" ><img decoding=\"async\" src=\"https:\/\/13.com.ar\/wp-content\/uploads\/2025\/02\/1739229677_163_Es-el-partido-mas-destacado.jpg\" alt=\"fixture\" loading=\"lazy\"\/><br \/>\n<\/source><\/picture><\/div>\n<\/div>\n<p><br \/>\n<br \/><a href=\"https:\/\/www.clarin.com\/deportes\/mundial-clubes-2025-botafogo-estrella-jogo-bonito-quiere-dejar-marca-estela-copa-libertadores_0_y0Uda82gvx.html\">Fuente Clarin.com <\/a><\/p>\n","protected":false},"excerpt":{"rendered":"<p>Hablar de Botafogo es hablar de la historia grande del f\u00fatbol brasile\u00f1o. De Garrincha, Nilton Santos, Jairzinho y tantos otros que con la albinegra hicieron del jogo bonito un sello de \u00e9poca. Fundado en 1904 en R\u00edo de Janeiro, el club fue sin\u00f3nimo de elegancia, talento y aporte inigualable a la selecci\u00f3n brasile\u00f1a, sobre todo [&hellip;]<\/p>\n","protected":false},"author":1,"featured_media":30321,"comment_status":"open","ping_status":"open","sticky":false,"template":"","format":"standard","meta":{"footnotes":""},"categories":[2],"tags":[20057,8065,18,2851,6577,100,3895,516,20056,1749,1238,1273],"class_list":["post-30320","post","type-post","status-publish","format-standard","has-post-thumbnail","hentry","category-ultimas-noticias","tag-bonito","tag-botafogo","tag-con","tag-copa","tag-dejar","tag-del","tag-estela","tag-estrella","tag-jogo","tag-libertadores","tag-marca","tag-quiere"],"_links":{"self":[{"href":"https:\/\/13.com.ar\/index.php\/wp-json\/wp\/v2\/posts\/30320","targetHints":{"allow":["GET"]}}],"collection":[{"href":"https:\/\/13.com.ar\/index.php\/wp-json\/wp\/v2\/posts"}],"about":[{"href":"https:\/\/13.com.ar\/index.php\/wp-json\/wp\/v2\/types\/post"}],"author":[{"embeddable":true,"href":"https:\/\/13.com.ar\/index.php\/wp-json\/wp\/v2\/users\/1"}],"replies":[{"embeddable":true,"href":"https:\/\/13.com.ar\/index.php\/wp-json\/wp\/v2\/comments?post=30320"}],"version-history":[{"count":0,"href":"https:\/\/13.com.ar\/index.php\/wp-json\/wp\/v2\/posts\/30320\/revisions"}],"wp:featuredmedia":[{"embeddable":true,"href":"https:\/\/13.com.ar\/index.php\/wp-json\/wp\/v2\/media\/30321"}],"wp:attachment":[{"href":"https:\/\/13.com.ar\/index.php\/wp-json\/wp\/v2\/media?parent=30320"}],"wp:term":[{"taxonomy":"category","embeddable":true,"href":"https:\/\/13.com.ar\/index.php\/wp-json\/wp\/v2\/categories?post=30320"},{"taxonomy":"post_tag","embeddable":true,"href":"https:\/\/13.com.ar\/index.php\/wp-json\/wp\/v2\/tags?post=30320"}],"curies":[{"name":"wp","href":"https:\/\/api.w.org\/{rel}","templated":true}]}}