{"id":30315,"date":"2025-06-02T18:22:40","date_gmt":"2025-06-02T21:22:40","guid":{"rendered":"https:\/\/13.com.ar\/index.php\/el-firme-pedido-de-jimena-baron-a-sus-seguidores-a-dias-de-dar-a-luz-tenemos-que-calmarnos\/"},"modified":"2025-06-02T18:22:40","modified_gmt":"2025-06-02T21:22:40","slug":"el-firme-pedido-de-jimena-baron-a-sus-seguidores-a-dias-de-dar-a-luz-tenemos-que-calmarnos","status":"publish","type":"post","link":"https:\/\/13.com.ar\/index.php\/el-firme-pedido-de-jimena-baron-a-sus-seguidores-a-dias-de-dar-a-luz-tenemos-que-calmarnos\/","title":{"rendered":"El firme pedido de Jimena Bar\u00f3n a sus seguidores, a d\u00edas de dar a luz: &#8220;Tenemos que calmarnos&#8221;"},"content":{"rendered":"<p> <br \/>\n<br \/><img decoding=\"async\" src=\"https:\/\/13.com.ar\/wp-content\/uploads\/2025\/03\/La-emotiva-reflexion-de-Jimena-Baron-a-semanas-de-ser.jpg\" \/><\/p>\n<div id=\"element-body-0\">\n<p><strong>Jimena Bar\u00f3n<\/strong> (38) est\u00e1 a punto de dar a luz a su segundo hijo, fruto de su relaci\u00f3n con el empresario <strong>Mat\u00edas Palleiro<\/strong>, y, en ese contexto, les hizo un pedido muy especial a sus seguidores.<\/p>\n<\/div>\n<div id=\"element-body-1\">\n<p>La cantante, que es muy popular en las redes sociales, solo en Instagram acumula 6,7 millones de seguidores, public\u00f3 un mensaje para pedirles a todos aquellos que siguen su d\u00eda a d\u00eda &#8220;que se calmen&#8221; y no le pregunten constantemente por el nacimiento de su beb\u00e9.<\/p>\n<\/div>\n<div id=\"element-body-2\">\n<p><em>La Cobra <\/em>explic\u00f3 que cuando deja de aparecer con contenido en su cuenta de Instagram, r\u00e1pidamente <strong>comienza a recibir cientos de mensajes en los que le consultan si ya tuvo al beb\u00e9.<\/strong><\/p>\n<\/div>\n<div id=\"element-body-3\">\n<p>\u201cA mis queridos seguidores, t\u00edas, t\u00edos, abuelas y abuelos virtuales&#8230; <strong>les pido encarecidamente que dejen de darme por muerta o parida si no hubo contenido por unos d\u00edas\u201d<\/strong>, expuso Jimena, con el humor que la caracteriza.<\/p>\n<\/div>\n<div id=\"element-body-4\">\n<p>Luego, sigui\u00f3: <strong>\u201cYo s\u00e9 que es todo cari\u00f1o de su parte, pero tenemos que calmarnos por el amor de Zeus\u201d.<\/strong><\/p>\n<\/div>\n<div id=\"element-body-6\">\n<p>Adem\u00e1s, sum\u00f3 un divertido meme que tiene a Bob Esponja, el querido protagonista de la famosa serie animada que lleva el mismo nombre.<\/p>\n<\/div>\n<div id=\"element-body-7\">\n<p>A continuaci\u00f3n, en otra placa, la artista, que est\u00e1 en pareja con Palleiro desde 2021 comparti\u00f3 la captura de un calendario. <\/p>\n<\/div>\n<div id=\"element-body-8\">\n<p>&#8220;Repasemos&#8221;, escribi\u00f3. Marc\u00f3 <strong>el 24 de junio con un c\u00edrculo rojo y se\u00f1al\u00f3 que esa ser\u00eda la primera fecha de parto.<\/strong><\/p>\n<\/div>\n<div id=\"element-body-10\">\n<p>Luego, Jimena marc\u00f3 con otro c\u00edrculo rojo el 8 de julio y expuso que hay margen hasta esa fecha para el nacimiento de su beb\u00e9.<\/p>\n<\/div>\n<div id=\"element-body-12\">\n<p><strong>Jimena Bar\u00f3n<\/strong> suele compartir muchos de los detalles de su rutina. Sus seguidores siguieron paso a paso el romance de la artista con Mat\u00edas Palleiro, la acompa\u00f1aron cuando ella logr\u00f3 comprar su primera casa y se emocionaron cuando anunci\u00f3 que estaba esperando un beb\u00e9.<\/p>\n<\/div>\n<div id=\"element-body-13\">\n<p>Desde que cont\u00f3 que estaba embarazada de su segundo hijo, los usuarios esperan que muestre c\u00f3mo va creciendo su pancita y que cuente c\u00f3mo ella se siente en cada etapa.<\/p>\n<\/div>\n<div id=\"element-body-15\">\n<p>Esta semana, <em>La Cobra <\/em>comparti\u00f3 un video de la \u00faltima ecograf\u00eda que se realiz\u00f3 y en la que le dijeron cu\u00e1l es el peso del beb\u00e9.<\/p>\n<\/div>\n<div id=\"element-body-16\">\n<p>En una camilla se ve que la m\u00e9dica le realiza el estudio y le dice: &#8220;La cabecita de 39 semanas, est\u00e1 bien. Mientras no pase los 10 cent\u00edmetros&#8221;, dice la doctora. En ese momento, Jimena pone cara de p\u00e1nico.<\/p>\n<\/div>\n<div id=\"element-body-17\">\n<div class=\"sc-c2c2a3c6-1 kQhBlc videoText videoText\">\n<h2>Video<\/h2>\n<p>La ins\u00f3lita reacci\u00f3n de Jimena Bar\u00f3n al enterarse sobre el peso y tama\u00f1o de su beb\u00e9 antes de dar a luz<\/p>\n<\/div>\n<\/div>\n<div id=\"element-body-18\">\n<p><strong>\u201cQEPD vagina querida, vuela alto. 1987 \/ 2025\u201d<\/strong>, escribi\u00f3 Jimena junto a las im\u00e1genes. <\/p>\n<\/div>\n<div id=\"element-body-19\">\n<p>Y sum\u00f3: \u201cDato: Momo pes\u00f3 3,600 kg y ni un punto. NO PERDAMOS LA FE HERMANAS\u201d.<\/p>\n<\/div>\n<p><br \/>\n<br \/><a href=\"https:\/\/www.clarin.com\/fama\/firme-pedido-jimena-baron-seguidores-dias-dar-luz-calmarnos_0_RFBCMfyngU.html\">Fuente Clarin.com <\/a><\/p>\n","protected":false},"excerpt":{"rendered":"<p>Jimena Bar\u00f3n (38) est\u00e1 a punto de dar a luz a su segundo hijo, fruto de su relaci\u00f3n con el empresario Mat\u00edas Palleiro, y, en ese contexto, les hizo un pedido muy especial a sus seguidores. La cantante, que es muy popular en las redes sociales, solo en Instagram acumula 6,7 millones de seguidores, public\u00f3 [&hellip;]<\/p>\n","protected":false},"author":1,"featured_media":15783,"comment_status":"open","ping_status":"open","sticky":false,"template":"","format":"standard","meta":{"footnotes":""},"categories":[2],"tags":[503,20053,2470,500,4269,502,2117,2803,3197,40,8513],"class_list":["post-30315","post","type-post","status-publish","format-standard","has-post-thumbnail","hentry","category-ultimas-noticias","tag-baron","tag-calmarnos","tag-dar","tag-dias","tag-firme","tag-jimena","tag-luz","tag-pedido","tag-seguidores","tag-sus","tag-tenemos"],"_links":{"self":[{"href":"https:\/\/13.com.ar\/index.php\/wp-json\/wp\/v2\/posts\/30315","targetHints":{"allow":["GET"]}}],"collection":[{"href":"https:\/\/13.com.ar\/index.php\/wp-json\/wp\/v2\/posts"}],"about":[{"href":"https:\/\/13.com.ar\/index.php\/wp-json\/wp\/v2\/types\/post"}],"author":[{"embeddable":true,"href":"https:\/\/13.com.ar\/index.php\/wp-json\/wp\/v2\/users\/1"}],"replies":[{"embeddable":true,"href":"https:\/\/13.com.ar\/index.php\/wp-json\/wp\/v2\/comments?post=30315"}],"version-history":[{"count":0,"href":"https:\/\/13.com.ar\/index.php\/wp-json\/wp\/v2\/posts\/30315\/revisions"}],"wp:featuredmedia":[{"embeddable":true,"href":"https:\/\/13.com.ar\/index.php\/wp-json\/wp\/v2\/media\/15783"}],"wp:attachment":[{"href":"https:\/\/13.com.ar\/index.php\/wp-json\/wp\/v2\/media?parent=30315"}],"wp:term":[{"taxonomy":"category","embeddable":true,"href":"https:\/\/13.com.ar\/index.php\/wp-json\/wp\/v2\/categories?post=30315"},{"taxonomy":"post_tag","embeddable":true,"href":"https:\/\/13.com.ar\/index.php\/wp-json\/wp\/v2\/tags?post=30315"}],"curies":[{"name":"wp","href":"https:\/\/api.w.org\/{rel}","templated":true}]}}