{"id":30310,"date":"2025-06-02T18:10:28","date_gmt":"2025-06-02T21:10:28","guid":{"rendered":"https:\/\/13.com.ar\/index.php\/se-te-paso-el-reclamo-de-los-vouchers-educativos-esto-es-lo-que-podes-hacer\/"},"modified":"2025-06-02T18:10:28","modified_gmt":"2025-06-02T21:10:28","slug":"se-te-paso-el-reclamo-de-los-vouchers-educativos-esto-es-lo-que-podes-hacer","status":"publish","type":"post","link":"https:\/\/13.com.ar\/index.php\/se-te-paso-el-reclamo-de-los-vouchers-educativos-esto-es-lo-que-podes-hacer\/","title":{"rendered":"\u00bfSe te pas\u00f3 el reclamo de los vouchers educativos? Esto es lo que pod\u00e9s hacer"},"content":{"rendered":"<p> <br \/>\n<br \/><img decoding=\"async\" src=\"https:\/\/13.com.ar\/wp-content\/uploads\/2025\/06\/\u00bfSe-te-paso-el-reclamo-de-los-vouchers-educativos-Esto.jpg\" \/><\/p>\n<div id=\"element-body-0\">\n<p>Este lunes 2 de junio finaliza el periodo de rectificaci\u00f3n de datos acad\u00e9micos para qui\u00e9nes hayan recibido una respuesta negativa a su postulaci\u00f3n para recibir el <strong>Voucher Educativo 2025<\/strong>. Sin embargo, habr\u00e1 nuevas instancias de inscripci\u00f3n para quienes no hayan sido admitidos en esta etapa.<\/p>\n<\/div>\n<div id=\"element-body-1\">\n<p>El 16 de mayo, el <strong>Ministerio de Capital Humano<\/strong> cerr\u00f3 las inscripciones para recibir el beneficio durante 2025. Desde entonces, los postulantes recibieron la noticia de que el estado de su solicitud fue\u00a0aceptada o rechazada. Muchos de los que forman parte del segundo grupo se preguntan si tendr\u00e1n otra posibilidad de inscribirse para poder recibir el beneficio.<\/p>\n<\/div>\n<div id=\"element-body-3\">\n<p>La pr\u00f3xima oportunidad para intentar recibir la asistencia econ\u00f3mica temporal, dirigida a familias con hijos en escuelas de gesti\u00f3n privada con al menos el 75 % de aporte estatal, ser\u00e1 al comienzo del siguiente a\u00f1o lectivo, es decir, en <strong>2026<\/strong>. No habr\u00e1 una segunda convocatoria durante este a\u00f1o, seg\u00fan confirm\u00f3 el<strong> Ministerio de Capital Humano<\/strong>.<\/p>\n<\/div>\n<div id=\"element-body-6\">\n<p>En caso de que figure que la solicitud fue rechazada, puede ser debido 2 causas: &#8220;No es certificado&#8221; o &#8220;No es alumno&#8221;. \u00bfQu\u00e9 significa cada una?.<\/p>\n<\/div>\n<div id=\"element-body-8\">\n<p>Ante las dos causas, se puede presentar un reclamo hasta las <strong>23.59 horas del 2 de junio<\/strong>, ingresando a la plataforma de <strong>Vouchers Educativos<\/strong> con usuario y contrase\u00f1a de Mi Argentina.<\/p>\n<\/div>\n<div id=\"element-body-9\">\n<p>Una vez completado este proceso quedar\u00e1 como responsabilidad de la instituci\u00f3n educativa, certificar las rectificaciones para que la solicitud contin\u00fae su curso. Desde el Ministerio de Capital Humano aseguran que los postulantes deber\u00e1n comunicarse con la instituci\u00f3n a fin de notificarles que elevaron la solicitud nuevamente.<\/p>\n<\/div>\n<div id=\"element-body-11\">\n<p>El beneficio econ\u00f3mico ser\u00e1 distribuido en <strong>pagos mensuales<\/strong> que ser\u00e1 acreditado de forma directa al adulto responsable registrado en <strong>ANSES<\/strong>.<\/p>\n<\/div>\n<div id=\"element-body-12\">\n<p>Si hay un solo responsable parental, esa persona cobra. Si hay dos, cobra quien conviva con el estudiante. Si ambos conviven, cobrar\u00e1 la madre, salvo que solo uno tenga medio de pago registrado. Si hay tutores, cobra quien est\u00e9 a cargo del estudiante.<\/p>\n<\/div>\n<div id=\"element-body-13\">\n<p>El <strong>cronograma de pago <\/strong>ser\u00e1 informado informado oficialmente por el <strong>Ministerio de Capital Humano<\/strong> a trav\u00e9s de los canales habilitados a medida que se acepten las solicitudes.<\/p>\n<\/div>\n<div id=\"element-body-14\">\n<p>Es importante que los datos personales y del grupo familiar se encuentren actualizados en la base de ANSES. De lo contrario, podr\u00eda haber demoras o rechazos. <\/p>\n<\/div>\n<p><br \/>\n<br \/><a href=\"https:\/\/www.clarin.com\/informacion-general\/paso-reclamo-vouchers-educativos-podes-hacer_0_axbDbF6MQd.html\">Fuente Clarin.com <\/a><\/p>\n","protected":false},"excerpt":{"rendered":"<p>Este lunes 2 de junio finaliza el periodo de rectificaci\u00f3n de datos acad\u00e9micos para qui\u00e9nes hayan recibido una respuesta negativa a su postulaci\u00f3n para recibir el Voucher Educativo 2025. Sin embargo, habr\u00e1 nuevas instancias de inscripci\u00f3n para quienes no hayan sido admitidos en esta etapa. El 16 de mayo, el Ministerio de Capital Humano cerr\u00f3 [&hellip;]<\/p>\n","protected":false},"author":1,"featured_media":30311,"comment_status":"open","ping_status":"open","sticky":false,"template":"","format":"standard","meta":{"footnotes":""},"categories":[2],"tags":[17489,1386,127,28,158,557,43,20049],"class_list":["post-30310","post","type-post","status-publish","format-standard","has-post-thumbnail","hentry","category-ultimas-noticias","tag-educativos","tag-esto","tag-hacer","tag-los","tag-paso","tag-podes","tag-reclamo","tag-vouchers"],"_links":{"self":[{"href":"https:\/\/13.com.ar\/index.php\/wp-json\/wp\/v2\/posts\/30310","targetHints":{"allow":["GET"]}}],"collection":[{"href":"https:\/\/13.com.ar\/index.php\/wp-json\/wp\/v2\/posts"}],"about":[{"href":"https:\/\/13.com.ar\/index.php\/wp-json\/wp\/v2\/types\/post"}],"author":[{"embeddable":true,"href":"https:\/\/13.com.ar\/index.php\/wp-json\/wp\/v2\/users\/1"}],"replies":[{"embeddable":true,"href":"https:\/\/13.com.ar\/index.php\/wp-json\/wp\/v2\/comments?post=30310"}],"version-history":[{"count":0,"href":"https:\/\/13.com.ar\/index.php\/wp-json\/wp\/v2\/posts\/30310\/revisions"}],"wp:featuredmedia":[{"embeddable":true,"href":"https:\/\/13.com.ar\/index.php\/wp-json\/wp\/v2\/media\/30311"}],"wp:attachment":[{"href":"https:\/\/13.com.ar\/index.php\/wp-json\/wp\/v2\/media?parent=30310"}],"wp:term":[{"taxonomy":"category","embeddable":true,"href":"https:\/\/13.com.ar\/index.php\/wp-json\/wp\/v2\/categories?post=30310"},{"taxonomy":"post_tag","embeddable":true,"href":"https:\/\/13.com.ar\/index.php\/wp-json\/wp\/v2\/tags?post=30310"}],"curies":[{"name":"wp","href":"https:\/\/api.w.org\/{rel}","templated":true}]}}