{"id":30298,"date":"2025-06-02T17:25:28","date_gmt":"2025-06-02T20:25:28","guid":{"rendered":"https:\/\/13.com.ar\/index.php\/termino-cantando-bad-bitch-en-la-calle-con-tres-italianos\/"},"modified":"2025-06-02T17:25:28","modified_gmt":"2025-06-02T20:25:28","slug":"termino-cantando-bad-bitch-en-la-calle-con-tres-italianos","status":"publish","type":"post","link":"https:\/\/13.com.ar\/index.php\/termino-cantando-bad-bitch-en-la-calle-con-tres-italianos\/","title":{"rendered":"termin\u00f3 cantando &#8220;Bad Bitch&#8221; en la calle con tres italianos"},"content":{"rendered":"<p> <br \/>\n<br \/><img decoding=\"async\" src=\"https:\/\/13.com.ar\/wp-content\/uploads\/2025\/06\/termino-cantando-Bad-Bitch-en-la-calle-con-tres-italianos.jpg\" \/><\/p>\n<div id=\"element-body-0\">\n<p>Tras encontrarse con Mauro Icardi en una audiencia para avanzar con el proceso de divorcio y presenciar la final de la Champions League que gan\u00f3 el PSG, <strong>Wanda Nara<\/strong> <strong>disfrut\u00f3 de una alocada noche en Mil\u00e1n.<\/strong><\/p>\n<\/div>\n<div id=\"element-body-1\">\n<p>Fiel a su estilo, la medi\u00e1tica comparti\u00f3 todos los detalles en su cuenta de Instagram, donde acumula 17,4 millones de seguidores.<\/p>\n<\/div>\n<div id=\"element-body-2\">\n<p>All\u00ed subi\u00f3 algunas postales en las que se la vio posando con un vestido negro al cuerpo que combin\u00f3 con unos lujosos zapatos rojos y una cartera a tono.<\/p>\n<\/div>\n<div id=\"element-body-3\">\n<p>Wanda pase\u00f3 por las calles de Mil\u00e1n en un Rolls Royce y cen\u00f3 en un lujoso restaurante con amigas, donde degust\u00f3 de postre un flan con dulce de leche.<\/p>\n<\/div>\n<div id=\"element-body-4\">\n<p>Lo m\u00e1s llamativo de todo fue que la ex de Icardi se cruz\u00f3 en la calle con tres j\u00f3venes italianos que, al verla, decidieron frenar, bajar de su auto y <strong>cantar su ic\u00f3nica canci\u00f3n <em>Bad Bitch<\/em>.<\/strong><\/p>\n<\/div>\n<div id=\"element-body-7\">\n<p>En el video, que r\u00e1pidamente se viraliz\u00f3, se ve a los hombres muy sonrientes, cantando a los gritos y bailando al ritmo del <em>hit<\/em> de la argentina.<\/p>\n<\/div>\n<div id=\"element-body-8\">\n<p><strong><em>\u201cLo veo y lo quiero. Lo veo y lo quiero. Lo veo y lo quiero. Lo quiero y lo tengo<\/em><\/strong><em>\u201d<\/em>, entonan mientras bailan frente a la c\u00e1mara.<\/p>\n<\/div>\n<div id=\"element-body-11\">\n<p>De fondo se escuchan las risas de Wanda, tentada con la situaci\u00f3n.<\/p>\n<\/div>\n<div id=\"element-body-12\">\n<p>El posteo alcanz\u00f3 los 500 mil \u2018me gusta\u2019 y cosech\u00f3 cientos de comentarios.<\/p>\n<\/div>\n<div id=\"element-body-14\">\n<p>\u201cDel lado de Wanda de la vida\u201d, \u201cQuien m\u00e1s es del Club Atl\u00e9tico Wanda Nara\u201d, \u201cQue orgullo para vos, ser la mujer m\u00e1s querida de la Argentina!\u201d, \u201cPara los que no saben lo que es ser Diva &#8230;se\u00f1oras y se\u00f1ores&#8230; Wanda!!!\u201d, \u201cEstoy viendo a una Reina que se merece todo el logro que tiene y que va a seguir teniendo vamos team del equipo y team Wanda\u201d, fueron algunos de los mensajes que le dejaron a la medi\u00e1tica.<\/p>\n<\/div>\n<div id=\"element-body-15\">\n<p>Claro que tambi\u00e9n muchos de los mensajes apuntaron contra La China Su\u00e1rez, que se encuentra en Espa\u00f1a junto a Mauro Icardi, con quien el fin de semana asisti\u00f3 al Festival Internacional de Ibiza y realiz\u00f3 un rom\u00e1ntico paseo a puro besos y mimos en un lujoso yate en la isla espa\u00f1ola.<\/p>\n<\/div>\n<div id=\"element-body-17\">\n<p>Antes de volver a Mil\u00e1n, desde donde ahora parti\u00f3 rumbo a Ibiza,<strong> Wanda Nara<\/strong> estuvo en M\u00fanich para presenciar la final de la Champions League.<\/p>\n<\/div>\n<div id=\"element-body-18\">\n<p>La medi\u00e1tica estuvo presente en los festejos del PSG, adem\u00e1s se hosped\u00f3 en el hotel donde se alojaba el equipo parisino. Esos detalles sumados a una serie de gestos y mensajes en redes que muchos interpretaron como indirectas dirigidas directamente a su expareja, alimentaron rumores de romance entre Wanda y un futbolista.<\/p>\n<\/div>\n<div id=\"element-body-20\">\n<p>Es que la blonda fue una de las invitadas de lujo a la final. <\/p>\n<\/div>\n<div id=\"element-body-21\">\n<p>Desde una ubicaci\u00f3n preferencial y con acceso exclusivo, Wanda document\u00f3 en sus redes el partido y comparti\u00f3 un sugestivo \u201cTe lo dije\u201d tras el triunfo del PSG, que gener\u00f3 especulaciones sobre su destinatario.<\/p>\n<\/div>\n<div id=\"element-body-22\">\n<p>Yanina Latorre cont\u00f3 detalles en sus redes y asegur\u00f3 que el deportista que estar\u00eda iniciando un romance con Wanda ser\u00eda nada menos que el marroqu\u00ed Achraf Hakimi.<\/p>\n<\/div>\n<div id=\"element-body-23\">\n<p>Cabe destacar que el deportista fue noticia en 2022 por su pol\u00e9mica separaci\u00f3n de su esposa tras acusaciones de violaci\u00f3n.<\/p>\n<\/div>\n<p><br \/>\n<br \/><a href=\"https:\/\/www.clarin.com\/fama\/alocada-noche-wanda-nara-milan-termino-cantando-bad-bitch-calle-italianos_0_xJPK4DnReu.html\">Fuente Clarin.com <\/a><\/p>\n","protected":false},"excerpt":{"rendered":"<p>Tras encontrarse con Mauro Icardi en una audiencia para avanzar con el proceso de divorcio y presenciar la final de la Champions League que gan\u00f3 el PSG, Wanda Nara disfrut\u00f3 de una alocada noche en Mil\u00e1n. Fiel a su estilo, la medi\u00e1tica comparti\u00f3 todos los detalles en su cuenta de Instagram, donde acumula 17,4 millones [&hellip;]<\/p>\n","protected":false},"author":1,"featured_media":30299,"comment_status":"open","ping_status":"open","sticky":false,"template":"","format":"standard","meta":{"footnotes":""},"categories":[2],"tags":[10055,20045,520,20044,18,8231,325,434],"class_list":["post-30298","post","type-post","status-publish","format-standard","has-post-thumbnail","hentry","category-ultimas-noticias","tag-bad","tag-bitch","tag-calle","tag-cantando","tag-con","tag-italianos","tag-termino","tag-tres"],"_links":{"self":[{"href":"https:\/\/13.com.ar\/index.php\/wp-json\/wp\/v2\/posts\/30298","targetHints":{"allow":["GET"]}}],"collection":[{"href":"https:\/\/13.com.ar\/index.php\/wp-json\/wp\/v2\/posts"}],"about":[{"href":"https:\/\/13.com.ar\/index.php\/wp-json\/wp\/v2\/types\/post"}],"author":[{"embeddable":true,"href":"https:\/\/13.com.ar\/index.php\/wp-json\/wp\/v2\/users\/1"}],"replies":[{"embeddable":true,"href":"https:\/\/13.com.ar\/index.php\/wp-json\/wp\/v2\/comments?post=30298"}],"version-history":[{"count":0,"href":"https:\/\/13.com.ar\/index.php\/wp-json\/wp\/v2\/posts\/30298\/revisions"}],"wp:featuredmedia":[{"embeddable":true,"href":"https:\/\/13.com.ar\/index.php\/wp-json\/wp\/v2\/media\/30299"}],"wp:attachment":[{"href":"https:\/\/13.com.ar\/index.php\/wp-json\/wp\/v2\/media?parent=30298"}],"wp:term":[{"taxonomy":"category","embeddable":true,"href":"https:\/\/13.com.ar\/index.php\/wp-json\/wp\/v2\/categories?post=30298"},{"taxonomy":"post_tag","embeddable":true,"href":"https:\/\/13.com.ar\/index.php\/wp-json\/wp\/v2\/tags?post=30298"}],"curies":[{"name":"wp","href":"https:\/\/api.w.org\/{rel}","templated":true}]}}