{"id":30297,"date":"2025-06-02T17:22:29","date_gmt":"2025-06-02T20:22:29","guid":{"rendered":"https:\/\/13.com.ar\/index.php\/faltan-diez-dias-para-que-venza-la-meta-de-reservas-con-el-fmi-y-los-numeros-del-banco-central-siguen-en-rojo\/"},"modified":"2025-06-02T17:22:29","modified_gmt":"2025-06-02T20:22:29","slug":"faltan-diez-dias-para-que-venza-la-meta-de-reservas-con-el-fmi-y-los-numeros-del-banco-central-siguen-en-rojo","status":"publish","type":"post","link":"https:\/\/13.com.ar\/index.php\/faltan-diez-dias-para-que-venza-la-meta-de-reservas-con-el-fmi-y-los-numeros-del-banco-central-siguen-en-rojo\/","title":{"rendered":"Faltan diez d\u00edas para que venza la meta de reservas con el FMI y los n\u00fameros del Banco Central siguen en rojo"},"content":{"rendered":"<p> <br \/>\n<br \/><img decoding=\"async\" src=\"https:\/\/13.com.ar\/wp-content\/uploads\/2025\/05\/el-Gobierno-cancelo-las-letras-intransferibles-del-Banco-Central-por.jpg\" \/><\/p>\n<div id=\"element-body-0\">\n<p>El viernes 13 de junio el Gobierno debe enfrentar un test con el Fondo Monetario y va a llegar flojo de papeles. La raz\u00f3n es que entre las metas comprometida en el acuerdo firmado en abril pasado figura la de engrosar para ese d\u00eda las reservas netas del Banco Central en cerca de <strong>US$ 5.000 millones.<\/strong><\/p>\n<\/div>\n<div id=\"element-body-1\">\n<p>A diez d\u00edas de ese compromiso, en el mercado dan por descontadas dos cosas: que habr\u00e1 un incumplimiento y que<strong> el FMI otorgar\u00e1 una dispensa, conocida como &#8220;waiver&#8221;.<\/strong><\/p>\n<\/div>\n<div id=\"element-body-2\">\n<p>&#8220;La acumulaci\u00f3n de reservas sigue rezagada y depender\u00e1 de financiamiento externo, lo que<strong> vuelve probable un waiver del FMI en junio&#8221;<\/strong>, apuntan desde Cohen Aliados Financieros.<\/p>\n<\/div>\n<div id=\"element-body-3\">\n<p>Hoy se estima que las reservas netas -las que son propias del Central, descontando los pr\u00e9stamos y los encajes bancarios- son negativas por<strong> US$ 8.800 millones.<\/strong><\/p>\n<\/div>\n<div id=\"element-body-4\">\n<p>El Gobierno asumi\u00f3 ese compromiso, pero a la vez se autoimpuso la regla de no comprar d\u00f3lares en el mercado hasta que la divisa no toque el piso de la banda cambiaria. Hoy el d\u00f3lar mayorista est\u00e1 en<strong> $ 1.180<\/strong> y no hay nada que haga prever que se acercara a los <strong>$ 1.000<\/strong> en los pr\u00f3ximos d\u00edas. <\/p>\n<\/div>\n<div id=\"element-body-5\">\n<p>Al decidir quedarse afuera del mercado, las reservas del Central no crecen m\u00e1s que por la llegada de desembolsos del organismo o nueva deuda <\/p>\n<\/div>\n<div id=\"element-body-6\">\n<p>A lo largo de este mes est\u00e1n pendientes el ingresos de otros<strong> US$ 2.000 millones<\/strong> de parte del FMI, <strong>US$ 2.000 millones<\/strong> de un nuevo REPO -un pr\u00e9stamos de bancos privados- y <strong>US$ 2.100 millones<\/strong> de organismos multilaterales. As\u00ed figura en el cronograma de desembolsos que present\u00f3 el gobierno en abril.<\/p>\n<\/div>\n<div id=\"element-body-7\">\n<p>Desde la Fundaci\u00f3n Capital indican que al 27 de mayo el nivel de reservas netas bajo la medici\u00f3n del acuerdo de facilidades extendidas con el FMI (a precios del 31 de enero y sin contabilizar los d\u00f3lares del organismo y s\u00f3lo una parte de otros multilaterales) era de <strong>-US$ 8.800 millones<\/strong>. <\/p>\n<\/div>\n<div id=\"element-body-8\">\n<p>El 4 de junio deber\u00edan ingresar los <strong>US$ 1.000 millones que el gobierno obtuvo la semana pasada por la colocaci\u00f3n del Bonte 2030<\/strong>, lo que ayudar\u00e1 a reducir la brecha con la meta pautada.<\/p>\n<\/div>\n<div id=\"element-body-9\">\n<p>&#8220;Asumiendo el ingreso de unos <strong>US$ 400 millones <\/strong>netos esperados de organismos internacionales, contabilizando lo capturado con el TY30 <strong>(US$ 1.000 millones<\/strong>), considerando que efectivamente se realiza el REPO en tratativas por unos <strong>US$ 2.000 millones <\/strong>(s\u00f3lo se contabilizan <strong>US$ 500 millones <\/strong>de acuerdo con los ajustadores del acuerdo), y que deben abonarse unos <strong>US$ 200 millones<\/strong> del Bopreal, <strong>restan unos US$ 4.400 millones para alcanzar el target&#8221;.<\/strong><\/p>\n<\/div>\n<div id=\"element-body-10\">\n<p>&#8220;La colocaci\u00f3n del Bonte 2030 y el Plan D\u00f3lares del colch\u00f3n parecen ser <strong>estrategias para mostrar al menos la intenci\u00f3n de avanzar en el cumplimiento de los compromisos tal que habilite un waiver por parte del Fondo<\/strong>. El gobierno deja trascender que la meta relevante es la de fin de a\u00f1o y que en los meses que quedan la brecha podr\u00e1 cubrirse (restar\u00edan sumar US$ 15.200 millones), pero de todas maneras no parece ser lo mejor empezar pidiendo un perd\u00f3n en la primera revisi\u00f3n del nuevo programa&#8221;, se\u00f1ala la consultora LCG.<\/p>\n<\/div>\n<div id=\"element-body-11\">\n<p>La semana pasada, el secretario de Finanzas, Pablo Quirno, dijo que el equipo econ\u00f3mico es consciente de la meta de acumulaci\u00f3n de reservas pactada con el FMI, pero<strong> &#8220;no es una preocupaci\u00f3n diaria&#8221;.<\/strong><\/p>\n<\/div>\n<div id=\"element-body-13\">\n<p>En di\u00e1logo con Bloomberg L\u00ednea, Federico Furiase, director del Central subray\u00f3 que &#8220;hoy el BCRA tiene d\u00f3lares suficientes, l\u00edquidos y de re disponibilidad, para defender la cantidad de pesos que hay en la econom\u00eda a<strong> una paridad de $ 1.000&#8243;.<\/strong><\/p>\n<\/div>\n<div id=\"element-body-14\">\n<p>Por otra parte, el director del BCRA se refiri\u00f3 tambi\u00e9n a los d\u00f3lares que aporta junio. Consultado respecto de si esperan otros US$ 3.000 millones, como los sector en mayo, <strong>Furiase no descart\u00f3 que la cifra sea a\u00fan superior<\/strong> ante el incentivo que  representar\u00e1 para el sector el fin de la baja temporal de retenciones para la soja y el ma\u00edz.<\/p>\n<\/div>\n<div id=\"element-body-15\">\n<p>Mientras los funcionarios buscan bajarle el tono al tema de la deuda, el que mete presi\u00f3n es Domingo Cavallo. En su blog personal el ex ministro escribi\u00f3: &#8220;<strong>la compra de reservas propias permitir\u00e1 consolidar a la vez la eliminaci\u00f3n de la inflaci\u00f3n y el r\u00e1pido crecimiento econ\u00f3mico. <\/strong>Con un buen nivel de reservas propias, se reducir\u00e1n las tasas de inter\u00e9s, desaparecer\u00e1 la expectativa de nuevas devaluaciones porque dejar\u00e1 de estar atrasado el tipo de cambio y se minimizar\u00e1n los riesgos de inestabilidad cambiaria y financiera&#8221;.<\/p>\n<\/div>\n<div id=\"element-body-16\">\n<p>&#8220;Se necesitan reservas externas para que puedan pagarse sin inconvenientes las importaciones y afrontarse sin demoras los pagos de servicios de la deuda. Y se necesitan muchas m\u00e1s reservas en la medida que la econom\u00eda pretenda re monetizarse, no s\u00f3lo en la moneda local sino tambi\u00e9n en d\u00f3lares&#8221;, agreg\u00f3 Cavallo.<\/p>\n<\/div>\n<p><br \/>\n<br \/><a href=\"https:\/\/www.clarin.com\/economia\/faltan-dias-venza-meta-reservas-fmi-numeros-banco-central-siguen-rojo_0_C3CT1txaAi.html\">Fuente Clarin.com <\/a><\/p>\n","protected":false},"excerpt":{"rendered":"<p>El viernes 13 de junio el Gobierno debe enfrentar un test con el Fondo Monetario y va a llegar flojo de papeles. La raz\u00f3n es que entre las metas comprometida en el acuerdo firmado en abril pasado figura la de engrosar para ese d\u00eda las reservas netas del Banco Central en cerca de US$ 5.000 [&hellip;]<\/p>\n","protected":false},"author":1,"featured_media":22941,"comment_status":"open","ping_status":"open","sticky":false,"template":"","format":"standard","meta":{"footnotes":""},"categories":[2],"tags":[1957,1958,18,100,500,6555,6749,323,28,14289,3659,16,1525,2698,2023,20043],"class_list":["post-30297","post","type-post","status-publish","format-standard","has-post-thumbnail","hentry","category-ultimas-noticias","tag-banco","tag-central","tag-con","tag-del","tag-dias","tag-diez","tag-faltan","tag-fmi","tag-los","tag-meta","tag-numeros","tag-para","tag-reservas","tag-rojo","tag-siguen","tag-venza"],"_links":{"self":[{"href":"https:\/\/13.com.ar\/index.php\/wp-json\/wp\/v2\/posts\/30297","targetHints":{"allow":["GET"]}}],"collection":[{"href":"https:\/\/13.com.ar\/index.php\/wp-json\/wp\/v2\/posts"}],"about":[{"href":"https:\/\/13.com.ar\/index.php\/wp-json\/wp\/v2\/types\/post"}],"author":[{"embeddable":true,"href":"https:\/\/13.com.ar\/index.php\/wp-json\/wp\/v2\/users\/1"}],"replies":[{"embeddable":true,"href":"https:\/\/13.com.ar\/index.php\/wp-json\/wp\/v2\/comments?post=30297"}],"version-history":[{"count":0,"href":"https:\/\/13.com.ar\/index.php\/wp-json\/wp\/v2\/posts\/30297\/revisions"}],"wp:featuredmedia":[{"embeddable":true,"href":"https:\/\/13.com.ar\/index.php\/wp-json\/wp\/v2\/media\/22941"}],"wp:attachment":[{"href":"https:\/\/13.com.ar\/index.php\/wp-json\/wp\/v2\/media?parent=30297"}],"wp:term":[{"taxonomy":"category","embeddable":true,"href":"https:\/\/13.com.ar\/index.php\/wp-json\/wp\/v2\/categories?post=30297"},{"taxonomy":"post_tag","embeddable":true,"href":"https:\/\/13.com.ar\/index.php\/wp-json\/wp\/v2\/tags?post=30297"}],"curies":[{"name":"wp","href":"https:\/\/api.w.org\/{rel}","templated":true}]}}