{"id":30296,"date":"2025-06-02T17:19:27","date_gmt":"2025-06-02T20:19:27","guid":{"rendered":"https:\/\/13.com.ar\/index.php\/daran-de-alta-a-pablo-grillo-el-fotografo-herido-por-un-gendarme-durante-una-marcha-en-el-congreso\/"},"modified":"2025-06-02T17:19:27","modified_gmt":"2025-06-02T20:19:27","slug":"daran-de-alta-a-pablo-grillo-el-fotografo-herido-por-un-gendarme-durante-una-marcha-en-el-congreso","status":"publish","type":"post","link":"https:\/\/13.com.ar\/index.php\/daran-de-alta-a-pablo-grillo-el-fotografo-herido-por-un-gendarme-durante-una-marcha-en-el-congreso\/","title":{"rendered":"Dar\u00e1n de alta a Pablo Grillo, el fot\u00f3grafo herido por un gendarme durante una marcha en el Congreso"},"content":{"rendered":"<p> <br \/>\n<br \/><img decoding=\"async\" src=\"https:\/\/13.com.ar\/wp-content\/uploads\/2025\/04\/Se-paro-y-dio-unos-pasitos.jpg\" \/><\/p>\n<div id=\"element-body-0\">\n<p><strong>Pablo Grillo<\/strong> ser\u00e1 dado de alta este martes y a las 10 de la ma\u00f1ana ser\u00e1 trasladado desde el hospital Ramos Mej\u00eda al <strong>Manuel Rocca <\/strong>para que contin\u00fae all\u00ed su <strong>rehabilitaci\u00f3n<\/strong> tras haber sido<strong> herido de gravedad en la cabeza<\/strong> por un gendarme durante una marcha de jubilados en las inmediaciones del Congreso de la Naci\u00f3n.<\/p>\n<\/div>\n<div id=\"element-body-1\">\n<p>&#8220;Una alegr\u00eda en este infierno. <strong>Pablo ser\u00e1 dado de alta<\/strong>&#8220;, indicaron en un comunicado publicado en su cuenta de X, &#8220;Justicia x Grillo&#8221;, donde se informan las \u00faltimas novedades sobre su estado de salud y su familia y allegados agradecen el apoyo y acompa\u00f1amiento.<\/p>\n<\/div>\n<div id=\"element-body-2\">\n<blockquote class=\"twitter-tweet\">\n<p lang=\"es\" dir=\"ltr\">Una alegr\u00eda en este infierno\ud83d\ude4c. PABLO SER\u00c1 DADO DE ALTA.<\/p>\n<p>La noticia que tanto se hizo esperar, por fin llega. <br \/>Seguimos haciendo fuerza por \u00e9l y para que todo siga seg\u00fan lo esperado. <\/p>\n<p>\u00a1Gracias eternas por el cari\u00f1o, el apoyo y acompa\u00f1amiento\u2764\ufe0f\ud83d\udcf8! <br \/>\u00a1Te esperamos Pablo! <a rel=\"nofollow\" target=\"_blank\" href=\"https:\/\/t.co\/U6qaZ8AkIK\">pic.twitter.com\/U6qaZ8AkIK<\/a><\/p>\n<p>\u2014 JusticiaPorPabloGrillo (@JusticiaXGrillo) <a rel=\"nofollow\" target=\"_blank\" href=\"https:\/\/twitter.com\/JusticiaXGrillo\/status\/1929608795287966120?ref_src=twsrc%5Etfw\">June 2, 2025<\/a><\/p><\/blockquote>\n<\/div>\n<div id=\"element-body-3\">\n<p>Grillo hab\u00eda sido herido en la cabeza por un proyectil lanzado por un gendarme durante la marcha al Congreso del 12 de marzo.<\/p>\n<\/div>\n<p><script async src=\"\/\/platform.twitter.com\/widgets.js\" charset=\"utf-8\"><\/script><br \/>\n<br \/><br \/>\n<br \/><a href=\"https:\/\/www.clarin.com\/sociedad\/daran-alta-pablo-grillo-fotografo-herido-gendarme-marcha-congreso_0_LX21TCC3ex.html\">Fuente Clarin.com <\/a><\/p>\n","protected":false},"excerpt":{"rendered":"<p>Pablo Grillo ser\u00e1 dado de alta este martes y a las 10 de la ma\u00f1ana ser\u00e1 trasladado desde el hospital Ramos Mej\u00eda al Manuel Rocca para que contin\u00fae all\u00ed su rehabilitaci\u00f3n tras haber sido herido de gravedad en la cabeza por un gendarme durante una marcha de jubilados en las inmediaciones del Congreso de la [&hellip;]<\/p>\n","protected":false},"author":1,"featured_media":16878,"comment_status":"open","ping_status":"open","sticky":false,"template":"","format":"standard","meta":{"footnotes":""},"categories":[2],"tags":[768,2010,6687,1549,5968,4872,4978,9065,1126,5929,142,73],"class_list":["post-30296","post","type-post","status-publish","format-standard","has-post-thumbnail","hentry","category-ultimas-noticias","tag-alta","tag-congreso","tag-daran","tag-durante","tag-fotografo","tag-gendarme","tag-grillo","tag-herido","tag-marcha","tag-pablo","tag-por","tag-una"],"_links":{"self":[{"href":"https:\/\/13.com.ar\/index.php\/wp-json\/wp\/v2\/posts\/30296","targetHints":{"allow":["GET"]}}],"collection":[{"href":"https:\/\/13.com.ar\/index.php\/wp-json\/wp\/v2\/posts"}],"about":[{"href":"https:\/\/13.com.ar\/index.php\/wp-json\/wp\/v2\/types\/post"}],"author":[{"embeddable":true,"href":"https:\/\/13.com.ar\/index.php\/wp-json\/wp\/v2\/users\/1"}],"replies":[{"embeddable":true,"href":"https:\/\/13.com.ar\/index.php\/wp-json\/wp\/v2\/comments?post=30296"}],"version-history":[{"count":0,"href":"https:\/\/13.com.ar\/index.php\/wp-json\/wp\/v2\/posts\/30296\/revisions"}],"wp:featuredmedia":[{"embeddable":true,"href":"https:\/\/13.com.ar\/index.php\/wp-json\/wp\/v2\/media\/16878"}],"wp:attachment":[{"href":"https:\/\/13.com.ar\/index.php\/wp-json\/wp\/v2\/media?parent=30296"}],"wp:term":[{"taxonomy":"category","embeddable":true,"href":"https:\/\/13.com.ar\/index.php\/wp-json\/wp\/v2\/categories?post=30296"},{"taxonomy":"post_tag","embeddable":true,"href":"https:\/\/13.com.ar\/index.php\/wp-json\/wp\/v2\/tags?post=30296"}],"curies":[{"name":"wp","href":"https:\/\/api.w.org\/{rel}","templated":true}]}}