{"id":30294,"date":"2025-06-02T17:16:28","date_gmt":"2025-06-02T20:16:28","guid":{"rendered":"https:\/\/13.com.ar\/index.php\/una-joven-de-19-anos-tuvo-un-ataque-de-panico-mientras-hacia-parasailing-se-solto-el-arnes-cayo-al-vacio-y-murio\/"},"modified":"2025-06-02T17:16:28","modified_gmt":"2025-06-02T20:16:28","slug":"una-joven-de-19-anos-tuvo-un-ataque-de-panico-mientras-hacia-parasailing-se-solto-el-arnes-cayo-al-vacio-y-murio","status":"publish","type":"post","link":"https:\/\/13.com.ar\/index.php\/una-joven-de-19-anos-tuvo-un-ataque-de-panico-mientras-hacia-parasailing-se-solto-el-arnes-cayo-al-vacio-y-murio\/","title":{"rendered":"Una joven de 19 a\u00f1os tuvo un ataque de p\u00e1nico mientras hac\u00eda parasailing, se solt\u00f3 el arn\u00e9s, cay\u00f3 al vac\u00edo y muri\u00f3"},"content":{"rendered":"<p> <br \/>\n<br \/><img decoding=\"async\" src=\"https:\/\/13.com.ar\/wp-content\/uploads\/2025\/06\/Una-joven-de-19-anos-tuvo-un-ataque-de-panico.jpg\" \/><\/p>\n<div id=\"element-body-0\">\n<p>La aventura de <strong>Tijana Radonjic<\/strong> en <strong>parasailing <\/strong>termin\u00f3 de la peor manera. Esta joven de 19 a\u00f1os sufri\u00f3 un ataque de p\u00e1nico mientras se encontraba en lo alto, se desat\u00f3 el arn\u00e9s, cay\u00f3 al vac\u00edo <strong>y falleci\u00f3<\/strong>.<\/p>\n<\/div>\n<div id=\"element-body-1\">\n<p>Radonjic estaba a casi 50 metros de altura al momento de sufrir la ca\u00edda mortal. Su cuerpo cay\u00f3 en el <strong>mar Adri\u00e1tico<\/strong> en la zona de Budva, Montenegro. <\/p>\n<\/div>\n<div id=\"element-body-2\">\n<p>Diferentes portales locales vincularon a la protagonista de un video que muestra el tr\u00e1gico momento con la imagen de una joven identificada<em> <\/em>en Instagram con el nombre de la v\u00edctima. En el clip se puede ver con claridad su desesperaci\u00f3n cuando se da cuenta de la altura a la que se encontraba.<\/p>\n<\/div>\n<div id=\"element-body-3\">\n<p>La joven habr\u00eda gritado desesperadamente <strong>\u201c\u00a1B\u00e1jenme!\u201d<\/strong> antes de intentar hacerlo por su cuenta. El sitio de noticias serbio Republika cit\u00f3 a un testigo que dijo que Tijana en ese momento <strong>&#8220;estaba fuera de s\u00ed&#8221;<\/strong>.<\/p>\n<\/div>\n<div id=\"element-body-4\">\n<p>Radonjic estaba de vacaciones cuando un representante de la compa\u00f1\u00eda de parasailing le ofreci\u00f3 un vuelo gratis en la playa, inform\u00f3 el medio Kuirr. <strong>Mirko Krdzic<\/strong>, el due\u00f1o de la empresa, dijo que Radonjic no hab\u00eda demostrado miedo al subirse al paraca\u00eddas. De hecho, le hab\u00eda pedido a su prima que la filmara antes de ascender.<\/p>\n<\/div>\n<div id=\"element-body-5\">\n<p>\u201c<strong>Estamos todos en shock despu\u00e9s del accidente que ocurri\u00f3\u2026<\/strong> No s\u00e9 exactamente qu\u00e9 pas\u00f3\u201d, dijo Krdzic al medio citado.<\/p>\n<\/div>\n<div id=\"element-body-7\">\n<p>La investigaci\u00f3n sigue en pie por parte de la fiscal\u00eda de Kotor. Tijana fue enterrada en el cementerio de Novi Sad.<\/p>\n<\/div>\n<div id=\"element-body-9\">\n<p>El parasailing (tambi\u00e9n conocido como paravelismo) <strong>es una actividad recreativa en la que una persona es remolcada por una lancha mientras est\u00e1 sujeta a un paraca\u00eddas especial<\/strong>, llamado parasail.<\/p>\n<\/div>\n<div id=\"element-body-10\">\n<p>A medida que la lancha acelera, el paraca\u00eddas se eleva en el aire, llevando a la persona con \u00e9l, permiti\u00e9ndole volar a varios metros sobre el nivel del agua.<\/p>\n<\/div>\n<div id=\"element-body-12\">\n<p>En general, el parasailing es seguro si se realiza con operadores certificados y en condiciones clim\u00e1ticas adecuadas, aunque, como cualquier deporte acu\u00e1tico, conlleva cierto riesgo si no se toman las precauciones necesarias.<\/p>\n<\/div>\n<p><script async src=\"\/\/www.instagram.com\/embed.js\"><\/script><br \/>\n<br \/><br \/>\n<br \/><a href=\"https:\/\/www.clarin.com\/internacional\/joven-19-anos-ataque-panico-parasailing-solto-arnes-cayo-vacio-murio_0_B9IKFD4tag.html\">Fuente Clarin.com <\/a><\/p>\n","protected":false},"excerpt":{"rendered":"<p>La aventura de Tijana Radonjic en parasailing termin\u00f3 de la peor manera. Esta joven de 19 a\u00f1os sufri\u00f3 un ataque de p\u00e1nico mientras se encontraba en lo alto, se desat\u00f3 el arn\u00e9s, cay\u00f3 al vac\u00edo y falleci\u00f3. Radonjic estaba a casi 50 metros de altura al momento de sufrir la ca\u00edda mortal. Su cuerpo cay\u00f3 [&hellip;]<\/p>\n","protected":false},"author":1,"featured_media":30295,"comment_status":"open","ping_status":"open","sticky":false,"template":"","format":"standard","meta":{"footnotes":""},"categories":[2],"tags":[636,20042,2106,1269,360,2842,57,611,6169,20041,9538,507,73,2055],"class_list":["post-30294","post","type-post","status-publish","format-standard","has-post-thumbnail","hentry","category-ultimas-noticias","tag-anos","tag-arnes","tag-ataque","tag-cayo","tag-hacia","tag-joven","tag-mientras","tag-murio","tag-panico","tag-parasailing","tag-solto","tag-tuvo","tag-una","tag-vacio"],"_links":{"self":[{"href":"https:\/\/13.com.ar\/index.php\/wp-json\/wp\/v2\/posts\/30294","targetHints":{"allow":["GET"]}}],"collection":[{"href":"https:\/\/13.com.ar\/index.php\/wp-json\/wp\/v2\/posts"}],"about":[{"href":"https:\/\/13.com.ar\/index.php\/wp-json\/wp\/v2\/types\/post"}],"author":[{"embeddable":true,"href":"https:\/\/13.com.ar\/index.php\/wp-json\/wp\/v2\/users\/1"}],"replies":[{"embeddable":true,"href":"https:\/\/13.com.ar\/index.php\/wp-json\/wp\/v2\/comments?post=30294"}],"version-history":[{"count":0,"href":"https:\/\/13.com.ar\/index.php\/wp-json\/wp\/v2\/posts\/30294\/revisions"}],"wp:featuredmedia":[{"embeddable":true,"href":"https:\/\/13.com.ar\/index.php\/wp-json\/wp\/v2\/media\/30295"}],"wp:attachment":[{"href":"https:\/\/13.com.ar\/index.php\/wp-json\/wp\/v2\/media?parent=30294"}],"wp:term":[{"taxonomy":"category","embeddable":true,"href":"https:\/\/13.com.ar\/index.php\/wp-json\/wp\/v2\/categories?post=30294"},{"taxonomy":"post_tag","embeddable":true,"href":"https:\/\/13.com.ar\/index.php\/wp-json\/wp\/v2\/tags?post=30294"}],"curies":[{"name":"wp","href":"https:\/\/api.w.org\/{rel}","templated":true}]}}