{"id":30293,"date":"2025-06-02T17:13:29","date_gmt":"2025-06-02T20:13:29","guid":{"rendered":"https:\/\/13.com.ar\/index.php\/yo-soy-el-candidato-de-la-libertad-avanza-en-las-elecciones\/"},"modified":"2025-06-02T17:13:29","modified_gmt":"2025-06-02T20:13:29","slug":"yo-soy-el-candidato-de-la-libertad-avanza-en-las-elecciones","status":"publish","type":"post","link":"https:\/\/13.com.ar\/index.php\/yo-soy-el-candidato-de-la-libertad-avanza-en-las-elecciones\/","title":{"rendered":"Yo soy el candidato de La Libertad Avanza en las elecciones"},"content":{"rendered":"<p> <br \/>\n<br \/><img decoding=\"async\" src=\"https:\/\/13.com.ar\/wp-content\/uploads\/2025\/05\/Entre-la-disputa-de-Bullrich-y-Kicillof-por-el-bano.jpg\" \/><\/p>\n<div id=\"element-body-0\">\n<p>En una entrevista que concedi\u00f3 a Radio Rivadavia esta tarde, Jos\u00e9 Luis Espert sali\u00f3 a negar de cuajo que exista una interna dentro de La LIbertad Avanza respecto a su candidatura.<\/p>\n<\/div>\n<div id=\"element-body-1\">\n<p>Y de paso avis\u00f3: &#8220;Yo soy el candidato de La Libertad Avanza en las pr\u00f3ximas elecciones&#8221;. Fue una forma de desacreditar la interna que existe dentro del Tri\u00e1ngulo de Hierro sobre su posible candidatura en las legislativas del 26 de octubre. <\/p>\n<\/div>\n<div id=\"element-body-2\">\n<p>Tal como cont\u00f3 <strong>Clar\u00edn, <\/strong>Espert es el candidato que apuntala Javier Milei, pero no su hermana Karina y tampoco el influyente asesor presidencial Santiago Caputo. <\/p>\n<\/div>\n<div id=\"element-body-3\">\n<p>Internamente, el mile\u00edsmo duro, no le perdona a Espert sus cr\u00edticas a La Libertad Avanza en tiempos en los que ten\u00eda su propio partido e incluso se hab\u00eda aliado con Juntos por el Cambio, espacio por el cual fue votado en 2023.<\/p>\n<\/div>\n<p><br \/>\n<br \/><a href=\"https:\/\/www.clarin.com\/politica\/jose-luis-espert-niega-interna-libertaria-avisa-candidato-libertad-avanza-elecciones_0_jS2LEClsJj.html\">Fuente Clarin.com <\/a><\/p>\n","protected":false},"excerpt":{"rendered":"<p>En una entrevista que concedi\u00f3 a Radio Rivadavia esta tarde, Jos\u00e9 Luis Espert sali\u00f3 a negar de cuajo que exista una interna dentro de La LIbertad Avanza respecto a su candidatura. Y de paso avis\u00f3: &#8220;Yo soy el candidato de La Libertad Avanza en las pr\u00f3ximas elecciones&#8221;. Fue una forma de desacreditar la interna que [&hellip;]<\/p>\n","protected":false},"author":1,"featured_media":28921,"comment_status":"open","ping_status":"open","sticky":false,"template":"","format":"standard","meta":{"footnotes":""},"categories":[2],"tags":[253,1320,404,48,1792,4008],"class_list":["post-30293","post","type-post","status-publish","format-standard","has-post-thumbnail","hentry","category-ultimas-noticias","tag-avanza","tag-candidato","tag-elecciones","tag-las","tag-libertad","tag-soy"],"_links":{"self":[{"href":"https:\/\/13.com.ar\/index.php\/wp-json\/wp\/v2\/posts\/30293","targetHints":{"allow":["GET"]}}],"collection":[{"href":"https:\/\/13.com.ar\/index.php\/wp-json\/wp\/v2\/posts"}],"about":[{"href":"https:\/\/13.com.ar\/index.php\/wp-json\/wp\/v2\/types\/post"}],"author":[{"embeddable":true,"href":"https:\/\/13.com.ar\/index.php\/wp-json\/wp\/v2\/users\/1"}],"replies":[{"embeddable":true,"href":"https:\/\/13.com.ar\/index.php\/wp-json\/wp\/v2\/comments?post=30293"}],"version-history":[{"count":0,"href":"https:\/\/13.com.ar\/index.php\/wp-json\/wp\/v2\/posts\/30293\/revisions"}],"wp:featuredmedia":[{"embeddable":true,"href":"https:\/\/13.com.ar\/index.php\/wp-json\/wp\/v2\/media\/28921"}],"wp:attachment":[{"href":"https:\/\/13.com.ar\/index.php\/wp-json\/wp\/v2\/media?parent=30293"}],"wp:term":[{"taxonomy":"category","embeddable":true,"href":"https:\/\/13.com.ar\/index.php\/wp-json\/wp\/v2\/categories?post=30293"},{"taxonomy":"post_tag","embeddable":true,"href":"https:\/\/13.com.ar\/index.php\/wp-json\/wp\/v2\/tags?post=30293"}],"curies":[{"name":"wp","href":"https:\/\/api.w.org\/{rel}","templated":true}]}}