{"id":30291,"date":"2025-06-02T17:10:28","date_gmt":"2025-06-02T20:10:28","guid":{"rendered":"https:\/\/13.com.ar\/index.php\/el-agresor-de-boulder-planeo-el-ataque-durante-un-ano-y-fue-acusado-por-el-delito-de-odio\/"},"modified":"2025-06-02T17:10:28","modified_gmt":"2025-06-02T20:10:28","slug":"el-agresor-de-boulder-planeo-el-ataque-durante-un-ano-y-fue-acusado-por-el-delito-de-odio","status":"publish","type":"post","link":"https:\/\/13.com.ar\/index.php\/el-agresor-de-boulder-planeo-el-ataque-durante-un-ano-y-fue-acusado-por-el-delito-de-odio\/","title":{"rendered":"el agresor de Boulder plane\u00f3 el ataque durante un a\u00f1o y fue acusado por el &#8220;delito de odio&#8221;"},"content":{"rendered":"<p> <br \/>\n<br \/><img decoding=\"async\" src=\"https:\/\/13.com.ar\/wp-content\/uploads\/2025\/06\/el-agresor-de-Boulder-planeo-el-ataque-durante-un-ano.jpg\" \/><\/p>\n<div id=\"element-body-0\">\n<p>El hombre que lanz\u00f3 bombas molotov el domingo en Boulder, Colorado, contra una muchedumbre que participaba en un evento organizado por un grupo jud\u00edo para la liberaci\u00f3n de los rehenes en Gaza es un egipcio que ten\u00eda la visa de Estados Unidos vencida y que hab\u00eda estado planificando el ataque por m\u00e1s de un a\u00f1o.<strong> Fue acusado este lunes de cr\u00edmenes de odio, un delito federal, mientras se lo investiga como un acto terrorista.<\/strong><\/p>\n<\/div>\n<div id=\"element-body-1\">\n<p><strong>Mohamed Sabry Soliman, de 45 a\u00f1os, grit\u00f3 &#8220;Palestina libre&#8221;<\/strong> mientras usaba un lanzallamas improvisado y lanzaba un artefacto incendiario tipo molotov a la multitud en el centro comercial peatonal de la ciudad universitaria de Colorado, donde se realizaba una caminata que ped\u00eda la liberaci\u00f3n de los rehenes israel\u00edes en Gaza, dijo la polic\u00eda seg\u00fan relatos de testigos.<\/p>\n<\/div>\n<div id=\"element-body-2\">\n<p>Esta manifestaci\u00f3n pac\u00edfica llamada \u201cRun for their lives\u201d (corre por sus vidas) <strong>se aglutinaba todos los domingos en la ciudad.<\/strong> Ocho personas, cuatro hombres y cuatro mujeres entre 52 y 88 a\u00f1os, fueron hospitalizadas con quemaduras y otras lesiones, y dos de ellas estaban en estado grave, dijeron las autoridades.<\/p>\n<\/div>\n<div id=\"element-body-3\">\n<p>La denuncia penal presentada en un tribunal de Boulder dice que Soliman <strong>&#8220;apunt\u00f3 espec\u00edficamente al &#8216;Grupo Sionista&#8217;<\/strong> que se hab\u00eda reunido en Boulder, despu\u00e9s de haberse enterado del grupo por una b\u00fasqueda en internet\u201d, y que hab\u00eda estado planeando el ataque durante un a\u00f1o. &#8220;Declar\u00f3 que quer\u00eda matar a todos los sionistas y que deseaba que todos estuvieran muertos&#8221;, dice la denuncia.<\/p>\n<\/div>\n<div id=\"element-body-5\">\n<p><strong>Lanz\u00f3 al menos dos Molotovs<\/strong> contra los manifestantes, pero se encontraron otros 14 dispositivos incendiarios en el lugar, informaron las autoridades.<\/p>\n<\/div>\n<div id=\"element-body-6\">\n<p>Soliman fue detenido el domingo, enseguida despu\u00e9s del ataque, y los cargos iniciales en su contra inclu\u00edan ocho delitos graves, incluido el asesinato en primer grado, aunque la polic\u00eda de Boulder confirm\u00f3 el lunes por la ma\u00f1ana la ma\u00f1ana que nadie muri\u00f3 como resultado del ataque y dijo en X que pronto se dar\u00e1n m\u00e1s detalles.<\/p>\n<\/div>\n<div id=\"element-body-7\">\n<p>M\u00e1s all\u00e1 del cargo por crimen de odio,<strong> tambi\u00e9n fue acusado de asalto en primer grado<\/strong>, uso de explosivos o un dispositivo incendiario durante un delito grave y delitos contra un adulto o una persona mayor en riesgo.<\/p>\n<\/div>\n<div id=\"element-body-9\">\n<p>Soliman, del condado de El Paso en Colorado, est\u00e1 detenido<strong> con una fianza de 10 millones de d\u00f3lares<\/strong>, seg\u00fan los registros de la c\u00e1rcel.<\/p>\n<\/div>\n<div id=\"element-body-11\">\n<p>El ataque se convirti\u00f3 r\u00e1pidamente en el centro de la pol\u00e9mica por la inmigraci\u00f3n, uno de los pilares de la pol\u00edtica de Donald Trump. El Departamento de Seguridad Nacional dijo que Soliman ingres\u00f3 al pa\u00eds con una visa de turista B-2 en agosto de 2022. La visa expir\u00f3 en febrero de 2023, dijo la subsecretaria Tricia McLaughlin. <strong>Soliman solicit\u00f3 asilo en septiembre de 2022,<\/strong> aunque no se especific\u00f3 en qu\u00e9 estado estaba ese tr\u00e1mite.<\/p>\n<\/div>\n<div id=\"element-body-12\">\n<p>El presidente Donald Trump, en una publicaci\u00f3n en Truth Social, dijo que &#8220;los actos de terrorismo ser\u00e1n procesados con todo el peso de la ley&#8221;. Se\u00f1al\u00f3 que el atacante hab\u00eda ingresado por<strong> \u201clas rid\u00edculas pol\u00edticas de fronteras abiertas de Biden<\/strong>, que ha herido gravemente al pa\u00eds\u201d. Y a\u00f1adi\u00f3 que el ataque fue &#8220;otro ejemplo de por qu\u00e9 debemos mantener nuestras fronteras SEGURAS&#8221; y expulsar a los \u201cilegales y antiestadounidenses radicales\u201d del pa\u00eds. Pidi\u00f3, adem\u00e1s, la deportaci\u00f3n del sospechoso.<\/p>\n<\/div>\n<div id=\"element-body-13\">\n<p>Las v\u00edctimas iban caminando por la peatonal de Boulder y ped\u00edan por &#8220;por la liberaci\u00f3n inmediata de los rehenes retenidos por Hamas&#8221; en Gaza. La marcha tuvo lugar en la v\u00edspera de Shavuot, una festividad del pueblo jud\u00edo. El grupo dijo en un comunicado que su caminata fue &#8220;brutalmente interrumpida en un asalto violento&#8221;.<\/p>\n<\/div>\n<div id=\"element-body-14\">\n<p><strong>El FBI dijo que est\u00e1 investigando el ataque como un &#8220;acto de terrorismo dirigido&#8221;.<\/strong> La administradora de la ciudad de Boulder, Nuria Rivera-Vandermyde, dijo que la ciudad no &#8220;especular\u00eda sobre el motivo en las horas inmediatamente posteriores al incidente&#8221;, pero agreg\u00f3 que &#8220;la violencia y el odio no tienen lugar en nuestra comunidad&#8221;.<\/p>\n<\/div>\n<div id=\"element-body-15\">\n<p>El ataque en Colorado sucedi\u00f3 poco m\u00e1s de una semana despu\u00e9s de que una joven pareja que trabajaba para la embajada israel\u00ed en Washington, D.C., fuera asesinada a balazos cerca del Museo Jud\u00edo de la capital estadounidense por un hombre <strong>que gritaba &#8220;Palestina libre, libre&#8221;<\/strong>. Este crimen despert\u00f3 una condena mundial y aument\u00f3 los temores de un aumento de los ataques contra grupos relacionados con Israel.<\/p>\n<\/div>\n<div id=\"element-body-16\">\n<p>Tambi\u00e9n poco despu\u00e9s de que un hombre prendiera fuego en abril a la residencia del gobernador de Pennsylvania, Josh Shapiro, que es jud\u00edo, pidiendo al funcionario a los gritos que no avale las matanzas de los palestinos.<\/p>\n<\/div>\n<div id=\"element-body-17\">\n<p>El primer ministro israel\u00ed Benjamin Netanyahu dijo en un comunicado que el ataque en Boulder &#8220;estaba dirigido contra personas pac\u00edficas que deseaban expresar su solidaridad con los rehenes retenidos por Hamas&#8221; y lo calific\u00f3 como <strong>un &#8220;ataque terrorista vicioso&#8221;.<\/strong><\/p>\n<\/div>\n<p><br \/>\n<br \/><a href=\"https:\/\/www.clarin.com\/mundo\/atentado-terrorista-estados-unidos-agresor-boulder-planeo-ataque-ano-acusado-delito-odio_0_DflHm39SIs.html\">Fuente Clarin.com <\/a><\/p>\n","protected":false},"excerpt":{"rendered":"<p>El hombre que lanz\u00f3 bombas molotov el domingo en Boulder, Colorado, contra una muchedumbre que participaba en un evento organizado por un grupo jud\u00edo para la liberaci\u00f3n de los rehenes en Gaza es un egipcio que ten\u00eda la visa de Estados Unidos vencida y que hab\u00eda estado planificando el ataque por m\u00e1s de un a\u00f1o. [&hellip;]<\/p>\n","protected":false},"author":1,"featured_media":30292,"comment_status":"open","ping_status":"open","sticky":false,"template":"","format":"standard","meta":{"footnotes":""},"categories":[2],"tags":[4895,15139,530,2106,20039,7119,1549,105,11230,20040,142],"class_list":["post-30291","post","type-post","status-publish","format-standard","has-post-thumbnail","hentry","category-ultimas-noticias","tag-acusado","tag-agresor","tag-ano","tag-ataque","tag-boulder","tag-delito","tag-durante","tag-fue","tag-odio","tag-planeo","tag-por"],"_links":{"self":[{"href":"https:\/\/13.com.ar\/index.php\/wp-json\/wp\/v2\/posts\/30291","targetHints":{"allow":["GET"]}}],"collection":[{"href":"https:\/\/13.com.ar\/index.php\/wp-json\/wp\/v2\/posts"}],"about":[{"href":"https:\/\/13.com.ar\/index.php\/wp-json\/wp\/v2\/types\/post"}],"author":[{"embeddable":true,"href":"https:\/\/13.com.ar\/index.php\/wp-json\/wp\/v2\/users\/1"}],"replies":[{"embeddable":true,"href":"https:\/\/13.com.ar\/index.php\/wp-json\/wp\/v2\/comments?post=30291"}],"version-history":[{"count":0,"href":"https:\/\/13.com.ar\/index.php\/wp-json\/wp\/v2\/posts\/30291\/revisions"}],"wp:featuredmedia":[{"embeddable":true,"href":"https:\/\/13.com.ar\/index.php\/wp-json\/wp\/v2\/media\/30292"}],"wp:attachment":[{"href":"https:\/\/13.com.ar\/index.php\/wp-json\/wp\/v2\/media?parent=30291"}],"wp:term":[{"taxonomy":"category","embeddable":true,"href":"https:\/\/13.com.ar\/index.php\/wp-json\/wp\/v2\/categories?post=30291"},{"taxonomy":"post_tag","embeddable":true,"href":"https:\/\/13.com.ar\/index.php\/wp-json\/wp\/v2\/tags?post=30291"}],"curies":[{"name":"wp","href":"https:\/\/api.w.org\/{rel}","templated":true}]}}