{"id":30290,"date":"2025-06-02T17:07:29","date_gmt":"2025-06-02T20:07:29","guid":{"rendered":"https:\/\/13.com.ar\/index.php\/el-espejismo-del-crecimiento\/"},"modified":"2025-06-02T17:07:29","modified_gmt":"2025-06-02T20:07:29","slug":"el-espejismo-del-crecimiento","status":"publish","type":"post","link":"https:\/\/13.com.ar\/index.php\/el-espejismo-del-crecimiento\/","title":{"rendered":"El espejismo del crecimiento"},"content":{"rendered":"<p> <br \/>\n<br \/><img decoding=\"async\" src=\"https:\/\/13.com.ar\/wp-content\/uploads\/2025\/02\/Un-jubilado-pobre-es-un-negocio-porque-el-Estado-gasta.jpg\" \/><\/p>\n<div id=\"element-body-0\">\n<p>En Argentina los aumentos del producto bruto interno se celebran como si fueran, por s\u00ed solos, signos inequ\u00edvocos de progreso. Sin embargo, mirar solo el crecimiento es una forma limitada \u2014y muchas veces enga\u00f1osa\u2014 de pensar los procesos econ\u00f3micos. El desarrollo, en cambio, implica transformaciones m\u00e1s profundas: supone mejoras sostenidas en la calidad de vida, una distribuci\u00f3n m\u00e1s equitativa de los recursos, y la expansi\u00f3n de capacidades sociales, productivas y humanas.<\/p>\n<\/div>\n<div id=\"element-body-1\">\n<p>La historia del pa\u00eds ofrece ejemplos que permiten ver esa diferencia con claridad. A comienzos de este siglo, los a\u00f1os del boom sojero trajeron tasas elevadas de crecimiento econ\u00f3mico. Aumentaron las exportaciones y mejor\u00f3 el saldo de la balanza comercial. Pero esa expansi\u00f3n no vino acompa\u00f1ada por diversificaci\u00f3n productiva ni por una mejora sustantiva en las condiciones de vida de la poblaci\u00f3n.<\/p>\n<\/div>\n<div id=\"element-body-2\">\n<p>Lo anterior no implica negar que durante la primera d\u00e9cada de este siglo la pobreza por ingresos efectivamente disminuy\u00f3. Implica no ignorar que esa baja no fue proporcional al crecimiento ni logr\u00f3 erradicar el n\u00facleo duro de pobreza que arrastra la Argentina desde hace ya mucho tiempo. En las regiones m\u00e1s postergadas del pa\u00eds, las condiciones de vida siguieron marcadas por la falta de servicios esenciales, el hacinamiento y la precariedad habitacional. Se consolid\u00f3, en cambio, un esquema productivo fuertemente concentrado en torno a la renta agraria, que dej\u00f3 intactas muchas desigualdades hist\u00f3ricas.<\/p>\n<\/div>\n<div id=\"element-body-3\">\n<p>Algo parecido ocurre en la actualidad con el entusiasmo que despierta la explotaci\u00f3n de hidrocarburos no convencionales en Vaca Muerta. El ingreso de divisas, las inversiones millonarias y la creaci\u00f3n de empleo en sectores espec\u00edficos son datos del crecimiento. Pero en paralelo, crecen las tensiones urbanas, se disparan los precios del suelo, se saturan los servicios p\u00fablicos, y buena parte de la poblaci\u00f3n neuquina sigue sin ver mejoras sustanciales en su bienestar. Crecer no siempre significa avanzar.<\/p>\n<\/div>\n<div id=\"element-body-4\">\n<p>La persistente desigualdad territorial tambi\u00e9n muestra los l\u00edmites de un enfoque centrado exclusivamente en la m\u00e9trica del producto. El \u00c1rea Metropolitana de Buenos Aires concentra una parte desproporcionada del ingreso y del empleo formal, mientras regiones enteras del Norte Grande mantienen indicadores sociales propios de pa\u00edses mucho m\u00e1s pobres. El crecimiento nacional, cuando ocurre, no alcanza a todos por igual.<\/p>\n<\/div>\n<div id=\"element-body-5\">\n<p>A esto se suma la fragilidad del mercado laboral. En varios per\u00edodos recientes, la econom\u00eda argentina logr\u00f3 aumentar su nivel de actividad, pero sin modificar de manera significativa los niveles de informalidad. Empleo s\u00ed, pero sin derechos ni protecci\u00f3n. Las personas consiguen ingresos, pero no estabilidad ni futuro. Y en ese contexto, los niveles de pobreza \u2014sobre todo infantil y laboral\u2014 se mantienen altos, incluso cuando el pa\u00eds crece.<\/p>\n<\/div>\n<div id=\"element-body-6\">\n<p>En la medida en que esas tensiones estructurales \u2014territoriales, laborales, sociales y productivas\u2014 no sean abordadas de manera deliberada y sostenida, el crecimiento argentino seguir\u00e1 siendo espasm\u00f3dico, interrumpido por ciclos de inflaci\u00f3n, endeudamiento y estancamiento.<\/p>\n<\/div>\n<div id=\"element-body-7\">\n<p>No se trata solo de vaivenes macroecon\u00f3micos: esos ciclos son s\u00edntomas de desequilibrios que a veces ceden, pero no desaparecen. Mientras el desarrollo no sea el horizonte, el crecimiento seguir\u00e1 siendo un reflejo fugaz m\u00e1s que un proceso transformador.<\/p>\n<\/div>\n<p><br \/>\n<br \/><a href=\"https:\/\/www.clarin.com\/opinion\/espejismo-crecimiento_0_sxl8Sb7mU8.html\">Fuente Clarin.com <\/a><\/p>\n","protected":false},"excerpt":{"rendered":"<p>En Argentina los aumentos del producto bruto interno se celebran como si fueran, por s\u00ed solos, signos inequ\u00edvocos de progreso. Sin embargo, mirar solo el crecimiento es una forma limitada \u2014y muchas veces enga\u00f1osa\u2014 de pensar los procesos econ\u00f3micos. El desarrollo, en cambio, implica transformaciones m\u00e1s profundas: supone mejoras sostenidas en la calidad de vida, [&hellip;]<\/p>\n","protected":false},"author":1,"featured_media":5021,"comment_status":"open","ping_status":"open","sticky":false,"template":"","format":"standard","meta":{"footnotes":""},"categories":[2],"tags":[1902,100,13466],"class_list":["post-30290","post","type-post","status-publish","format-standard","has-post-thumbnail","hentry","category-ultimas-noticias","tag-crecimiento","tag-del","tag-espejismo"],"_links":{"self":[{"href":"https:\/\/13.com.ar\/index.php\/wp-json\/wp\/v2\/posts\/30290","targetHints":{"allow":["GET"]}}],"collection":[{"href":"https:\/\/13.com.ar\/index.php\/wp-json\/wp\/v2\/posts"}],"about":[{"href":"https:\/\/13.com.ar\/index.php\/wp-json\/wp\/v2\/types\/post"}],"author":[{"embeddable":true,"href":"https:\/\/13.com.ar\/index.php\/wp-json\/wp\/v2\/users\/1"}],"replies":[{"embeddable":true,"href":"https:\/\/13.com.ar\/index.php\/wp-json\/wp\/v2\/comments?post=30290"}],"version-history":[{"count":0,"href":"https:\/\/13.com.ar\/index.php\/wp-json\/wp\/v2\/posts\/30290\/revisions"}],"wp:featuredmedia":[{"embeddable":true,"href":"https:\/\/13.com.ar\/index.php\/wp-json\/wp\/v2\/media\/5021"}],"wp:attachment":[{"href":"https:\/\/13.com.ar\/index.php\/wp-json\/wp\/v2\/media?parent=30290"}],"wp:term":[{"taxonomy":"category","embeddable":true,"href":"https:\/\/13.com.ar\/index.php\/wp-json\/wp\/v2\/categories?post=30290"},{"taxonomy":"post_tag","embeddable":true,"href":"https:\/\/13.com.ar\/index.php\/wp-json\/wp\/v2\/tags?post=30290"}],"curies":[{"name":"wp","href":"https:\/\/api.w.org\/{rel}","templated":true}]}}