{"id":30282,"date":"2025-06-02T16:22:35","date_gmt":"2025-06-02T19:22:35","guid":{"rendered":"https:\/\/13.com.ar\/index.php\/hallaron-muerto-a-joaquin-casale-el-joven-que-habia-desaparecido-en-cordoba-cuando-se-fue-de-su-casa-en-moto\/"},"modified":"2025-06-02T16:22:35","modified_gmt":"2025-06-02T19:22:35","slug":"hallaron-muerto-a-joaquin-casale-el-joven-que-habia-desaparecido-en-cordoba-cuando-se-fue-de-su-casa-en-moto","status":"publish","type":"post","link":"https:\/\/13.com.ar\/index.php\/hallaron-muerto-a-joaquin-casale-el-joven-que-habia-desaparecido-en-cordoba-cuando-se-fue-de-su-casa-en-moto\/","title":{"rendered":"Hallaron muerto a Joaqu\u00edn Casale, el joven que hab\u00eda desaparecido en C\u00f3rdoba cuando se fue de su casa en moto"},"content":{"rendered":"<p> <br \/>\n<br \/><img decoding=\"async\" src=\"https:\/\/13.com.ar\/wp-content\/uploads\/2025\/06\/Hallaron-muerto-a-Joaquin-Casale-el-joven-que-habia-desaparecido.jpg\" \/><\/p>\n<div id=\"element-body-0\">\n<p><strong>Joaqu\u00edn Casale<\/strong>, de 34 a\u00f1os, fue <strong>hallado muerto <\/strong>este domingo cerca de la Ruta Provincial N\u00b01, <strong>C\u00f3rdoba<\/strong>, luego m\u00e1s de una semana de b\u00fasqueda desde que desapareci\u00f3 cuando sali\u00f3 en moto de su casa.<\/p>\n<\/div>\n<div id=\"element-body-1\">\n<p>Como consecuencia de intensos rastrillajes llevados a cabo por las autoridades provinciales, el cuerpo de un hombre, con caracter\u00edsticas que coinciden con las del hombre oriundo de San Francisco, fue encontrado a la altura del kil\u00f3metro 94 de la autov\u00eda. Su identidad fue confirmada horas m\u00e1s tarde.<\/p>\n<\/div>\n<div id=\"element-body-2\">\n<p>Casale <strong>se hab\u00eda retirado de su domicilio en una motocicleta Honda Tornado 250cc<\/strong>, de color negra y no volvi\u00f3 a ser visto desde entonces. Era de contextura delgada, med\u00eda 1,78 metros, ten\u00eda tez blanca, cabello corto casta\u00f1o claro y ojos verdes.<\/p>\n<\/div>\n<div id=\"element-body-3\">\n<p>Su desaparici\u00f3n hab\u00eda motivado un pedido de paradero y una <strong>intensa b\u00fasqueda por parte de las fuerzas de seguridad, familiares y allegados,<\/strong> recordaron medios locales.<\/p>\n<\/div>\n<div id=\"element-body-5\">\n<p>Las causas de su muerte a\u00fan son un misterio. Se esperan resultados de la investigaci\u00f3n vinculados a las causas de la muerte de Casale y, con esa finalidad, la polic\u00eda cordobesa realiza las pericias correspondientes.<\/p>\n<\/div>\n<div id=\"element-body-6\">\n<p>Una de la hip\u00f3tesis de los investigadores, publicada por La Voz de San Justo, es que el joven podr\u00eda haberse quitado la vida. Ahora se aguarda el resultado del examen forense preliminar que confirme signos compatibles con esta versi\u00f3n. La investigaci\u00f3n contin\u00faa bajo la direcci\u00f3n del Ministerio P\u00fablico Fiscal.<\/p>\n<\/div>\n<p><br \/>\n<br \/><a href=\"https:\/\/www.clarin.com\/policiales\/hallaron-muerto-joaquin-casale-joven-desaparecido-cordoba-casa-moto_0_Ajhq5zmrP1.html\">Fuente Clarin.com <\/a><\/p>\n","protected":false},"excerpt":{"rendered":"<p>Joaqu\u00edn Casale, de 34 a\u00f1os, fue hallado muerto este domingo cerca de la Ruta Provincial N\u00b01, C\u00f3rdoba, luego m\u00e1s de una semana de b\u00fasqueda desde que desapareci\u00f3 cuando sali\u00f3 en moto de su casa. Como consecuencia de intensos rastrillajes llevados a cabo por las autoridades provinciales, el cuerpo de un hombre, con caracter\u00edsticas que coinciden [&hellip;]<\/p>\n","protected":false},"author":1,"featured_media":30283,"comment_status":"open","ping_status":"open","sticky":false,"template":"","format":"standard","meta":{"footnotes":""},"categories":[2],"tags":[108,20036,572,677,2707,105,822,961,2328,2842,534,2827],"class_list":["post-30282","post","type-post","status-publish","format-standard","has-post-thumbnail","hentry","category-ultimas-noticias","tag-casa","tag-casale","tag-cordoba","tag-cuando","tag-desaparecido","tag-fue","tag-habia","tag-hallaron","tag-joaquin","tag-joven","tag-moto","tag-muerto"],"_links":{"self":[{"href":"https:\/\/13.com.ar\/index.php\/wp-json\/wp\/v2\/posts\/30282","targetHints":{"allow":["GET"]}}],"collection":[{"href":"https:\/\/13.com.ar\/index.php\/wp-json\/wp\/v2\/posts"}],"about":[{"href":"https:\/\/13.com.ar\/index.php\/wp-json\/wp\/v2\/types\/post"}],"author":[{"embeddable":true,"href":"https:\/\/13.com.ar\/index.php\/wp-json\/wp\/v2\/users\/1"}],"replies":[{"embeddable":true,"href":"https:\/\/13.com.ar\/index.php\/wp-json\/wp\/v2\/comments?post=30282"}],"version-history":[{"count":0,"href":"https:\/\/13.com.ar\/index.php\/wp-json\/wp\/v2\/posts\/30282\/revisions"}],"wp:featuredmedia":[{"embeddable":true,"href":"https:\/\/13.com.ar\/index.php\/wp-json\/wp\/v2\/media\/30283"}],"wp:attachment":[{"href":"https:\/\/13.com.ar\/index.php\/wp-json\/wp\/v2\/media?parent=30282"}],"wp:term":[{"taxonomy":"category","embeddable":true,"href":"https:\/\/13.com.ar\/index.php\/wp-json\/wp\/v2\/categories?post=30282"},{"taxonomy":"post_tag","embeddable":true,"href":"https:\/\/13.com.ar\/index.php\/wp-json\/wp\/v2\/tags?post=30282"}],"curies":[{"name":"wp","href":"https:\/\/api.w.org\/{rel}","templated":true}]}}