{"id":30280,"date":"2025-06-02T16:19:30","date_gmt":"2025-06-02T19:19:30","guid":{"rendered":"https:\/\/13.com.ar\/index.php\/el-gobierno-le-quito-trabas-a-la-exportacion-de-cueros-derogando-una-norma-que-beneficiaba-a-las-curtiembres\/"},"modified":"2025-06-02T16:19:30","modified_gmt":"2025-06-02T19:19:30","slug":"el-gobierno-le-quito-trabas-a-la-exportacion-de-cueros-derogando-una-norma-que-beneficiaba-a-las-curtiembres","status":"publish","type":"post","link":"https:\/\/13.com.ar\/index.php\/el-gobierno-le-quito-trabas-a-la-exportacion-de-cueros-derogando-una-norma-que-beneficiaba-a-las-curtiembres\/","title":{"rendered":"El Gobierno le quit\u00f3 trabas a la exportaci\u00f3n de cueros derogando una norma que beneficiaba a las curtiembres"},"content":{"rendered":"<p> <br \/>\n<br \/><img decoding=\"async\" src=\"https:\/\/13.com.ar\/wp-content\/uploads\/2025\/06\/El-Gobierno-le-quito-trabas-a-la-exportacion-de-cueros.jpg\" \/><\/p>\n<div id=\"element-body-0\">\n<p>El Gobierno nacional public\u00f3 esta ma\u00f1ana en el Bolet\u00edn Oficial una nueva resoluci\u00f3n que elimina normas vigentes desde 1992 respecto de la exportaci\u00f3n de cueros bovinos. Se trata de la Resoluci\u00f3n 727\/2025, que seg\u00fan afirma en sus considerandos apunta a &#8220;<strong>fortalecer el impulso exportador <\/strong>potenciado por las medidas adoptadas por el Gobierno Nacional en materia de simplificaci\u00f3n, desburocratizaci\u00f3n, reducci\u00f3n de tr\u00e1mites, facilitaci\u00f3n del comercio, eliminaci\u00f3n de impuestos distorsivos, apertura de nuevos mercados y un mayor posicionamiento internacional&#8221;.<\/p>\n<\/div>\n<div id=\"element-body-1\">\n<p>La norma derogada es la Resoluci\u00f3n 537\/92, que adem\u00e1s de establecer una <strong>al\u00edcuota de derechos de exportaci\u00f3n del 15 por ciento<\/strong> fijaba una formula para el c\u00e1lculo de la base m\u00ednima imponible que consideraba el costo local de manufactura y fijaba el precio del cuero al mercado de Chicago. Aquella normativa, entre sus argumentos detallaba que <strong>el contexto internacional y local era de una escasez de cueros crudos.<\/strong><\/p>\n<\/div>\n<div id=\"element-body-2\">\n<p>&#8220;Esta escasez de materia prima es especialmente aguda en la Rep\u00fablica Argentina como consecuencia de la dram\u00e1tica disminuci\u00f3n de la faena bovina&#8221;, destacaba por entonces el Gobierno de Carlos Sa\u00fal Menem. El objetivo del Gobierno menemista era<strong> promover la manufactura local <\/strong>de los cueros antes de la exportaci\u00f3n.<\/p>\n<\/div>\n<div id=\"element-body-3\">\n<p>Ahora, con otro contexto local e internacional, hace rato que<strong> los frigor\u00edficos exportadores ven\u00edan reclamando<\/strong> que se revisara esa norma que obstaculizaba su negocio obligandolos a dejar la venta de un valioso subproducto en manos de las curtiembres. <\/p>\n<\/div>\n<div id=\"element-body-4\">\n<p>La al\u00edcuota del 15 por ciento de retenciones ya hab\u00eda sido eliminada el pasado 25 de enero, y hace pocas semanas se hab\u00eda modificado una reglamentaci\u00f3n que determinaba que todos los cueros exportados deb\u00edan ser aprobados por inspectores de la C\u00e1mara de la Industria Curtidora.<\/p>\n<\/div>\n<div id=\"element-body-5\">\n<p>Seg\u00fan la Resoluci\u00f3n publicada esta ma\u00f1ana, las exportaciones de cueros bovinos implican aproximadamente la suma de <strong>cuatrocientos millones de d\u00f3lares<\/strong>, y el objetivo es incrementar las ventas y posicionar los cueros argentinos en el mercado internacional.<\/p>\n<\/div>\n<div id=\"element-body-6\">\n<p>El Gobierno afirma que con la nueva medida, que permitir\u00e1 a los frigor\u00edficos la venta de cueros sin procesamiento, se establecen &#8220;<strong>condiciones igualitarias para la producci\u00f3n y exportaci\u00f3n de los cueros<\/strong> respecto del resto de los productos agroindustriales, procurando mejoras de la competitividad y fomentando un mayor proceso de internacionalizaci\u00f3n de los productos agroindustriales, con el objetivo de eliminar las restricciones al comercio y desregular aquellas actividades productivas que a\u00fan permanecen con limitaciones para su expansi\u00f3n y desarrollo&#8221;.<\/p>\n<\/div>\n<p><br \/>\n<br \/><a href=\"https:\/\/www.clarin.com\/rural\/gobierno-quito-trabas-exportacion-cueros-derogando-norma-beneficiaba-curtiembres_0_8BGLIPSZoV.html\">Fuente Clarin.com <\/a><\/p>\n","protected":false},"excerpt":{"rendered":"<p>El Gobierno nacional public\u00f3 esta ma\u00f1ana en el Bolet\u00edn Oficial una nueva resoluci\u00f3n que elimina normas vigentes desde 1992 respecto de la exportaci\u00f3n de cueros bovinos. Se trata de la Resoluci\u00f3n 727\/2025, que seg\u00fan afirma en sus considerandos apunta a &#8220;fortalecer el impulso exportador potenciado por las medidas adoptadas por el Gobierno Nacional en materia [&hellip;]<\/p>\n","protected":false},"author":1,"featured_media":30281,"comment_status":"open","ping_status":"open","sticky":false,"template":"","format":"standard","meta":{"footnotes":""},"categories":[2],"tags":[5526,1377,1376,20035,3674,71,48,3875,4083,6196,73],"class_list":["post-30280","post","type-post","status-publish","format-standard","has-post-thumbnail","hentry","category-ultimas-noticias","tag-beneficiaba","tag-cueros","tag-curtiembres","tag-derogando","tag-exportacion","tag-gobierno","tag-las","tag-norma","tag-quito","tag-trabas","tag-una"],"_links":{"self":[{"href":"https:\/\/13.com.ar\/index.php\/wp-json\/wp\/v2\/posts\/30280","targetHints":{"allow":["GET"]}}],"collection":[{"href":"https:\/\/13.com.ar\/index.php\/wp-json\/wp\/v2\/posts"}],"about":[{"href":"https:\/\/13.com.ar\/index.php\/wp-json\/wp\/v2\/types\/post"}],"author":[{"embeddable":true,"href":"https:\/\/13.com.ar\/index.php\/wp-json\/wp\/v2\/users\/1"}],"replies":[{"embeddable":true,"href":"https:\/\/13.com.ar\/index.php\/wp-json\/wp\/v2\/comments?post=30280"}],"version-history":[{"count":0,"href":"https:\/\/13.com.ar\/index.php\/wp-json\/wp\/v2\/posts\/30280\/revisions"}],"wp:featuredmedia":[{"embeddable":true,"href":"https:\/\/13.com.ar\/index.php\/wp-json\/wp\/v2\/media\/30281"}],"wp:attachment":[{"href":"https:\/\/13.com.ar\/index.php\/wp-json\/wp\/v2\/media?parent=30280"}],"wp:term":[{"taxonomy":"category","embeddable":true,"href":"https:\/\/13.com.ar\/index.php\/wp-json\/wp\/v2\/categories?post=30280"},{"taxonomy":"post_tag","embeddable":true,"href":"https:\/\/13.com.ar\/index.php\/wp-json\/wp\/v2\/tags?post=30280"}],"curies":[{"name":"wp","href":"https:\/\/api.w.org\/{rel}","templated":true}]}}