{"id":30278,"date":"2025-06-02T16:10:33","date_gmt":"2025-06-02T19:10:33","guid":{"rendered":"https:\/\/13.com.ar\/index.php\/los-pilotos-de-aerolineas-argentinas-anunciaron-un-paro-para-el-proximo-10-de-junio\/"},"modified":"2025-06-02T16:10:33","modified_gmt":"2025-06-02T19:10:33","slug":"los-pilotos-de-aerolineas-argentinas-anunciaron-un-paro-para-el-proximo-10-de-junio","status":"publish","type":"post","link":"https:\/\/13.com.ar\/index.php\/los-pilotos-de-aerolineas-argentinas-anunciaron-un-paro-para-el-proximo-10-de-junio\/","title":{"rendered":"Los pilotos de Aerol\u00edneas Argentinas anunciaron un paro para el pr\u00f3ximo 10 de junio"},"content":{"rendered":"<p> <br \/>\n<br \/><img decoding=\"async\" src=\"https:\/\/13.com.ar\/wp-content\/uploads\/2025\/06\/Los-pilotos-de-Aerolineas-Argentinas-anunciaron-un-paro-para-el.jpg\" \/><\/p>\n<div id=\"element-body-0\">\n<p>La Asociaci\u00f3n de Pilotos de L\u00edneas A\u00e9reas (APLA) anunci\u00f3 un <strong>paro de actividades <\/strong>para el pr\u00f3ximo<strong> 10 de junio<\/strong> entre las 18 horas y las 2 de la madrugada del d\u00eda siguiente y afectar\u00e1 las operaciones en los aeropuertos de <strong>Aeroparque Jorge Newbery y Ezeiza.<\/strong><\/p>\n<\/div>\n<div id=\"element-body-1\">\n<p>La medida de fuerza incluye solo a los pilotos de<strong> Aerol\u00edneas Argentinas.<\/strong><\/p>\n<\/div>\n<div id=\"element-body-2\">\n<p>El gremio comunic\u00f3 el paro a trav\u00e9s de un mensaje en redes sociales donde plantearon que el sector atraviesa &#8220;un contexto extremadamente cr\u00edtico en la industria aerocomercial en Argentina&#8221; y consideraron que se toman decisiones<strong> &#8220;con liviandad&#8221;<\/strong> que &#8220;no contemplan el impacto negativo de sus consecuencias&#8221;.<\/p>\n<\/div>\n<div id=\"element-body-3\">\n<p>En el caso particular de Aerol\u00edneas Argentinas, los pilotos consideraron que existen &#8220;inaceptables incumplimientos convencionales perpetrados por la empresa&#8221;, as\u00ed como un &#8220;prolongado <strong>retraso en la pauta salarial<\/strong>&#8220;. <\/p>\n<\/div>\n<div id=\"element-body-4\">\n<blockquote class=\"twitter-tweet\">\n<p lang=\"es\" dir=\"ltr\">\u203c\ufe0f \ud835\udde6\ud835\uddf2\ud835\uddf0\ud835\ude01\ud835\uddfc\ud835\uddff \ud835\uddd4\ud835\udde5\ud835\udde6\ud835\uddd4: \ud835\udde3\ud835\uddd4\ud835\udde5\ud835\udde2 \ud835\udde7\ud835\udde2\ud835\udde7\ud835\uddd4\ud835\udddf \ud835\uddd7\ud835\uddd8 \ud835\uddd4\ud835\uddd6\ud835\udde7\ud835\udddc\ud835\udde9\ud835\udddc\ud835\uddd7\ud835\uddd4\ud835\uddd7\ud835\uddd8\ud835\udde6 \u203c\ufe0f<\/p>\n<p>Estamos atravesando un contexto extremadamente cr\u00edtico en la industria aerocomercial en Argentina, en el cual las decisiones tomadas con liviandad no contemplan el impacto negativo de sus consecuencias.\u2026 <a rel=\"nofollow\" target=\"_blank\" href=\"https:\/\/t.co\/nJbYsqvbUq\">pic.twitter.com\/nJbYsqvbUq<\/a><\/p>\n<p>\u2014 APLA (@aplapilotos) <a rel=\"nofollow\" target=\"_blank\" href=\"https:\/\/twitter.com\/aplapilotos\/status\/1929606837449421233?ref_src=twsrc%5Etfw\">June 2, 2025<\/a><\/p><\/blockquote>\n<\/div>\n<div id=\"element-body-5\">\n<p>Tambi\u00e9n mencionaron como motivo del paro la &#8220;falta de un plan de desarrollo profesional&#8221; y &#8220;la<strong> ausencia de una estrategia<\/strong> clara y sostenible para el futuro de la compa\u00f1\u00eda&#8221;. <\/p>\n<\/div>\n<div id=\"element-body-6\">\n<p>Subrayaron tambi\u00e9n que existe una &#8220;continua modificaci\u00f3n unilateral de procesos y programaciones, y<strong> recurrentes fallas t\u00e9cnicas en los aviones<\/strong> que se sostienen en el tiempo, producto de la<strong> falta de inversi\u00f3n,<\/strong> que impactan negativamente en las condiciones operativas y laborales de las y los pilotos y en el servicio diario a los pasajeros&#8221;.<\/p>\n<\/div>\n<div id=\"element-body-7\">\n<p>\u201cEs un reclamo integral espec\u00edficamente de las l\u00edneas argentinas en el que <strong>la pauta salarial seguimos estando muy por debajo,<\/strong> no hay propuestas de mejora\u201d, sostuvo a la prensa <strong>Juan Pablo Mazzieri<\/strong>, vocero de APLA. <\/p>\n<\/div>\n<div id=\"element-body-8\">\n<p>Al mismo tiempo, Mazzieri plante\u00f3 que existe &#8220;una <strong>clara desinversi\u00f3n <\/strong>que se ve reflejada en fallas recurrentes en los aviones&#8221; y que est\u00e1 situaci\u00f3n requiere de los pilotos &#8220;un nivel de atenci\u00f3n particular o extraordinario&#8221; e &#8220;impacta en el servicio que se le da al pasajero&#8221;. <\/p>\n<\/div>\n<div id=\"element-body-9\">\n<p>Entre las fallas recurrentes, el sindicalista mencion\u00f3: asientos que no funcionan, sistema de entretenimiento que no andan, ba\u00f1os que est\u00e1n inoperativos en vuelos largos. <\/p>\n<\/div>\n<p><script async src=\"\/\/platform.twitter.com\/widgets.js\" charset=\"utf-8\"><\/script><br \/>\n<br \/><br \/>\n<br \/><a href=\"https:\/\/www.clarin.com\/economia\/pilotos-aerolineas-argentinas-anunciaron-paro-proximo-10-junio_0_vo3eB3Xw2z.html\">Fuente Clarin.com <\/a><\/p>\n","protected":false},"excerpt":{"rendered":"<p>La Asociaci\u00f3n de Pilotos de L\u00edneas A\u00e9reas (APLA) anunci\u00f3 un paro de actividades para el pr\u00f3ximo 10 de junio entre las 18 horas y las 2 de la madrugada del d\u00eda siguiente y afectar\u00e1 las operaciones en los aeropuertos de Aeroparque Jorge Newbery y Ezeiza. La medida de fuerza incluye solo a los pilotos de [&hellip;]<\/p>\n","protected":false},"author":1,"featured_media":30279,"comment_status":"open","ping_status":"open","sticky":false,"template":"","format":"standard","meta":{"footnotes":""},"categories":[2],"tags":[4557,7938,63,16525,28,16,8177,2691,3308],"class_list":["post-30278","post","type-post","status-publish","format-standard","has-post-thumbnail","hentry","category-ultimas-noticias","tag-aerolineas","tag-anunciaron","tag-argentinas","tag-junio","tag-los","tag-para","tag-paro","tag-pilotos","tag-proximo"],"_links":{"self":[{"href":"https:\/\/13.com.ar\/index.php\/wp-json\/wp\/v2\/posts\/30278","targetHints":{"allow":["GET"]}}],"collection":[{"href":"https:\/\/13.com.ar\/index.php\/wp-json\/wp\/v2\/posts"}],"about":[{"href":"https:\/\/13.com.ar\/index.php\/wp-json\/wp\/v2\/types\/post"}],"author":[{"embeddable":true,"href":"https:\/\/13.com.ar\/index.php\/wp-json\/wp\/v2\/users\/1"}],"replies":[{"embeddable":true,"href":"https:\/\/13.com.ar\/index.php\/wp-json\/wp\/v2\/comments?post=30278"}],"version-history":[{"count":0,"href":"https:\/\/13.com.ar\/index.php\/wp-json\/wp\/v2\/posts\/30278\/revisions"}],"wp:featuredmedia":[{"embeddable":true,"href":"https:\/\/13.com.ar\/index.php\/wp-json\/wp\/v2\/media\/30279"}],"wp:attachment":[{"href":"https:\/\/13.com.ar\/index.php\/wp-json\/wp\/v2\/media?parent=30278"}],"wp:term":[{"taxonomy":"category","embeddable":true,"href":"https:\/\/13.com.ar\/index.php\/wp-json\/wp\/v2\/categories?post=30278"},{"taxonomy":"post_tag","embeddable":true,"href":"https:\/\/13.com.ar\/index.php\/wp-json\/wp\/v2\/tags?post=30278"}],"curies":[{"name":"wp","href":"https:\/\/api.w.org\/{rel}","templated":true}]}}