{"id":30276,"date":"2025-06-02T15:49:28","date_gmt":"2025-06-02T18:49:28","guid":{"rendered":"https:\/\/13.com.ar\/index.php\/tiene-14-anos-un-master-en-fisica-cuantica-y-estudia-como-alargar-la-vida\/"},"modified":"2025-06-02T15:49:28","modified_gmt":"2025-06-02T18:49:28","slug":"tiene-14-anos-un-master-en-fisica-cuantica-y-estudia-como-alargar-la-vida","status":"publish","type":"post","link":"https:\/\/13.com.ar\/index.php\/tiene-14-anos-un-master-en-fisica-cuantica-y-estudia-como-alargar-la-vida\/","title":{"rendered":"Tiene 14 a\u00f1os, un m\u00e1ster en f\u00edsica cu\u00e1ntica y estudia c\u00f3mo alargar la vida"},"content":{"rendered":"<p> <br \/>\n<br \/><img decoding=\"async\" src=\"https:\/\/13.com.ar\/wp-content\/uploads\/2025\/06\/Tiene-14-anos-un-master-en-fisica-cuantica-y-estudia.jpg\" \/><\/p>\n<div id=\"element-body-0\">\n<p>A sus 14 a\u00f1os, Laurent Simons no solo termin\u00f3 un m\u00e1ster en f\u00edsica cu\u00e1ntica, sino que ya est\u00e1 cursando un doctorado y colaborando con centros de investigaci\u00f3n de cinco pa\u00edses. Sin embargo, lo que verdaderamente llama la atenci\u00f3n de su historia no es su rapidez intelectual,<strong> sino la claridad de su prop\u00f3sito vital: \u201cMe interesa que otros vivan mejor y m\u00e1s tiempo\u201d.<\/strong><\/p>\n<\/div>\n<div id=\"element-body-1\">\n<p>Nacido en 2010 en Ostende, B\u00e9lgica, Laurent comenz\u00f3 a hablar antes de lo esperado y a los cuatro a\u00f1os ya estaba en primaria. Desde entonces, su recorrido educativo fue vertiginoso. En apenas una d\u00e9cada complet\u00f3 todas las etapas escolares, una carrera universitaria y una maestr\u00eda. Su principal motor: evitar que las personas mueran por \u00f3rganos defectuosos.<\/p>\n<\/div>\n<div id=\"element-body-3\">\n<p>\u201cQuiero construir \u00f3rganos artificiales. Si un \u00f3rgano falla, \u00bfpor qu\u00e9 no reemplazarlo como se cambia una bater\u00eda?\u201d, ha explicado el joven.<\/p>\n<\/div>\n<div id=\"element-body-6\">\n<p>Ver a sus abuelos sufrir por problemas card\u00edacos le dej\u00f3 una profunda huella. Desde entonces, la ingenier\u00eda biom\u00e9dica se convirti\u00f3 en su obsesi\u00f3n, m\u00e1s all\u00e1 de r\u00e9cords, fama o titulares. Aunque su historia ha sido seguida de cerca por medios internacionales, a \u00e9l le incomoda la notoriedad.<\/p>\n<\/div>\n<div id=\"element-body-7\">\n<p>\u201cNo me interesa vivir para siempre. Me interesa que otros vivan mejor y m\u00e1s tiempo. Eso es lo que me importa\u201d, asegur\u00f3 en una reciente entrevista.<\/p>\n<\/div>\n<div id=\"element-body-10\">\n<p>Con tan solo ocho a\u00f1os ingres\u00f3 en la Universidad T\u00e9cnica de Eindhoven para estudiar Ingenier\u00eda El\u00e9ctrica. Sin embargo, al no aceptar la instituci\u00f3n acelerar su titulaci\u00f3n, su familia opt\u00f3 por retirarlo. Poco despu\u00e9s, la Universidad de Amberes le ofreci\u00f3 una nueva oportunidad. All\u00ed, termin\u00f3 la carrera de F\u00edsica en nueve meses con honores.<\/p>\n<\/div>\n<div id=\"element-body-11\">\n<p>A los 12 a\u00f1os ya hab\u00eda finalizado su m\u00e1ster en f\u00edsica cu\u00e1ntica y actualmente colabora con el Instituto Max Planck de \u00d3ptica Cu\u00e1ntica, entre otros centros.<\/p>\n<\/div>\n<div id=\"element-body-13\">\n<p><strong>A pesar de su precoz brillantez, Laurent insiste en mantener su faceta adolescente: <\/strong>juega videojuegos, ve Netflix y se toma tiempo para disfrutar, como cualquier joven de su edad. Sus padres, Alexander y Lydia, fueron sus mayores apoyos y cr\u00edticos, enfrentando las dudas sobre si su desarrollo fue demasiado r\u00e1pido.<\/p>\n<\/div>\n<div id=\"element-body-15\">\n<p><strong>\u201cEsto no se trata de presi\u00f3n, sino de darle herramientas para hacer lo que ama\u201d,<\/strong> afirman. Adem\u00e1s de investigar, Laurent comenz\u00f3 a visitar escuelas para hablar con otros ni\u00f1os superdotados, compartiendo no solo sus logros, sino tambi\u00e9n sus errores, dudas y momentos de soledad.<\/p>\n<\/div>\n<div id=\"element-body-17\">\n<p><strong>Su gran objetivo es lograr que ning\u00fan ser humano muera por culpa de un coraz\u00f3n, pulm\u00f3n o ri\u00f1\u00f3n da\u00f1ado<\/strong>. Quiere transformar el sufrimiento en esperanza, utilizando la ciencia como herramienta para el cambio. \u201cCada vez que conecto ideas de distintas \u00e1reas, es como armar un rompecabezas gigante. Eso me emociona m\u00e1s que un premio\u201d, confiesa.<\/p>\n<\/div>\n<div id=\"element-body-18\">\n<p>Lejos de querer ser recordado como un \u201cni\u00f1o prodigio\u201d, Laurent Simons est\u00e1 construyendo una carrera cient\u00edfica con impacto real en la vida de las personas. Y lo est\u00e1 haciendo con una madurez y una sensibilidad que, en muchos sentidos, van m\u00e1s all\u00e1 de su edad.<\/p>\n<\/div>\n<p><br \/>\n<br \/><a href=\"https:\/\/www.clarin.com\/internacional\/14-anos-master-fisica-cuantica-estudia-alargar-vida_0_tSUX0VO0A9.html\">Fuente Clarin.com <\/a><\/p>\n","protected":false},"excerpt":{"rendered":"<p>A sus 14 a\u00f1os, Laurent Simons no solo termin\u00f3 un m\u00e1ster en f\u00edsica cu\u00e1ntica, sino que ya est\u00e1 cursando un doctorado y colaborando con centros de investigaci\u00f3n de cinco pa\u00edses. Sin embargo, lo que verdaderamente llama la atenci\u00f3n de su historia no es su rapidez intelectual, sino la claridad de su prop\u00f3sito vital: \u201cMe interesa [&hellip;]<\/p>\n","protected":false},"author":1,"featured_media":30277,"comment_status":"open","ping_status":"open","sticky":false,"template":"","format":"standard","meta":{"footnotes":""},"categories":[2],"tags":[8527,636,66,12091,17721,6598,20034,1486,113],"class_list":["post-30276","post","type-post","status-publish","format-standard","has-post-thumbnail","hentry","category-ultimas-noticias","tag-alargar","tag-anos","tag-como","tag-cuantica","tag-estudia","tag-fisica","tag-master","tag-tiene","tag-vida"],"_links":{"self":[{"href":"https:\/\/13.com.ar\/index.php\/wp-json\/wp\/v2\/posts\/30276","targetHints":{"allow":["GET"]}}],"collection":[{"href":"https:\/\/13.com.ar\/index.php\/wp-json\/wp\/v2\/posts"}],"about":[{"href":"https:\/\/13.com.ar\/index.php\/wp-json\/wp\/v2\/types\/post"}],"author":[{"embeddable":true,"href":"https:\/\/13.com.ar\/index.php\/wp-json\/wp\/v2\/users\/1"}],"replies":[{"embeddable":true,"href":"https:\/\/13.com.ar\/index.php\/wp-json\/wp\/v2\/comments?post=30276"}],"version-history":[{"count":0,"href":"https:\/\/13.com.ar\/index.php\/wp-json\/wp\/v2\/posts\/30276\/revisions"}],"wp:featuredmedia":[{"embeddable":true,"href":"https:\/\/13.com.ar\/index.php\/wp-json\/wp\/v2\/media\/30277"}],"wp:attachment":[{"href":"https:\/\/13.com.ar\/index.php\/wp-json\/wp\/v2\/media?parent=30276"}],"wp:term":[{"taxonomy":"category","embeddable":true,"href":"https:\/\/13.com.ar\/index.php\/wp-json\/wp\/v2\/categories?post=30276"},{"taxonomy":"post_tag","embeddable":true,"href":"https:\/\/13.com.ar\/index.php\/wp-json\/wp\/v2\/tags?post=30276"}],"curies":[{"name":"wp","href":"https:\/\/api.w.org\/{rel}","templated":true}]}}