{"id":30274,"date":"2025-06-02T15:46:33","date_gmt":"2025-06-02T18:46:33","guid":{"rendered":"https:\/\/13.com.ar\/index.php\/mauricio-macri-volvio-a-hablar-con-javier-milei-para-llegar-a-un-acuerdo-electoral-razonable-en-la-provincia\/"},"modified":"2025-06-02T15:46:33","modified_gmt":"2025-06-02T18:46:33","slug":"mauricio-macri-volvio-a-hablar-con-javier-milei-para-llegar-a-un-acuerdo-electoral-razonable-en-la-provincia","status":"publish","type":"post","link":"https:\/\/13.com.ar\/index.php\/mauricio-macri-volvio-a-hablar-con-javier-milei-para-llegar-a-un-acuerdo-electoral-razonable-en-la-provincia\/","title":{"rendered":"Mauricio Macri volvi\u00f3 a hablar con Javier Milei para llegar a un acuerdo electoral \u201crazonable\u201d en la Provincia"},"content":{"rendered":"<p> <br \/>\n<br \/><img decoding=\"async\" src=\"https:\/\/13.com.ar\/wp-content\/uploads\/2025\/06\/Mauricio-Macri-volvio-a-hablar-con-Javier-Milei-para-llegar.jpg\" \/><\/p>\n<div id=\"element-body-0\">\n<p>El ex presidente <strong>Mauricio Macri <\/strong>confirm\u00f3 este lunes que vo<strong>lvi\u00f3 a hablar con Javier Milei<\/strong> para buscar un <strong>acuerdo electoral \u201crazonable\u201d<\/strong> entre el PRO y La Libertad Avanza (LLA), con el objetivo de enfrentar al gobernador Axel Kicillof y el kirchnerismo en la provincia de Buenos Aires en las elecciones de este a\u00f1o.<\/p>\n<\/div>\n<div id=\"element-body-1\">\n<p>\u201cHemos vuelto a hablar en estos d\u00edas y <strong>la prioridad del PRO va a ser ayudar a que a este gobierno tenga \u00e9xito<\/strong>\u201d, prometi\u00f3 durante su exposici\u00f3n en el evento &#8220;Energ\u00eda Chubut 2050: Tierra de Futuro&#8221;, que se realiz\u00f3 en el Hotel Four Seasons.<\/p>\n<\/div>\n<div id=\"element-body-2\">\n<p>El ex mandatario revel\u00f3 que el titular del PRO de la provincia de Buenos Aires y jefe del bloque de Diputados del partido, <strong>Cristian Ritondo<\/strong>, tiene instrucci\u00f3n de llegar a un \u201cun acuerdo razonable\u201d con LLA para la elecci\u00f3n bonaerense.<\/p>\n<\/div>\n<div id=\"element-body-3\">\n<p>\u201cEn esa l\u00ednea estamos trabajando, pero hay que tener paciencia. El cambio es algo que estamos conquistando, que no va a alcanzar este gobierno, ni el que viene. Requiere de varios gobiernos consecutivos\u201d, remarc\u00f3.<\/p>\n<\/div>\n<div id=\"element-body-4\">\n<p>Durante su exposici\u00f3n, Macri valor\u00f3: &#8220;Si hay algo importante que hizo el PRO es <strong>el apoyo in\u00e9dito de un partido a otro que gobierna<\/strong>, para salir de la hiperinflaci\u00f3n criminal a la que nos hab\u00edan condenado Cristina Kirchner, Alberto Fern\u00e1ndez y Sergio Massa&#8221;.<\/p>\n<\/div>\n<div id=\"element-body-5\">\n<p>Asimismo, el ex jefe de Estado reconoci\u00f3 que LLA tiene &#8220;m\u00e9todos&#8221; y &#8220;prioridades institucionales&#8221; distintas a las del PRO, pero a\u00fan as\u00ed instruy\u00f3 al diputado y jefe de bloque Ritondo a &#8220;interpretar la demanda de los votantes de ayudar al Gobierno y terminar con la destrucci\u00f3n&#8221; de la provincia de Buenos Aires.<\/p>\n<\/div>\n<div id=\"element-body-6\">\n<p>En relaci\u00f3n a lo electoral, Macri concluy\u00f3: &#8220;<strong>Vamos a poner nuestra cuotita de esfuerzo y aporte para que este gobierno tenga resultados positivos<\/strong>&#8220;.<\/p>\n<\/div>\n<div id=\"element-body-7\">\n<p>La de este lunes fue la primera aparici\u00f3n del ex presidente despu\u00e9s de que el pasado 18 de mayo el PRO perdiera en las elecciones a legisladores de la Ciudad de Buenos Aires contra LLA e incluso contra el peronismo, por primera vez en 20 a\u00f1os en un territorio que gobierna.<\/p>\n<\/div>\n<div id=\"element-body-8\">\n<p>Macri fue la figura central del evento que encabez\u00f3 el gobernador de Chubut, <strong>Ignacio Torres<\/strong>, a quien elogi\u00f3 por la transformaci\u00f3n que est\u00e1 encabezando en su provincia. Chubut quiere mostrarle al mundo que &#8220;tiene lo que se necesita&#8221;, petr\u00f3leo, gas, energ\u00edas renovables, miner\u00eda de uranio y plata, y posibilidades de instalaci\u00f3n de hidr\u00f3geno verde y data centers para la inteligencia artificial.<\/p>\n<\/div>\n<div id=\"element-body-9\">\n<p>El ex presidente postul\u00f3 all\u00ed que &#8220;<strong>la Argentina va a crecer si hay inversiones m\u00e1s altas de las que tenemos hoy, hace falta estimular al sector privado<\/strong>&#8220;. Para ello, dijo que Torres &#8220;deber\u00eda hacer meses de productividad, como las que nosotros hicimos en Naci\u00f3n durante nuestro gobierno con el tema Vaca Muerta&#8221;.<\/p>\n<\/div>\n<div id=\"element-body-10\">\n<p>&#8220;Se necesita mucha infraestructura y coordinaci\u00f3n del Estado para hacer rutas, trenes. Sin caminos, puertos, aeropuertos y conectividad wifi no hay desarrollo. Es fundamental que ni un d\u00f3lar de las regal\u00edas vaya a gasto corriente, tiene que ir a infraestructura&#8221;, avis\u00f3 Macri.<\/p>\n<\/div>\n<div id=\"element-body-11\">\n<p>El tema de la infraestructura es transversal a todos los sectores y el encuentro de Chubut sirvi\u00f3 tambi\u00e9n para que Torres le recordara el planteo de provincializar la gesti\u00f3n de rutas como la 3 (nacional) al jefe de Gabinete, Guillermo Francos.<\/p>\n<\/div>\n<p><br \/>\n<br \/><a href=\"https:\/\/www.clarin.com\/politica\/mauricio-macri-volvio-hablar-javier-milei-llegar-acuerdo-electoral-razonable-provincia_0_1pIQPhRlXE.html\">Fuente Clarin.com <\/a><\/p>\n","protected":false},"excerpt":{"rendered":"<p>El ex presidente Mauricio Macri confirm\u00f3 este lunes que volvi\u00f3 a hablar con Javier Milei para buscar un acuerdo electoral \u201crazonable\u201d entre el PRO y La Libertad Avanza (LLA), con el objetivo de enfrentar al gobernador Axel Kicillof y el kirchnerismo en la provincia de Buenos Aires en las elecciones de este a\u00f1o. \u201cHemos vuelto [&hellip;]<\/p>\n","protected":false},"author":1,"featured_media":30275,"comment_status":"open","ping_status":"open","sticky":false,"template":"","format":"standard","meta":{"footnotes":""},"categories":[2],"tags":[267,18,5073,76,273,1304,1109,1253,77,16,490,14520,504],"class_list":["post-30274","post","type-post","status-publish","format-standard","has-post-thumbnail","hentry","category-ultimas-noticias","tag-acuerdo","tag-con","tag-electoral","tag-hablar","tag-javier","tag-llegar","tag-macri","tag-mauricio","tag-milei","tag-para","tag-provincia","tag-razonable","tag-volvio"],"_links":{"self":[{"href":"https:\/\/13.com.ar\/index.php\/wp-json\/wp\/v2\/posts\/30274","targetHints":{"allow":["GET"]}}],"collection":[{"href":"https:\/\/13.com.ar\/index.php\/wp-json\/wp\/v2\/posts"}],"about":[{"href":"https:\/\/13.com.ar\/index.php\/wp-json\/wp\/v2\/types\/post"}],"author":[{"embeddable":true,"href":"https:\/\/13.com.ar\/index.php\/wp-json\/wp\/v2\/users\/1"}],"replies":[{"embeddable":true,"href":"https:\/\/13.com.ar\/index.php\/wp-json\/wp\/v2\/comments?post=30274"}],"version-history":[{"count":0,"href":"https:\/\/13.com.ar\/index.php\/wp-json\/wp\/v2\/posts\/30274\/revisions"}],"wp:featuredmedia":[{"embeddable":true,"href":"https:\/\/13.com.ar\/index.php\/wp-json\/wp\/v2\/media\/30275"}],"wp:attachment":[{"href":"https:\/\/13.com.ar\/index.php\/wp-json\/wp\/v2\/media?parent=30274"}],"wp:term":[{"taxonomy":"category","embeddable":true,"href":"https:\/\/13.com.ar\/index.php\/wp-json\/wp\/v2\/categories?post=30274"},{"taxonomy":"post_tag","embeddable":true,"href":"https:\/\/13.com.ar\/index.php\/wp-json\/wp\/v2\/tags?post=30274"}],"curies":[{"name":"wp","href":"https:\/\/api.w.org\/{rel}","templated":true}]}}