{"id":30267,"date":"2025-06-02T15:28:29","date_gmt":"2025-06-02T18:28:29","guid":{"rendered":"https:\/\/13.com.ar\/index.php\/donde-y-a-partir-de-cuando-comprar-las-entradas\/"},"modified":"2025-06-02T15:28:29","modified_gmt":"2025-06-02T18:28:29","slug":"donde-y-a-partir-de-cuando-comprar-las-entradas","status":"publish","type":"post","link":"https:\/\/13.com.ar\/index.php\/donde-y-a-partir-de-cuando-comprar-las-entradas\/","title":{"rendered":"d\u00f3nde y a partir de cu\u00e1ndo comprar las entradas"},"content":{"rendered":"<p> <br \/>\n<br \/><img decoding=\"async\" src=\"https:\/\/13.com.ar\/wp-content\/uploads\/2025\/06\/donde-y-a-partir-de-cuando-comprar-las-entradas.jpg\" \/><\/p>\n<div id=\"element-body-0\">\n<p>Despu\u00e9s de anunciar conciertos en Montevideo, M\u00e9xico y Espa\u00f1a, la noticia es que <strong>Babas\u00f3nicos <\/strong>vuelve a Buenos Aires para presentarse <strong>en el estadio de Ferro, el 6 de diciembre<\/strong>.<\/p>\n<\/div>\n<div id=\"element-body-1\">\n<p>La preventa de entradas comenzar\u00e1 este mi\u00e9rcoles 4 de junio a las 10 AM, mientras que la venta general se har\u00e1 oficial el jueves a la misma hora. Hay 6 cuotas sin inter\u00e9s con tarjeta Visa del Banco Galicia y las entradas estar\u00e1n disponibles en EnigmaTickets.com en ambas instancias de venta.<\/p>\n<\/div>\n<div id=\"element-body-2\">\n<p>Desde la semana pasada se ven unos afiches en distintos barrios porte\u00f1os con la frase &#8220;No le tengan miedo, esto es solo una fiesta popular&#8221;, en letras blancas y fondo negro.<\/p>\n<\/div>\n<div id=\"element-body-3\">\n<p>De a poco aparecieron las acciones en redes sociales pregunt\u00e1ndose de qu\u00e9 se trataba la cosa. La idea pertenece a un extracto de una canci\u00f3n de la ic\u00f3nica banda, m\u00e1s precisamente de la canci\u00f3n <em>Fiesta popular <\/em>(2011).<\/p>\n<\/div>\n<div id=\"element-body-6\">\n<p>Con todas las especulaciones sobre la mesa se fue encontrando el ritmo de la repercusi\u00f3n necesaria y los usuarios de X sostuvieron teor\u00edas absolutamente posibles que apuntaban a un nuevo disco. Error. <strong>Era la confirmaci\u00f3n de la fecha futbolera de fin de a\u00f1o<\/strong>.<\/p>\n<\/div>\n<div id=\"element-body-7\">\n<p>Se escribi\u00f3 que Babas\u00f3nicos ha demostrado que su vigencia tiene una respuesta, y es que a su ya prol\u00edfera y gran carrera, se le suma &#8220;optar por innovar y seguir creciendo para ser a\u00fan m\u00e1s ricos musicalmente&#8221;.<\/p>\n<\/div>\n<div id=\"element-body-8\">\n<p>A\u00f1o tras a\u00f1o, Babas\u00f3nicos contin\u00faa renovando su compromiso en base a un estilo que se volvi\u00f3 caracter\u00edstico a partir del \u00e1lbum <em>Jessico<\/em>. Sus puestas en escena, el garbo tan Federico Moura de Adri\u00e1n D\u00e1rgelos y el crecimiento constante de p\u00fablico trasformaron a la banda en un cl\u00e1sico.<\/p>\n<\/div>\n<p><br \/>\n<br \/><a href=\"https:\/\/www.clarin.com\/espectaculos\/babasonicos-toca-estadio-ferro-partir-comprar-entradas_0_4vYpXcuHkP.html\">Fuente Clarin.com <\/a><\/p>\n","protected":false},"excerpt":{"rendered":"<p>Despu\u00e9s de anunciar conciertos en Montevideo, M\u00e9xico y Espa\u00f1a, la noticia es que Babas\u00f3nicos vuelve a Buenos Aires para presentarse en el estadio de Ferro, el 6 de diciembre. La preventa de entradas comenzar\u00e1 este mi\u00e9rcoles 4 de junio a las 10 AM, mientras que la venta general se har\u00e1 oficial el jueves a la [&hellip;]<\/p>\n","protected":false},"author":1,"featured_media":30268,"comment_status":"open","ping_status":"open","sticky":false,"template":"","format":"standard","meta":{"footnotes":""},"categories":[2],"tags":[744,677,743,745,48,4768],"class_list":["post-30267","post","type-post","status-publish","format-standard","has-post-thumbnail","hentry","category-ultimas-noticias","tag-comprar","tag-cuando","tag-donde","tag-entradas","tag-las","tag-partir"],"_links":{"self":[{"href":"https:\/\/13.com.ar\/index.php\/wp-json\/wp\/v2\/posts\/30267","targetHints":{"allow":["GET"]}}],"collection":[{"href":"https:\/\/13.com.ar\/index.php\/wp-json\/wp\/v2\/posts"}],"about":[{"href":"https:\/\/13.com.ar\/index.php\/wp-json\/wp\/v2\/types\/post"}],"author":[{"embeddable":true,"href":"https:\/\/13.com.ar\/index.php\/wp-json\/wp\/v2\/users\/1"}],"replies":[{"embeddable":true,"href":"https:\/\/13.com.ar\/index.php\/wp-json\/wp\/v2\/comments?post=30267"}],"version-history":[{"count":0,"href":"https:\/\/13.com.ar\/index.php\/wp-json\/wp\/v2\/posts\/30267\/revisions"}],"wp:featuredmedia":[{"embeddable":true,"href":"https:\/\/13.com.ar\/index.php\/wp-json\/wp\/v2\/media\/30268"}],"wp:attachment":[{"href":"https:\/\/13.com.ar\/index.php\/wp-json\/wp\/v2\/media?parent=30267"}],"wp:term":[{"taxonomy":"category","embeddable":true,"href":"https:\/\/13.com.ar\/index.php\/wp-json\/wp\/v2\/categories?post=30267"},{"taxonomy":"post_tag","embeddable":true,"href":"https:\/\/13.com.ar\/index.php\/wp-json\/wp\/v2\/tags?post=30267"}],"curies":[{"name":"wp","href":"https:\/\/api.w.org\/{rel}","templated":true}]}}