{"id":30262,"date":"2025-06-02T15:16:32","date_gmt":"2025-06-02T18:16:32","guid":{"rendered":"https:\/\/13.com.ar\/index.php\/mientras-la-justicia-analiza-su-condena-piden-que-lazaro-baez-vuelva-a-la-carcel\/"},"modified":"2025-06-02T15:16:32","modified_gmt":"2025-06-02T18:16:32","slug":"mientras-la-justicia-analiza-su-condena-piden-que-lazaro-baez-vuelva-a-la-carcel","status":"publish","type":"post","link":"https:\/\/13.com.ar\/index.php\/mientras-la-justicia-analiza-su-condena-piden-que-lazaro-baez-vuelva-a-la-carcel\/","title":{"rendered":"Mientras la justicia analiza su condena, piden que L\u00e1zaro B\u00e1ez vuelva a la c\u00e1rcel"},"content":{"rendered":"<p> <br \/>\n<br \/><img decoding=\"async\" src=\"https:\/\/13.com.ar\/wp-content\/uploads\/2025\/05\/Anularon-un-fallo-que-habia-absuelto-a-Lazaro-Baez-por.jpg\" \/><\/p>\n<div id=\"cuerpo\">\n<div class=\"sc-45461e9c-0 eqiBeF container-text text-embed \" id=\"element-body-0\">\n<p>Despu\u00e9s de que cinco de los condenados en la Ruta del Dinero K se entregaron en Comodoro Py, resta definir <strong>qu\u00e9 ocurrir\u00e1 con L\u00e1zaro B\u00e1ez,<\/strong> bajo arresto domiciliario desde 2020 despu\u00e9s haber dejado el penal de Ezeiza, donde hab\u00eda ingresado en abril de 2016. La ex diputada nacional <strong>Mariana Zuvic<\/strong> pidi\u00f3 <strong>que se le quite el beneficio del arresto domiciliario.<\/strong><\/p>\n<\/div>\n<div class=\"sc-45461e9c-0 eqiBeF container-text text-embed \" id=\"element-body-1\">\n<p>El viernes pasado, el juez N\u00e9stor Costabel -presidente del Tribunal Oral Federal 4 (TOF 4) que llev\u00f3 adelante el juicio de la Ruta del Dinero K- fij\u00f3 el cumplimiento de la pena para seis de los acusados.<\/p>\n<\/div>\n<div class=\"sc-45461e9c-0 eqiBeF container-text text-embed \" id=\"element-body-2\">\n<p>Respecto a L\u00e1zaro B\u00e1ez, el principal acusado en este expediente, se pidi\u00f3 que desde la Secretar\u00eda de C\u00f3mputos<strong> se informe el tiempo de detenci\u00f3n cumplido<\/strong> por el ex socio comercial de Cristina Kirchner, para despu\u00e9s resolver c\u00f3mo se har\u00e1 efectiva la condena que pesa sobre \u00e9l.<\/p>\n<\/div>\n<div class=\"sc-45461e9c-0 eqiBeF container-text text-embed \" id=\"element-body-3\">\n<p>Este criterio aplica tambi\u00e9n al contador<strong> Daniel P\u00e9rez Gad\u00edn<\/strong>, al abogado <strong>Jorge Chueco<\/strong>, y al mayor de los hijos varones del empresario, <strong>Mart\u00edn B\u00e1ez<\/strong>, quienes \u201chan transitado la totalidad o parte del proceso en prisi\u00f3n preventiva\u201d.<\/p>\n<\/div>\n<div class=\"sc-45461e9c-0 eqiBeF container-text text-embed \" id=\"element-body-4\">\n<p>Desde el 2020, L\u00e1zaro B\u00e1ez se encuentra cumpliendo arresto domiciliario. Y hace dos a\u00f1os <strong>fue trasladado a la localidad de El Calafate, donde contin\u00faa con la morigeraci\u00f3n de la prisi\u00f3n preventiva.<\/strong><\/p>\n<\/div>\n<div class=\"sc-45461e9c-0 eqiBeF container-text text-embed \" id=\"element-body-5\">\n<p>Para la justicia, el ex socio comercial de Cristina fue el eslab\u00f3n esencial e indiscutible de una estructura que entre 2010 y 2013 lav\u00f3 55 millones de d\u00f3lares. Para esas operaciones utilizaron a Austral Construcciones, la firma insignia que en simult\u00e1neo recib\u00eda obra p\u00fablica vial, y tej\u00eda diversos negocios inmobiliarios con los Kirchner.<\/p>\n<\/div>\n<div class=\"sc-45461e9c-0 eqiBeF container-text text-embed \" id=\"element-body-6\">\n<p>En una de las 1.412 propiedades adquiridas, radicada en El Calafate y <strong>con vista al Lago Argentino<\/strong>, B\u00e1ez cumple con el arresto domiciliario que es, adem\u00e1s, <strong>monitoreado con una tobillera electr\u00f3nica que seg\u00fan el diario Opi Santa Cruz le cambiaron la semana pasada.<\/strong><\/p>\n<\/div>\n<div class=\"sc-45461e9c-0 eqiBeF container-text text-embed \" id=\"element-body-7\">\n<p>La dirigente del ARI-CC y denunciante en la Ruta del Dinero K, Mariana Zuvic, pidi\u00f3 al TOF 4 que se revise el beneficio del arresto domiciliario de L\u00e1zaro.<\/p>\n<\/div>\n<div class=\"sc-45461e9c-0 eqiBeF container-text text-embed \" id=\"element-body-8\">\n<p>En el escrito al que accedi\u00f3 <strong>Clar\u00edn,<\/strong> Zuvic manifest\u00f3 su &#8220;profunda preocupaci\u00f3n por la autorizaci\u00f3n de traslado conferida por el Tribunal Oral Federal N 4, en favor de L\u00e1zaro B\u00e1ez para cumplir prisi\u00f3n domiciliaria en Santa Cruz, nada m\u00e1s ni nada menos, <strong>centro de poder del condenado<\/strong>&#8220;.<\/p>\n<\/div>\n<div class=\"sc-45461e9c-0 eqiBeF container-text text-embed \" id=\"element-body-9\">\n<p>A lo largo de la presentaci\u00f3n, la ex diputada nacional se\u00f1alo que el traslado al sur le permiti\u00f3 a B\u00e1ez<strong> &#8220;tomar en sus manos la recuperaci\u00f3n de activos mal habidos y que todav\u00eda est\u00e1n dentro de su patrimonio<\/strong>\u201d.<\/p>\n<\/div>\n<div class=\"sc-45461e9c-0 eqiBeF container-text text-embed \" id=\"element-body-10\">\n<p>Es imprescindible, continu\u00f3 relatando, \u201ctener presente que L\u00e1zaro B\u00e1ez es un delincuente condenado a 10 a\u00f1os de prisi\u00f3n por lavado de dinero. Que <strong>su deuda con la sociedad queda a\u00fan pendiente ya que suma otras condenas y pesan sobre \u00e9l<\/strong>, juicios sin concluir a\u00fan\u201d.<\/p>\n<\/div>\n<div class=\"sc-45461e9c-0 eqiBeF container-text text-embed \" id=\"element-body-11\">\n<p>Entre los que s\u00ed concluyeron se pueden citar dos: La sentencia reca\u00edda en la denominada causa <strong>Vialidad<\/strong>, por la que B\u00e1ez recibi\u00f3 una condena <strong>a 6 a\u00f1os de prisi\u00f3n<\/strong> como part\u00edcipe necesario del delito de administraci\u00f3n fraudulenta en perjuicio del Estado\u201d.<\/p>\n<\/div>\n<div class=\"sc-45461e9c-0 eqiBeF container-text text-embed \" id=\"element-body-12\">\n<p>Seg\u00fan la rese\u00f1a de fundamentos que difundi\u00f3 el Tribunal Oral Federal 2, \u201cB\u00e1ez  recibi\u00f3 contratos de obras p\u00fablicas viales de manera sistem\u00e1tica entre 2003 y 2015. La evidencia ha demostrado que durante ese per\u00edodo las obras viales licitadas en esa provincia fueron sistem\u00e1ticamente adjudicadas a un grupo de empresas vinculadas al imputado L\u00e1zaro Antonio B\u00e1ez, grupo cuya conformaci\u00f3n y crecimiento econ\u00f3mico exponencial se vio directamente asociado con la asignaci\u00f3n de obra p\u00fablica vial en el \u00e1mbito de esa jurisdicci\u00f3n\u201d.<\/p>\n<\/div>\n<div class=\"sc-45461e9c-0 eqiBeF container-text text-embed \" id=\"element-body-13\">\n<p>Para los jueces del tribunal existieron \u201cv\u00ednculos promiscuos y corruptos entre funcionarios de la administraci\u00f3n p\u00fablica (nacional y provincial) y las empresas contratistas del Estado pertenecientes al mencionado grupo empresarial\u201d.<\/p>\n<\/div>\n<div class=\"sc-45461e9c-0 eqiBeF container-text text-embed \" id=\"element-body-14\">\n<p>La tercera condena de B\u00e1ez, <strong>a 3 a\u00f1os y 10 meses de prisi\u00f3n<\/strong>, proviene del Tribunal en lo Penal Econ\u00f3mico 3, por haberse <strong>apropiado ilegalmente de aportes jubilatorios<\/strong> de su firma Austral Construcciones y de otras compa\u00f1\u00edas del emporio que el santacruce\u00f1o \u201cmont\u00f3 al amparo del poder de los Kirchner. Esta causa fue iniciada en 2016 y abarc\u00f3 a siete empresas del emporio patag\u00f3nico, como Alternativa SA, Austral Agro, Austral Construcciones, Diagonal Sur Comunicaciones, Kank y Costilla, Loscalzo y Del Curto Construcciones y Sucesi\u00f3n Adelmo Biancalani\u201d.<\/p>\n<\/div>\n<div class=\"sc-45461e9c-0 eqiBeF container-text text-embed \" id=\"element-body-15\">\n<p>Como qued\u00f3 demostrado en el expediente de la Ruta del dinero K, el circuito del dinero fue desde la casa de cambios \u201cLa Rosadita\u201d, en Puerto Madero, pas\u00f3 por bancos de Uruguay, Suiza y termin\u00f3 en bonos soberanos argentinos depositados en la sucursal Plaza de Mayo del Banco Naci\u00f3n.<\/p>\n<\/div>\n<div class=\"sc-45461e9c-0 eqiBeF container-text text-embed \" id=\"element-body-16\">\n<p>Para la justicia se lavaron 55 millones de d\u00f3lares estadounidenses solamente en esa causa.<\/p>\n<\/div>\n<div class=\"sc-45461e9c-0 eqiBeF container-text text-embed \" id=\"element-body-17\">\n<p>\u201cNo hay soluci\u00f3n para la impunidad si el brazo de la Rep\u00fablica que la debe  enarbolar cede. La justicia terrenal es una potestad humana. Un miserable como L\u00e1zaro B\u00e1ez no puede esgrimir un sentimiento familiar para lograr un beneficio que a todas luces insulta a la ciudadan\u00eda\u201d, a\u00f1adi\u00f3 Mariana Zuvic.<\/p>\n<\/div>\n<div class=\"sc-45461e9c-0 eqiBeF container-text text-embed \" id=\"element-body-18\">\n<p>Sin embargo, el problema m\u00e1s grave percibido de esta decisi\u00f3n (el arresto domiciliario) radica en las consecuencias para el pueblo de Santa Cruz. \u201c<strong>Una provincia aterrada por el autoritarismo kirchnerista<\/strong> que oscila entre la cooptaci\u00f3n venal de muchos de sus ciudadanos que a\u00fan disfrutan de las mieles de la simbiosis entre corrupci\u00f3n e impunidad, el miedo de los que no tienen con qu\u00e9 luchar y la indiferencia de otros tantos miserables\u201d.<\/p>\n<\/div>\n<div class=\"sc-45461e9c-0 eqiBeF container-text text-embed \" id=\"element-body-19\">\n<p>Finalmente, en el escrito se expres\u00f3: \u201cSi a los atemorizados no los defiende la justicia, entonces \u00bfqu\u00e9 queda para ellos? <strong>L\u00e1zaro B\u00e1ez es &#8216;todopoderoso&#8217; en Santa Cruz. No escatimar\u00e1 en sus esfuerzos por cobrar venganza y hacerse del dinero que rob\u00f3.<\/strong> As\u00ed y todo, la justicia lo favorece para que se aboque a la tarea\u201d.<\/p>\n<\/div>\n<\/div>\n<p><br \/>\n<br \/><a href=\"https:\/\/www.clarin.com\/politica\/justicia-analiza-condena-piden-lazaro-baez-vuelva-carcel_0_JRK7PgsaJG.html\">Fuente Clarin.com <\/a><\/p>\n","protected":false},"excerpt":{"rendered":"<p>Despu\u00e9s de que cinco de los condenados en la Ruta del Dinero K se entregaron en Comodoro Py, resta definir qu\u00e9 ocurrir\u00e1 con L\u00e1zaro B\u00e1ez, bajo arresto domiciliario desde 2020 despu\u00e9s haber dejado el penal de Ezeiza, donde hab\u00eda ingresado en abril de 2016. La ex diputada nacional Mariana Zuvic pidi\u00f3 que se le quite [&hellip;]<\/p>\n","protected":false},"author":1,"featured_media":27887,"comment_status":"open","ping_status":"open","sticky":false,"template":"","format":"standard","meta":{"footnotes":""},"categories":[2],"tags":[10036,6727,1411,4668,964,6726,57,4321,3979],"class_list":["post-30262","post","type-post","status-publish","format-standard","has-post-thumbnail","hentry","category-ultimas-noticias","tag-analiza","tag-baez","tag-carcel","tag-condena","tag-justicia","tag-lazaro","tag-mientras","tag-piden","tag-vuelva"],"_links":{"self":[{"href":"https:\/\/13.com.ar\/index.php\/wp-json\/wp\/v2\/posts\/30262","targetHints":{"allow":["GET"]}}],"collection":[{"href":"https:\/\/13.com.ar\/index.php\/wp-json\/wp\/v2\/posts"}],"about":[{"href":"https:\/\/13.com.ar\/index.php\/wp-json\/wp\/v2\/types\/post"}],"author":[{"embeddable":true,"href":"https:\/\/13.com.ar\/index.php\/wp-json\/wp\/v2\/users\/1"}],"replies":[{"embeddable":true,"href":"https:\/\/13.com.ar\/index.php\/wp-json\/wp\/v2\/comments?post=30262"}],"version-history":[{"count":0,"href":"https:\/\/13.com.ar\/index.php\/wp-json\/wp\/v2\/posts\/30262\/revisions"}],"wp:featuredmedia":[{"embeddable":true,"href":"https:\/\/13.com.ar\/index.php\/wp-json\/wp\/v2\/media\/27887"}],"wp:attachment":[{"href":"https:\/\/13.com.ar\/index.php\/wp-json\/wp\/v2\/media?parent=30262"}],"wp:term":[{"taxonomy":"category","embeddable":true,"href":"https:\/\/13.com.ar\/index.php\/wp-json\/wp\/v2\/categories?post=30262"},{"taxonomy":"post_tag","embeddable":true,"href":"https:\/\/13.com.ar\/index.php\/wp-json\/wp\/v2\/tags?post=30262"}],"curies":[{"name":"wp","href":"https:\/\/api.w.org\/{rel}","templated":true}]}}