{"id":30248,"date":"2025-06-02T14:19:29","date_gmt":"2025-06-02T17:19:29","guid":{"rendered":"https:\/\/13.com.ar\/index.php\/everton-quedo-encantado-con-carlos-alcaraz-y-lo-compro-en-forma-definitiva\/"},"modified":"2025-06-02T14:19:29","modified_gmt":"2025-06-02T17:19:29","slug":"everton-quedo-encantado-con-carlos-alcaraz-y-lo-compro-en-forma-definitiva","status":"publish","type":"post","link":"https:\/\/13.com.ar\/index.php\/everton-quedo-encantado-con-carlos-alcaraz-y-lo-compro-en-forma-definitiva\/","title":{"rendered":"Everton qued\u00f3 encantado con Carlos Alcaraz y lo compr\u00f3 en forma definitiva"},"content":{"rendered":"<p> <br \/>\n<br \/><img decoding=\"async\" src=\"https:\/\/13.com.ar\/wp-content\/uploads\/2025\/06\/Everton-quedo-encantado-con-Carlos-Alcaraz-y-lo-compro-en.jpg\" \/><\/p>\n<div id=\"element-body-0\">\n<p><strong>Carlos Alcaraz continuar\u00e1 su carrera en la Premier League<\/strong>. Tras una destacada actuaci\u00f3n durante su cesi\u00f3n, el Everton hizo uso de la opci\u00f3n de compra y oficializ\u00f3 la incorporaci\u00f3n definitiva del mediocampista argentino, que hab\u00eda llegado al club en el \u00faltimo mercado de invierno, procedente del Flamengo. <\/p>\n<\/div>\n<div id=\"element-body-1\">\n<p>Seg\u00fan trascendi\u00f3, el equipo dirigido por David Moyes lleg\u00f3 a un acuerdo con el Mengao. <strong>El futbolista de 22 a\u00f1os firmar\u00e1 contrato con los \u2018Blues\u2019 por dos temporadas<\/strong> hasta junio de 2027. Aunque no se revel\u00f3 el monto de la operaci\u00f3n, el club lo oficializ\u00f3 a trav\u00e9s de un comunicado en sus redes sociales. <\/p>\n<\/div>\n<div id=\"element-body-2\">\n<p><strong>&#8220;Hemos activado la opci\u00f3n de hacer permanente el fichaje de Charly Alcaraz cuando concluya su pr\u00e9stamo del Flamengo el pr\u00f3ximo mes&#8221;<\/strong>, anunci\u00f3 el club en su cuenta de X. El mediocampista de la Selecci\u00f3n Argentina Sub-23 disput\u00f3 16 partidos con la camiseta del Everton, en los que convirti\u00f3 dos goles \u2014uno de ellos en la \u00faltima fecha ante el Newcastle\u2014 y dio cinco asistencias. Adem\u00e1s, fue titular en siete oportunidades durante su paso por el conjunto ingl\u00e9s.<\/p>\n<\/div>\n<div id=\"element-body-3\">\n<p>&#8220;Charly Alcaraz se convirti\u00f3 en el segundo jugador de Everton que sus dos primeros goles en el club fueron los ganadores en partidos como visitante -Crystal Palace y Newcastle-. El primero fue Tim Cahill&#8221;, public\u00f3 el Everton en su cuenta oficial. Esto demuestra la gran impresi\u00f3n que dej\u00f3 el futbolista de 22 a\u00f1os durante el pr\u00e9stamo con equipo ingl\u00e9s. <\/p>\n<\/div>\n<div id=\"element-body-4\">\n<blockquote class=\"twitter-tweet\">\n<p lang=\"es\" dir=\"ltr\">Hemos activado la opci\u00f3n de hacer permanente el fichaje de Charly Alcaraz cuando concluya su pr\u00e9stamo del Flamengo el pr\u00f3ximo mes. \ud83c\udde6\ud83c\uddf7\ud83d\udd35 <a rel=\"nofollow\" target=\"_blank\" href=\"https:\/\/t.co\/yOGnjxI6yg\">pic.twitter.com\/yOGnjxI6yg<\/a><\/p>\n<p>\u2014 Everton (@EvertonESP) <a rel=\"nofollow\" target=\"_blank\" href=\"https:\/\/twitter.com\/EvertonESP\/status\/1928783703003549905?ref_src=twsrc%5Etfw\">May 31, 2025<\/a><\/p><\/blockquote>\n<\/div>\n<div id=\"element-body-5\">\n<p>Formado en las divisiones inferiores de <strong>Racing Club<\/strong> de Avellaneda, Carlos Alcaraz debut\u00f3 en Primera con apenas 17 a\u00f1os. Su llegada al equipo coincidi\u00f3 con el inicio de la pandemia de Covid-19, que provoc\u00f3 la suspensi\u00f3n del torneo durante pocas semanas. Al regreso de la competencia, Alcaraz empez\u00f3 a consolidarse en el equipo titular de Racing y se despidi\u00f3 del club a fines de 2022, tras convertir <strong>el gol decisivo en la final del Trofeo de Campeones frente a Boca. <\/strong><\/p>\n<\/div>\n<div id=\"element-body-6\">\n<p>Southampton pag\u00f3 una cifra millonaria para hacerse con el volante nacido en La Plata, donde tuvo un paso destacado durante 2023, disputando 48 partidos y anotando 8 goles. Luego, fue cedido a la Juventus de Tur\u00edn y, posteriormente, al Flamengo de Brasil, donde se coron\u00f3 campe\u00f3n de la Copa do Brasil antes de llegar a pr\u00e9stamo al Everton. El equipo dirigido por David Moyes finaliz\u00f3 la \u00faltima temporada de la Premier League en el puesto 12 con 48 puntos.<\/p>\n<\/div>\n<div id=\"element-body-7\">\n<p>Aunque Racing ya no tiene porcentaje de plusval\u00eda, la Academia recibir\u00e1 un 5% correspondiente al derecho de formaci\u00f3n y al mecanismo de solidaridad por la transferencia de Carlos Alcaraz de Flamengo al Everton. Cuando fue transferido al Southampton, el club argentino recibi\u00f3 13,65 millones de euros. Sin embargo, en esta oportunidad, <strong>el monto de la operaci\u00f3n no fue revelado por el club ingl\u00e9s<\/strong><em>,<\/em> aunque se tratar\u00eda de otro monto millonario. <\/p>\n<\/div>\n<div id=\"element-body-8\">\n<p>El volante de 22 a\u00f1os combina despliegue, marca y habilidad. Aunque a\u00fan no logr\u00f3 consolidarse definitivamente en un equipo, todo indica que el Everton le brinda las condiciones ideales para terminar de desarrollar todo su potencial.<\/p>\n<\/div>\n<p><script async src=\"\/\/platform.twitter.com\/widgets.js\" charset=\"utf-8\"><\/script><br \/>\n<br \/><br \/>\n<br \/><a href=\"https:\/\/www.clarin.com\/deportes\/everton-quedo-encantado-carlos-alcaraz-compro-forma-definitiva_0_4g0Bkdk3t7.html\">Fuente Clarin.com <\/a><\/p>\n","protected":false},"excerpt":{"rendered":"<p>Carlos Alcaraz continuar\u00e1 su carrera en la Premier League. Tras una destacada actuaci\u00f3n durante su cesi\u00f3n, el Everton hizo uso de la opci\u00f3n de compra y oficializ\u00f3 la incorporaci\u00f3n definitiva del mediocampista argentino, que hab\u00eda llegado al club en el \u00faltimo mercado de invierno, procedente del Flamengo. Seg\u00fan trascendi\u00f3, el equipo dirigido por David Moyes [&hellip;]<\/p>\n","protected":false},"author":1,"featured_media":30249,"comment_status":"open","ping_status":"open","sticky":false,"template":"","format":"standard","meta":{"footnotes":""},"categories":[2],"tags":[8897,3559,1827,18,14339,17719,8611,1846,336],"class_list":["post-30248","post","type-post","status-publish","format-standard","has-post-thumbnail","hentry","category-ultimas-noticias","tag-alcaraz","tag-carlos","tag-compro","tag-con","tag-definitiva","tag-encantado","tag-everton","tag-forma","tag-quedo"],"_links":{"self":[{"href":"https:\/\/13.com.ar\/index.php\/wp-json\/wp\/v2\/posts\/30248","targetHints":{"allow":["GET"]}}],"collection":[{"href":"https:\/\/13.com.ar\/index.php\/wp-json\/wp\/v2\/posts"}],"about":[{"href":"https:\/\/13.com.ar\/index.php\/wp-json\/wp\/v2\/types\/post"}],"author":[{"embeddable":true,"href":"https:\/\/13.com.ar\/index.php\/wp-json\/wp\/v2\/users\/1"}],"replies":[{"embeddable":true,"href":"https:\/\/13.com.ar\/index.php\/wp-json\/wp\/v2\/comments?post=30248"}],"version-history":[{"count":0,"href":"https:\/\/13.com.ar\/index.php\/wp-json\/wp\/v2\/posts\/30248\/revisions"}],"wp:featuredmedia":[{"embeddable":true,"href":"https:\/\/13.com.ar\/index.php\/wp-json\/wp\/v2\/media\/30249"}],"wp:attachment":[{"href":"https:\/\/13.com.ar\/index.php\/wp-json\/wp\/v2\/media?parent=30248"}],"wp:term":[{"taxonomy":"category","embeddable":true,"href":"https:\/\/13.com.ar\/index.php\/wp-json\/wp\/v2\/categories?post=30248"},{"taxonomy":"post_tag","embeddable":true,"href":"https:\/\/13.com.ar\/index.php\/wp-json\/wp\/v2\/tags?post=30248"}],"curies":[{"name":"wp","href":"https:\/\/api.w.org\/{rel}","templated":true}]}}