{"id":30183,"date":"2025-06-02T11:07:32","date_gmt":"2025-06-02T14:07:32","guid":{"rendered":"https:\/\/13.com.ar\/index.php\/a-los-28-anos-murio-maria-lorena-arguello-candidata-a-miss-universo-ecuador-2024\/"},"modified":"2025-06-02T11:07:32","modified_gmt":"2025-06-02T14:07:32","slug":"a-los-28-anos-murio-maria-lorena-arguello-candidata-a-miss-universo-ecuador-2024","status":"publish","type":"post","link":"https:\/\/13.com.ar\/index.php\/a-los-28-anos-murio-maria-lorena-arguello-candidata-a-miss-universo-ecuador-2024\/","title":{"rendered":"A los 28 a\u00f1os, muri\u00f3 Mar\u00eda Lorena Arg\u00fcello, candidata a Miss Universo Ecuador 2024"},"content":{"rendered":"<p> <br \/>\n<br \/><img decoding=\"async\" src=\"https:\/\/13.com.ar\/wp-content\/uploads\/2025\/06\/A-los-28-anos-murio-Maria-Lorena-Arguello-candidata-a.jpg\" \/><\/p>\n<div id=\"element-body-0\">\n<p><strong>Mar\u00eda Lorena Arg\u00fcello Salazar<\/strong>, quien fuera candidata a<strong> <\/strong>Miss Universo Ecuador 2024, <strong>falleci\u00f3<\/strong> este domingo 1 de junio de 2025. La triste noticia fue confirmada por la cuenta oficial de Instagram del certamen de belleza.<\/p>\n<\/div>\n<div id=\"element-body-1\">\n<p>&#8220;El Concurso Nacional de Belleza expresa su profundo pesar por la partida de Lorena Arg\u00fcello, Srta. Quito DM y semifinalista CNB 2024. Acompa\u00f1amos con respeto y solidaridad a su familia y seres queridos en este momento de dolor. Su recuerdo permanecer\u00e1 siempre con nosotros&#8221;, publicaron en la red social.<\/p>\n<\/div>\n<div id=\"element-body-2\">\n<p>La joven de<strong> 28 a\u00f1os<\/strong> represent\u00f3 al Distrito Metropolitano de Quito en el concurso que se llev\u00f3 a cabo en la ciudad de Machala hace poco m\u00e1s de un a\u00f1o, el 8 de junio de 2024.<\/p>\n<\/div>\n<div id=\"element-body-3\">\n<p>Su muerte <strong>conmocion\u00f3<\/strong> no s\u00f3lo al mundo de los cert\u00e1menes de belleza sino, tambi\u00e9n, a la sociedad toda.<\/p>\n<\/div>\n<div id=\"element-body-4\">\n<p>Tanto as\u00ed, que la noticia provoc\u00f3 una <strong>ola de mensajes<\/strong> en redes sociales, en los que seguidores, colegas m\u00e9dicos y otras participantes del concurso expresaron su tristeza y su admiraci\u00f3n. <\/p>\n<\/div>\n<div id=\"element-body-5\">\n<p><em>\u201cUna reina dentro y fuera del escenario\u201d<\/em>, escribi\u00f3 una de sus compa\u00f1eras de Miss Universo Ecuador.<\/p>\n<\/div>\n<div id=\"element-body-8\">\n<p>Mar\u00eda Lorena Arg\u00fcello Salazar naci\u00f3 el <strong>12 de marzo de 1997<\/strong>. En su cuenta de IG se puede ver c\u00f3mo celebr\u00f3 con alegr\u00eda su cumplea\u00f1os 28 este a\u00f1o.<\/p>\n<\/div>\n<div id=\"element-body-9\">\n<p>Seg\u00fan publica <em>eldiario.ec<\/em>, su vida estuvo marcada por la disciplina y la dedicaci\u00f3n a dos grandes pasiones: la <strong>medicina<\/strong> y el <strong>modelaje<\/strong>.<\/p>\n<\/div>\n<div id=\"element-body-10\">\n<p>Luego de graduarse como<strong> m\u00e9dica cirujana<\/strong>, la joven cumpli\u00f3 su sue\u00f1o de ejercer su profesi\u00f3n. Al mismo tiempo, tuvo una <strong>exitosa carrera en el mundo de los cert\u00e1menes de belleza<\/strong>. <\/p>\n<\/div>\n<div id=\"element-body-11\">\n<p>En este sentido, en el concurso <strong>Miss Universo Ecuador 2024<\/strong>, que se celebr\u00f3 el pasado 8 de junio de 2024 en Machala, represent\u00f3 a Quito con elegancia y carisma, destac\u00f3 el medio local. <\/p>\n<\/div>\n<div id=\"element-body-12\">\n<p>Si bien no result\u00f3 ganadora, ese evento le vali\u00f3 el <strong>reconocimiento<\/strong> del p\u00fablico y de los organizadores. Es que su trayectoria, que combin\u00f3 la <strong>excelencia profesional <\/strong>con el <strong>compromiso social<\/strong>, la convirti\u00f3 en un referente para muchos j\u00f3venes en el pa\u00eds.<\/p>\n<\/div>\n<div id=\"element-body-14\">\n<p>Es que antes de participar del concurso, Mar\u00eda Lorena Arg\u00fcello Salazar fue <strong>voluntaria en la Fundaci\u00f3n Reina de Quito<\/strong>, en la que trabaj\u00f3 en diversos proyectos sociales a favor de personas en situaci\u00f3n de vulnerabilidad.<\/p>\n<\/div>\n<div id=\"element-body-15\">\n<p>Mar\u00eda Lorena Arg\u00fcello dej\u00f3 una <strong>huella profunda<\/strong> en quienes la conocieron, destaca <em>eldiario.ec<\/em> en un art\u00edculo sobre ella. <\/p>\n<\/div>\n<div id=\"element-body-16\">\n<p>Sucede que su participaci\u00f3n en el certamen no solo resalt\u00f3 su<strong> belleza<\/strong>, sino tambi\u00e9n su <strong>inteligencia<\/strong> y <strong>dedicaci\u00f3n a proyectos sociales<\/strong>, enfocados en la salud y el bienestar comunitario. <\/p>\n<\/div>\n<div id=\"element-body-17\">\n<p>Como m\u00e9dica, se destac\u00f3 en iniciativas que buscaban <strong>mejorar el acceso a servicios de salud<\/strong> en comunidades vulnerables, seg\u00fan la informaci\u00f3n que comparti\u00f3 en sus redes sociales durante su campa\u00f1a en Miss Universo Ecuador.<\/p>\n<\/div>\n<div id=\"element-body-18\">\n<p>En su caso, el concurso de belleza ecuatoriano fue una plataforma importante para <strong>visibilizar causas sociales<\/strong>, y la participaci\u00f3n de la joven reflej\u00f3 este prop\u00f3sito de la mejor manera.<\/p>\n<\/div>\n<div id=\"element-body-19\">\n<p>Hasta el momento, no se dieron detalles sobre los <strong>motivos de su fallecimiento<\/strong>, y tanto la familia como la organizaci\u00f3n pidieron respeto ante el duelo.<\/p>\n<\/div>\n<p><br \/>\n<br \/><a href=\"https:\/\/www.clarin.com\/internacional\/28-anos-murio-maria-lorena-arguello-candidata-miss-universo-ecuador-2024_0_1CUAKdeCjE.html\">Fuente Clarin.com <\/a><\/p>\n","protected":false},"excerpt":{"rendered":"<p>Mar\u00eda Lorena Arg\u00fcello Salazar, quien fuera candidata a Miss Universo Ecuador 2024, falleci\u00f3 este domingo 1 de junio de 2025. La triste noticia fue confirmada por la cuenta oficial de Instagram del certamen de belleza. &#8220;El Concurso Nacional de Belleza expresa su profundo pesar por la partida de Lorena Arg\u00fcello, Srta. Quito DM y semifinalista [&hellip;]<\/p>\n","protected":false},"author":1,"featured_media":30184,"comment_status":"open","ping_status":"open","sticky":false,"template":"","format":"standard","meta":{"footnotes":""},"categories":[2],"tags":[636,18579,1378,1702,6258,28,2807,611,8949],"class_list":["post-30183","post","type-post","status-publish","format-standard","has-post-thumbnail","hentry","category-ultimas-noticias","tag-anos","tag-arguello","tag-candidata","tag-ecuador","tag-lorena","tag-los","tag-maria","tag-murio","tag-universo"],"_links":{"self":[{"href":"https:\/\/13.com.ar\/index.php\/wp-json\/wp\/v2\/posts\/30183","targetHints":{"allow":["GET"]}}],"collection":[{"href":"https:\/\/13.com.ar\/index.php\/wp-json\/wp\/v2\/posts"}],"about":[{"href":"https:\/\/13.com.ar\/index.php\/wp-json\/wp\/v2\/types\/post"}],"author":[{"embeddable":true,"href":"https:\/\/13.com.ar\/index.php\/wp-json\/wp\/v2\/users\/1"}],"replies":[{"embeddable":true,"href":"https:\/\/13.com.ar\/index.php\/wp-json\/wp\/v2\/comments?post=30183"}],"version-history":[{"count":0,"href":"https:\/\/13.com.ar\/index.php\/wp-json\/wp\/v2\/posts\/30183\/revisions"}],"wp:featuredmedia":[{"embeddable":true,"href":"https:\/\/13.com.ar\/index.php\/wp-json\/wp\/v2\/media\/30184"}],"wp:attachment":[{"href":"https:\/\/13.com.ar\/index.php\/wp-json\/wp\/v2\/media?parent=30183"}],"wp:term":[{"taxonomy":"category","embeddable":true,"href":"https:\/\/13.com.ar\/index.php\/wp-json\/wp\/v2\/categories?post=30183"},{"taxonomy":"post_tag","embeddable":true,"href":"https:\/\/13.com.ar\/index.php\/wp-json\/wp\/v2\/tags?post=30183"}],"curies":[{"name":"wp","href":"https:\/\/api.w.org\/{rel}","templated":true}]}}