{"id":30181,"date":"2025-06-02T11:04:29","date_gmt":"2025-06-02T14:04:29","guid":{"rendered":"https:\/\/13.com.ar\/index.php\/la-provincia-admite-que-hay-negociaciones-para-sumarse-al-blanqueo-de-dolares-del-colchon-pero-pone-una-condicion\/"},"modified":"2025-06-02T11:04:29","modified_gmt":"2025-06-02T14:04:29","slug":"la-provincia-admite-que-hay-negociaciones-para-sumarse-al-blanqueo-de-dolares-del-colchon-pero-pone-una-condicion","status":"publish","type":"post","link":"https:\/\/13.com.ar\/index.php\/la-provincia-admite-que-hay-negociaciones-para-sumarse-al-blanqueo-de-dolares-del-colchon-pero-pone-una-condicion\/","title":{"rendered":"la Provincia admite que hay negociaciones para sumarse al blanqueo de d\u00f3lares del colch\u00f3n, pero pone una condici\u00f3n"},"content":{"rendered":"<p> <br \/>\n<br \/><img decoding=\"async\" src=\"https:\/\/13.com.ar\/wp-content\/uploads\/2025\/06\/la-Provincia-admite-que-hay-negociaciones-para-sumarse-al-blanqueo.jpg\" \/><\/p>\n<div id=\"element-body-0\">\n<p>Mientras el Gobierno del presidente Javier Milei apura la confecci\u00f3n del proyecto de ley sobre el nuevo blanqueo de capitales para presentarlo esta semana, <strong>la provincia de Buenos Aires admiti\u00f3 este lunes que existen negociaciones para sumarse al plan<\/strong>, luego de una semana de cruces.<\/p>\n<\/div>\n<div id=\"element-body-1\">\n<p>As\u00ed lo expres\u00f3 <strong>el director de ARBA, Cristian Girard<\/strong>, quien habl\u00f3 de un encuentro &#8220;cordial&#8221; con Juan Alberto Pazo, de ARCA, para tratar este tema.<\/p>\n<\/div>\n<div id=\"element-body-2\">\n<p>En conferencia de prensa, el funcionario bonaerense se\u00f1al\u00f3 que es necesario que <strong>haya una ley que modifique el R\u00e9gimen Penal Tributario y Cambiario<\/strong>, junto con modificaciones a la Ley de Procedimiento Tributario, porque -de no ser as\u00ed- la seguridad jur\u00eddica no est\u00e1 garantizada.<\/p>\n<\/div>\n<div id=\"element-body-3\">\n<p>&#8220;<strong>No es que vayamos a perseguir a nadie que tenga un canuto<\/strong>, ni que estemos en contra que usen dolares, ni que se mueva la actividad&#8221;, manifest\u00f3.<\/p>\n<\/div>\n<div id=\"element-body-4\">\n<p>En tanto, el jefe de Gabinete, Guillermo Francos, adelant\u00f3 que esta semana el Gobierno se presentar\u00e1 el proyecto sobre la posibilidad de uso &#8220;libre&#8221; de los ahorros de los argentinos fuera del sistema financiero normal.<\/p>\n<\/div>\n<div id=\"element-body-5\">\n<p>El funcionario nacional habl\u00f3 de los plazos de la iniciativa y remarc\u00f3 que apuntan a &#8220;darles todas las garant\u00edas&#8221; a los ahorristas que ingresen al sistema financiero los d\u00f3lares guardados en el colch\u00f3n.<\/p>\n<\/div>\n<div id=\"element-body-7\">\n<p>&#8220;Estamos estudiando analizando la adenda que nos propusieron y por esos d\u00edas tendremos un nuevo intercambio con autoridades nacionales para ir definiendo&#8221;, sentenci\u00f3 Girard.<\/p>\n<\/div>\n<div id=\"element-body-8\">\n<p>El titular de ARBA, adem\u00e1s, cuestion\u00f3 la reacci\u00f3n del Ejecutivo nacional tras las declaraciones del gobernador Axel Kicillof, quien puso reparos al proyecto ante la posibilidad que se generen maniobras de blanqueo de dinero il\u00edcito. <\/p>\n<\/div>\n<div id=\"element-body-9\">\n<p>&#8220;Hubo una reacci\u00f3n de construir una narrativa donde el Gobierno naiconal es el defensor de los argentinos de bien y la gente que trabaja, y nosotros vendr\u00edamos a ser los sovi\u00e9ticos que pedimos seguridad jur\u00eddica&#8221;, manifest\u00f3.<\/p>\n<\/div>\n<div id=\"element-body-10\">\n<p>El titular de ARCA sali\u00f3 a responder, acus\u00f3 al gobernador Axel Kicillof de tener mentalidad &#8220;sovi\u00e9tica&#8221; y volvi\u00f3 a amenazar con la restricci\u00f3n de acceso a informaci\u00f3n a las provincias que no se sumen.<\/p>\n<\/div>\n<div id=\"element-body-11\">\n<p>\u201cPor los tributos nacionales, ARCA no va a perseguir a nadie si adhiere al nuevo r\u00e9gimen. Esta concepci\u00f3n sovi\u00e9tica de Kicillof y su equipo no me llama la atenci\u00f3n, no es nada nuevo, ellos nos llevaron a este r\u00e9gimen de exceso de la informaci\u00f3n\u201d, dijo Juan Pazo en di\u00e1logo con radio La Red.<\/p>\n<\/div>\n<p><br \/>\n<br \/><a href=\"https:\/\/www.clarin.com\/politica\/vamos-perseguir-nadie-canuto-provincia-admite-negociaciones-sumarse-blanqueo-dolares-colchon-pone-condicion_0_eI08dr09eV.html\">Fuente Clarin.com <\/a><\/p>\n","protected":false},"excerpt":{"rendered":"<p>Mientras el Gobierno del presidente Javier Milei apura la confecci\u00f3n del proyecto de ley sobre el nuevo blanqueo de capitales para presentarlo esta semana, la provincia de Buenos Aires admiti\u00f3 este lunes que existen negociaciones para sumarse al plan, luego de una semana de cruces. As\u00ed lo expres\u00f3 el director de ARBA, Cristian Girard, quien [&hellip;]<\/p>\n","protected":false},"author":1,"featured_media":30182,"comment_status":"open","ping_status":"open","sticky":false,"template":"","format":"standard","meta":{"footnotes":""},"categories":[2],"tags":[8188,4711,16362,11946,100,439,942,354,16,265,455,490,7801,73],"class_list":["post-30181","post","type-post","status-publish","format-standard","has-post-thumbnail","hentry","category-ultimas-noticias","tag-admite","tag-blanqueo","tag-colchon","tag-condicion","tag-del","tag-dolares","tag-hay","tag-negociaciones","tag-para","tag-pero","tag-pone","tag-provincia","tag-sumarse","tag-una"],"_links":{"self":[{"href":"https:\/\/13.com.ar\/index.php\/wp-json\/wp\/v2\/posts\/30181","targetHints":{"allow":["GET"]}}],"collection":[{"href":"https:\/\/13.com.ar\/index.php\/wp-json\/wp\/v2\/posts"}],"about":[{"href":"https:\/\/13.com.ar\/index.php\/wp-json\/wp\/v2\/types\/post"}],"author":[{"embeddable":true,"href":"https:\/\/13.com.ar\/index.php\/wp-json\/wp\/v2\/users\/1"}],"replies":[{"embeddable":true,"href":"https:\/\/13.com.ar\/index.php\/wp-json\/wp\/v2\/comments?post=30181"}],"version-history":[{"count":0,"href":"https:\/\/13.com.ar\/index.php\/wp-json\/wp\/v2\/posts\/30181\/revisions"}],"wp:featuredmedia":[{"embeddable":true,"href":"https:\/\/13.com.ar\/index.php\/wp-json\/wp\/v2\/media\/30182"}],"wp:attachment":[{"href":"https:\/\/13.com.ar\/index.php\/wp-json\/wp\/v2\/media?parent=30181"}],"wp:term":[{"taxonomy":"category","embeddable":true,"href":"https:\/\/13.com.ar\/index.php\/wp-json\/wp\/v2\/categories?post=30181"},{"taxonomy":"post_tag","embeddable":true,"href":"https:\/\/13.com.ar\/index.php\/wp-json\/wp\/v2\/tags?post=30181"}],"curies":[{"name":"wp","href":"https:\/\/api.w.org\/{rel}","templated":true}]}}