{"id":2989,"date":"2025-02-07T21:25:27","date_gmt":"2025-02-08T00:25:27","guid":{"rendered":"https:\/\/13.com.ar\/index.php\/la-murga-del-peronismo-la-musica-que-mas-le-alegro-el-verano-a-milei\/"},"modified":"2025-02-07T21:25:27","modified_gmt":"2025-02-08T00:25:27","slug":"la-murga-del-peronismo-la-musica-que-mas-le-alegro-el-verano-a-milei","status":"publish","type":"post","link":"https:\/\/13.com.ar\/index.php\/la-murga-del-peronismo-la-musica-que-mas-le-alegro-el-verano-a-milei\/","title":{"rendered":"La murga del peronismo, la m\u00fasica que m\u00e1s le alegr\u00f3 el verano a Milei"},"content":{"rendered":"<p> <br \/>\n<br \/><img decoding=\"async\" src=\"https:\/\/13.com.ar\/wp-content\/uploads\/2025\/02\/La-murga-del-peronismo-la-musica-que-mas-le-alegro.jpg\" \/><\/p>\n<div id=\"cuerpo\">\n<div class=\"sc-80531b6b-0 chRIGJ container-text text-embed\">\n<p>Con m\u00e1s de dos d\u00e9cadas <strong>marcando el ritmo del peronismo<\/strong> -y un nivel de influencia interna superado s\u00f3lo por el fundador del partido- <strong>Cristina Kirchner pasa hoy su momento de mayor debilidad<\/strong>.<\/p>\n<\/div>\n<div class=\"sc-80531b6b-0 chRIGJ container-text text-embed\">\n<p>Es cierto que es algo que les sucede a todos los l\u00edderes pol\u00edticos cuando les toca estar en la oposici\u00f3n, y Cristina <strong>ya sobrevivi\u00f3 a una experiencia similar cuando se le rebelaron algunos diputados y senadores durante el gobierno de Mauricio Macri<\/strong>, pero la erosi\u00f3n de su figura se vuelve cada m\u00e1s visible.<\/p>\n<\/div>\n<div class=\"sc-80531b6b-0 chRIGJ container-text text-embed\">\n<p>En este punto surge una pregunta reglamentaria: \u00bfEl problema es de Cristina, que tiene un discurso desgastado y que perdi\u00f3 caladura en la sociedad, o <strong>ese es un problema del peronismo<\/strong>?<\/p>\n<\/div>\n<div class=\"sc-80531b6b-0 chRIGJ container-text text-embed\">\n<p>Los enemigos internos de la ex presidenta -la CGT, algunos gobernadores, un pu\u00f1ado de intendentes bonaerenses, dirigentes de provincias en las que el kirchnerismo lleva varios a\u00f1os de desprestigio- se apuran siempre a decir que el nudo del peronismo se desatar\u00e1 cuando ella se retire. Pero hay que decir que <strong>no apareci\u00f3 ning\u00fan dirigente con el peso nacional suficiente como para poder prescindir de Cristina<\/strong> y -sobre todo- de su discurso. El peronismo no kirchnerista, en ese sentido, tiene los mismos problemas de legitimidad y representatividad que tiene Cristina.<\/p>\n<\/div>\n<div class=\"sc-80531b6b-0 chRIGJ container-text text-embed\">\n<p>Ese dato qued\u00f3 reflejado en la \u00faltima elecci\u00f3n, cuando<strong> la cuenta de gobernadores peronistas se convirti\u00f3 en la m\u00e1s flaca<\/strong> de los \u00faltimos a\u00f1os e incluso en el norte del pa\u00eds, que hab\u00eda sido el \u00faltimo refugio del peronismo, hay que detenerse para hacer la cuenta de los mandatarios que se reconocen como justicialistas.<\/p>\n<\/div>\n<div class=\"sc-80531b6b-0 chRIGJ container-text text-embed\">\n<p>Los resultados de esta semana de la votaci\u00f3n en Diputados sobre el proyecto para suspender las PASO hablan mucho de esa desintegraci\u00f3n del principal partido del pa\u00eds. All\u00ed se puede ver que <strong>no todos los rebeldes de Uni\u00f3n por la Patria votaron a favor del proyecto oficial por una tirria particular contra Cristina<\/strong> y que cada legislador tuvo razones propias para oponerse a que se hagan las Primarias este a\u00f1o.<\/p>\n<\/div>\n<div class=\"sc-80531b6b-0 chRIGJ container-text text-embed\">\n<p>Algunos diputados obedecieron a las necesidades del gobernador de su provincia, los massistas mantuvieron su posici\u00f3n hist\u00f3rica contra las PASO y otros optaron por mandar un mensaje a Cristina y otro a Axel Kicillof, a quien la suspensi\u00f3n de las Primarias<strong> le servir\u00e1 para desdoblar la elecci\u00f3n bonaerense <\/strong>y separar la suerte de los candidatos provinciales -y\u00a0municipales, agregan los intendentes del PJ- de las postulaciones a diputado nacional.<\/p>\n<\/div>\n<div class=\"sc-80531b6b-0 chRIGJ container-text text-embed\">\n<p>La fragmentaci\u00f3n se potenciar\u00e1 con el debut de la boleta \u00fanica para cargos nacionales, porque ese cambio obliga a separar las candidaturas a diputados y senadores nacionales de todos los cargos provinciales y municipales. Ahora no habr\u00e1 manera de que alguno de esos tramos -el nacional o el provincial- empuje al otro. <strong>Esa posibilidad de arrastre qued\u00f3 sepultada con la muerte de la boleta \u00fanica<\/strong>.<\/p>\n<\/div>\n<div class=\"sc-80531b6b-0 chRIGJ container-text text-embed\">\n<p>Cristina teme que, si adem\u00e1s de ese corte obligado, los intendentes y Kicillof consiguen que, por primera vez en m\u00e1s de treinta a\u00f1os, la elecci\u00f3n bonaerense se haga en un d\u00eda distinto que la nacional, no habr\u00e1 nadie en ning\u00fan municipio defendiendo los afiches en los paredones o contratando remises para llevar la gente a votar. Para decirlo de otro modo, <strong>los candidatos nacionales del peronismo,<\/strong> tal vez por primera vez en la historia del movimiento, <strong>tendr\u00e1n que transpirar para tener fiscales en todas las mesas<\/strong> de la provincia de Buenos Aires.<\/p>\n<\/div>\n<div class=\"sc-80531b6b-0 chRIGJ container-text text-embed\">\n<p>Esa situaci\u00f3n, parad\u00f3jicamente, ocurre a pesar de que el peronismo <strong>es el partido que se par\u00f3 en la oposici\u00f3n a Javier Milei con mayor nitidez<\/strong>. S\u00f3lo en los \u00faltimos meses el Gobierno se puso a negociar en serio con algunos gobernadores kirchneristas , pero hasta que eso pas\u00f3, Cristina trabaj\u00f3 para mantener vivo su discurso e incluso se embarc\u00f3 en una pelea -corta, pero pelea al fin- por quedarse con la cabeza formal del PJ.<\/p>\n<\/div>\n<div class=\"sc-80531b6b-0 chRIGJ container-text text-embed\">\n<p>Es cierto que el \u201caparato\u201d de los intendentes bonaerenses no puede decir abiertamente que dejar\u00e1 de trabajar para los candidatos nacionales, porque <strong>los votantes kirchneristas pueden pedirles algunas explicaciones inc\u00f3modas<\/strong>, pero el est\u00edmulo de empujar a sus propios candidatos territoriales no jugar\u00e1 esta vez.<\/p>\n<\/div>\n<div class=\"sc-80531b6b-0 chRIGJ container-text text-embed\">\n<p>Kicillof puede conseguir una buena victoria en su pelea interna si el desdoblamiento de las elecciones se lee como un desaire a Cristina, pero es seguro que ese movimiento <strong>no le servir\u00e1 para saltar el cerco<\/strong> bonaerense y convertirlo en un referente nacional.<\/p>\n<\/div>\n<div class=\"sc-80531b6b-0 chRIGJ container-text text-embed\">\n<p>A pesar de que las desventuras del rival opositor siempre son buenas noticias para el Gobierno, la victoria en Diputados -y una muy probable votaci\u00f3n favorable en el Senado- a lo que se suman la Ley de Reiterancia y la que permite el Juicio en Ausencia, es una cosecha m\u00e1s bien escasa para un per\u00edodo de sesiones extraordinarias en el que el oficialismo ten\u00eda que aprobar tambi\u00e9n el Presupuesto y los pliegos de los dos candidatos para la Corte Suprema, Ariel Lijo y Manuel Garc\u00eda Mansilla.<\/p>\n<\/div>\n<div class=\"sc-80531b6b-0 chRIGJ container-text text-embed\">\n<p>La Casa Rosada<strong> festeja leg\u00edtimamente esa cosecha<\/strong>, porque fue conseguida con un bloque propio muy chico y porque consigue cambiar una tendencia que el a\u00f1o pasado se hab\u00eda convertido en preocupante cuando las peleas internas<strong> iban desgranando las bancadas de La Libertad Avanza en el Senado y en Diputados<\/strong>.<\/p>\n<\/div>\n<div class=\"sc-80531b6b-0 chRIGJ container-text text-embed\">\n<p>Ahora, con las elecciones m\u00e1s cerca, ese vector que expulsaba dirigentes del oficialismo se invirti\u00f3 con el salto de algunos intendentes, legisladores bonaerenses y porte\u00f1os desde el PRO hacia el regazo de Karina Milei. Podr\u00eda decirse incluso que<strong> la sonora expulsi\u00f3n de Ramiro Marra<\/strong> -un libertario paladar negro, que adem\u00e1s cumple largamente con el requisito de poseer una larga lista de seguidores en las redes sociales- no alcanza a empa\u00f1ar la n\u00f3mina de incorporaciones al oficialismo.<\/p>\n<\/div>\n<div class=\"sc-80531b6b-0 chRIGJ container-text text-embed\">\n<p>Hasta ahora, todos esos saltos desde el PRO hacia La Libertad Avanza fueron auspiciados por la \u00faltima candidata presidencial del macrismo, la ministra de Seguridad, Patricia Bullrich. Est\u00e1 claro que la funcionaria trabajar\u00e1 para impulsar las listas de La Libertad Avanza, pero a\u00fan no est\u00e1 definido cu\u00e1ndo anunciar\u00e1 su propio pase al oficialismo.<\/p>\n<\/div>\n<\/div>\n<p><br \/>\n<br \/><a href=\"https:\/\/www.clarin.com\/politica\/murga-peronismo-musica-alegro-verano-milei_0_3tnQgk85eV.html\">Fuente Clarin.com <\/a><\/p>\n","protected":false},"excerpt":{"rendered":"<p>Con m\u00e1s de dos d\u00e9cadas marcando el ritmo del peronismo -y un nivel de influencia interna superado s\u00f3lo por el fundador del partido- Cristina Kirchner pasa hoy su momento de mayor debilidad. Es cierto que es algo que les sucede a todos los l\u00edderes pol\u00edticos cuando les toca estar en la oposici\u00f3n, y Cristina ya [&hellip;]<\/p>\n","protected":false},"author":1,"featured_media":2990,"comment_status":"open","ping_status":"open","sticky":false,"template":"","format":"standard","meta":{"footnotes":""},"categories":[2],"tags":[5002,100,155,77,5001,175,1455,65],"class_list":["post-2989","post","type-post","status-publish","format-standard","has-post-thumbnail","hentry","category-ultimas-noticias","tag-alegro","tag-del","tag-mas","tag-milei","tag-murga","tag-musica","tag-peronismo","tag-verano"],"_links":{"self":[{"href":"https:\/\/13.com.ar\/index.php\/wp-json\/wp\/v2\/posts\/2989","targetHints":{"allow":["GET"]}}],"collection":[{"href":"https:\/\/13.com.ar\/index.php\/wp-json\/wp\/v2\/posts"}],"about":[{"href":"https:\/\/13.com.ar\/index.php\/wp-json\/wp\/v2\/types\/post"}],"author":[{"embeddable":true,"href":"https:\/\/13.com.ar\/index.php\/wp-json\/wp\/v2\/users\/1"}],"replies":[{"embeddable":true,"href":"https:\/\/13.com.ar\/index.php\/wp-json\/wp\/v2\/comments?post=2989"}],"version-history":[{"count":0,"href":"https:\/\/13.com.ar\/index.php\/wp-json\/wp\/v2\/posts\/2989\/revisions"}],"wp:featuredmedia":[{"embeddable":true,"href":"https:\/\/13.com.ar\/index.php\/wp-json\/wp\/v2\/media\/2990"}],"wp:attachment":[{"href":"https:\/\/13.com.ar\/index.php\/wp-json\/wp\/v2\/media?parent=2989"}],"wp:term":[{"taxonomy":"category","embeddable":true,"href":"https:\/\/13.com.ar\/index.php\/wp-json\/wp\/v2\/categories?post=2989"},{"taxonomy":"post_tag","embeddable":true,"href":"https:\/\/13.com.ar\/index.php\/wp-json\/wp\/v2\/tags?post=2989"}],"curies":[{"name":"wp","href":"https:\/\/api.w.org\/{rel}","templated":true}]}}