{"id":2987,"date":"2025-02-07T21:22:28","date_gmt":"2025-02-08T00:22:28","guid":{"rendered":"https:\/\/13.com.ar\/index.php\/la-corte-penal-internacional-repudio-las-sanciones-impuestas-por-donald-trump-y-llamo-a-seguir-impartiendo-justicia-en-el-mundo\/"},"modified":"2025-02-07T21:22:28","modified_gmt":"2025-02-08T00:22:28","slug":"la-corte-penal-internacional-repudio-las-sanciones-impuestas-por-donald-trump-y-llamo-a-seguir-impartiendo-justicia-en-el-mundo","status":"publish","type":"post","link":"https:\/\/13.com.ar\/index.php\/la-corte-penal-internacional-repudio-las-sanciones-impuestas-por-donald-trump-y-llamo-a-seguir-impartiendo-justicia-en-el-mundo\/","title":{"rendered":"La Corte Penal Internacional repudi\u00f3 las sanciones impuestas por Donald Trump y llam\u00f3 a seguir impartiendo justicia en el mundo"},"content":{"rendered":"<p> <br \/>\n<\/p>\n<div id=\"cuerpo\">\n<div class=\"sc-80531b6b-0 chRIGJ container-text text-embed\">\n<p>El presidente de Estados Unidos, <strong>Donald Trump<\/strong>, firm\u00f3 un decreto para sancionar a la <strong>Corte Penal Internacional <\/strong>(CPI) por sus acciones contra Estados Unidos y pa\u00edses aliados como Israel. La decisi\u00f3n provoc\u00f3 la condena del organismo, que se comprometi\u00f3 a seguir impartiendo justicia en el mundo, y de 79 naciones que dijeron que la medida incrementa \u201cel riesgo de impunidad\u201d de los cr\u00edmenes m\u00e1s graves.<\/p>\n<\/div>\n<div class=\"sc-80531b6b-0 chRIGJ container-text text-embed\">\n<p>La orden ejecutiva, difundida el jueves por la Casa Blanca, proh\u00edbe la entrada en Estados Unidos a los directivos, empleados y agentes de la CPI, as\u00ed como a sus familiares m\u00e1s cercanos y a cualquiera que haya aportado su ayuda a los trabajos de investigaci\u00f3n del alto tribunal global, con sede en La Haya.<\/p>\n<\/div>\n<div class=\"sc-80531b6b-0 chRIGJ container-text text-embed\">\n<p>El decreto prev\u00e9 tambi\u00e9n <strong>congelar en Estados Unidos todos los haberes de esas personas,<\/strong> cuyos nombres no se publicaron por el momento.<\/p>\n<\/div>\n<div class=\"sc-80531b6b-0 chRIGJ container-text text-embed\">\n<p>El tribunal, fundado en 2002, es una jurisdicci\u00f3n permanente encargada de perseguir y <strong>juzgar a individuos acusados de genocidio, cr\u00edmenes de lesa humanidad y cr\u00edmenes de guerra <\/strong>en cualquier lugar del mundo. Desde su creaci\u00f3n solo ha dictado un pu\u00f1ado de condenas.<\/p>\n<\/div>\n<div class=\"sc-80531b6b-0 chRIGJ container-text text-embed\">\n<p>Cuenta con 124 Estados miembros, aunque ni Estados Unidos ni Israel reconocen su jurisdicci\u00f3n. La CPI concedi\u00f3 a Palestina la membres\u00eda en 2015, d\u00e1ndole jurisdicci\u00f3n sobre los cr\u00edmenes internacionales que tienen lugar en Gaza.<\/p>\n<\/div>\n<div class=\"sc-198be8ec-0 cynXbu image-embed  image-embed \"><picture class=\"sc-198be8ec-1 kOjRiQ\"><source media=\"(min-width: 975px)\" width=\"720\" height=\"480\" \/><img alt=\"La sede de la Corte Penal Internacional, en La Haya, Pa\u00edses Bajos. Foto: AP \" loading=\"lazy\" width=\"720\" height=\"480\" decoding=\"async\" data-nimg=\"1\" style=\"color:transparent\" src=\"https:\/\/13.com.ar\/wp-content\/uploads\/2025\/02\/La-Corte-Penal-Internacional-repudio-las-sanciones-impuestas-por-Donald.jpg\"\/><span class=\"epigraphe\">La sede de la Corte Penal Internacional, en La Haya, Pa\u00edses Bajos. Foto: AP <\/span><span class=\"bkg\"\/><span class=\"picture-open\"><button class=\"open-image\" aria-label=\"Open Image\"\/><\/span><\/picture><\/div>\n<p><h2>Los argumentos de Trump<\/h2>\n<\/p>\n<div class=\"sc-80531b6b-0 chRIGJ container-text text-embed\">\n<p>En sus argumentos, Trump acusa a la Corte de emprender &#8220;acciones ilegales y sin fundamento contra Estados Unidos y nuestro estrecho aliado, Israel&#8221;, en referencia a las \u00f3rdenes de arresto emitidas por ese tribunal internacional contra el primer ministro israel\u00ed Benjam\u00edn Netanyahu, quien fue recibido el martes en la Casa Blanca por el presidente republicano, y el ex ministro de Defensa Yoav Gallant.<\/p>\n<\/div>\n<div class=\"sc-80531b6b-0 chRIGJ container-text text-embed\">\n<p>Los jueces estimaron al emitir las \u00f3rdenes de arresto que hay &#8220;motivos razonables&#8221; para sospechar de ambos de la comisi\u00f3n de<strong> cr\u00edmenes de guerra y cr\u00edmenes contra la humanidad en la guerra de Gaza<\/strong>, que sigui\u00f3 al ataque terrorista de Hamas el 7 de octubre de 2023.<\/p>\n<\/div>\n<div class=\"sc-80531b6b-0 chRIGJ container-text text-embed\">\n<p>Horas despu\u00e9s de conocerse la sanci\u00f3n de Trump, el tribunal internacional emiti\u00f3 un comunicado de repudio a la medida: \u201cLa CPI condena la publicaci\u00f3n por parte de Estados Unidos de un decreto destinado a sancionar a sus funcionarios y perjudicar su trabajo judicial independiente e imparcial&#8221;, declar\u00f3.<\/p>\n<\/div>\n<div class=\"sc-80531b6b-0 chRIGJ container-text text-embed\">\n<p>&#8220;La Corte apoya firmemente a su personal, y se compromete a seguir impartiendo justicia y a darle esperanza a millones de v\u00edctimas inocentes de atrocidades en todo el mundo, en todas aquellas situaciones en que se recurra a ella&#8221;, a\u00f1adi\u00f3.<\/p>\n<\/div>\n<div class=\"sc-80531b6b-0 chRIGJ container-text text-embed\">\n<p>Se sum\u00f3 tambi\u00e9n el rechazo de 79 naciones que son miembros del Tribunal, que expresaron en un comunicado conjunto que la medida \u201cincrementa el riesgo de impunidad\u201d de los cr\u00edmenes m\u00e1s graves. La mayor\u00eda de pa\u00edses latinoamericanos firma la declaraci\u00f3n, pero <strong>no figuran Argentina, Venezuela, Cuba, Nicaragua, Paraguay o El Salvador.<\/strong><\/p>\n<\/div>\n<div class=\"sc-198be8ec-0 cynXbu image-embed  image-embed \"><picture class=\"sc-198be8ec-1 kOjRiQ\"><source media=\"(min-width: 975px)\" width=\"720\" height=\"480\" \/><img alt=\"Donald Trump recibi\u00f3 el martes en la Casa Blanca al primer ministro de Israel, Benjamin Netanyahu. Foto: AP \" loading=\"lazy\" width=\"720\" height=\"480\" decoding=\"async\" data-nimg=\"1\" style=\"color:transparent\" src=\"https:\/\/13.com.ar\/wp-content\/uploads\/2025\/02\/1738974148_885_La-Corte-Penal-Internacional-repudio-las-sanciones-impuestas-por-Donald.jpg\"\/><span class=\"epigraphe\">Donald Trump recibi\u00f3 el martes en la Casa Blanca al primer ministro de Israel, Benjamin Netanyahu. Foto: AP <\/span><span class=\"bkg\"\/><span class=\"picture-open\"><button class=\"open-image\" aria-label=\"Open Image\"\/><\/span><\/picture><\/div>\n<p><h2>Elogios de Israel<\/h2>\n<\/p>\n<div class=\"sc-80531b6b-0 chRIGJ container-text text-embed\">\n<p>Las sanciones de Estados Unidos cosecharon enseguida los elogios de Israel, que felicit\u00f3 este viernes a Trump, y calific\u00f3 las acciones del tribunal de &#8220;inmorales&#8221; e ileg\u00edtimas. &#8220;Felicito encarecidamente al presidente Trump&#8221;, afirm\u00f3 el ministro israel\u00ed de Relaciones Exteriores, Gideon Saar, en la red X. &#8220;La CPI persigue de forma agresiva a los dirigentes elegidos de Israel, la \u00fanica democracia de Oriente Medio&#8221;, a\u00f1adi\u00f3.<\/p>\n<\/div>\n<div class=\"sc-80531b6b-0 chRIGJ container-text text-embed\">\n<p>Sin embargo, la medida de Trump desat\u00f3 <strong>el repudio del Consejo Europeo<\/strong>: \u201cSancionar la CPI amenaza la independencia de la corte, y socava el conjunto del sistema de justicia internacional&#8221;, se\u00f1al\u00f3 en la red X Ant\u00f3nio Costa, que preside el foro de representaci\u00f3n de los jefes de Estado y de gobierno de la UE.<\/p>\n<\/div>\n<div class=\"sc-80531b6b-0 chRIGJ container-text text-embed\">\n<p>La ONU se sum\u00f3 a las inquietudes: &#8220;Lamentamos profundamente las sanciones individuales anunciadas ayer contra el personal de la corte, y pedimos que se revierta la medida&#8221;, dijo Ravina Shamdasani, portavoz de la oficina de derechos humanos de la ONU.<\/p>\n<\/div>\n<div class=\"sc-80531b6b-0 chRIGJ container-text text-embed\">\n<p>Consultado por <strong>Clar\u00edn,<\/strong> Javier Ruiz, Consejero de la Defensa de la CPI, experto en derecho Penal Internacional, dijo desde La Haya que la medida de Trump \u201cimplica un retorno al unilateralismo de Washington. Para llevar adelante un expansionismo en su pol\u00edtica \u00e9l necesita mostrarse por encima del orden p\u00fablico internacional, lo cual implica romper el multilateralismo. Creo que esa es la g\u00e9nesis de todo\u201d.<\/p>\n<\/div>\n<div class=\"sc-80531b6b-0 chRIGJ container-text text-embed\">\n<p>\u201cPor otra parte, si quiere llevar a cabo el reasentamiento de los palestinos de Gaza y esa pol\u00edtica de limpieza \u00e9tnica, \u00e9l necesita mostrarse m\u00e1s all\u00e1 del orden internacional\u201d, dijo el experto, que es profesor del Centro de Investigaciones de la Universidad de Mar del Plata.<\/p>\n<\/div>\n<div class=\"sc-80531b6b-0 chRIGJ container-text text-embed\">\n<p>\u201cTrump est\u00e1 decidido a romper las reglas y quiere ser la ant\u00edtesis de la Uni\u00f3n Europea. Y en este sentido, este es el primer quiebre grande que va a marcar en t\u00e9rminos de l\u00edmites jur\u00eddicos porque est\u00e1 rompiendo y sancionando a un tribunal penal internacional, que lleva casos en los que Estados Unidos est\u00e1 interesado como Afganist\u00e1n, Ucrania o Sud\u00e1n\u201d.<\/p>\n<\/div>\n<div class=\"sc-80531b6b-0 chRIGJ container-text text-embed\">\n<p>\u201cEs indiferente o indistinto que hoy la excusa sea proteger a uno de sus aliados como Israel. Porque pasa por esta nueva doctrina que es la de Trump y el expansionismo. Para poder llevar adelante sus planes sea en Groenlandia, en el canal de Panam\u00e1 o limpieza \u00e9tnica en Palestina necesita romper con la Corte Penal Internacional o con lo que es la ley internacional\u201d.<\/p>\n<\/div>\n<div class=\"sc-80531b6b-0 chRIGJ container-text text-embed\">\n<p>Ruiz agrega que las sanciones podr\u00edan entorpecer el trabajo de los funcionarios en cuanto a recopilaci\u00f3n de informaci\u00f3n de pruebas y evidencias para los casos y advierte que incluso \u201cmuchas instituciones financieras podr\u00edan negarse a trabajar con la Corte por miedo a represalias\u201d.<\/p>\n<\/div>\n<\/div>\n<p><br \/>\n<br \/><a href=\"https:\/\/www.clarin.com\/mundo\/corte-penal-internacional-repudio-sanciones-impuestas-donald-trump-llamo-seguir-impartiendo-justicia-mundo_0_cbtQUSDlPa.html\">Fuente Clarin.com <\/a><\/p>\n","protected":false},"excerpt":{"rendered":"<p>El presidente de Estados Unidos, Donald Trump, firm\u00f3 un decreto para sancionar a la Corte Penal Internacional (CPI) por sus acciones contra Estados Unidos y pa\u00edses aliados como Israel. La decisi\u00f3n provoc\u00f3 la condena del organismo, que se comprometi\u00f3 a seguir impartiendo justicia en el mundo, y de 79 naciones que dijeron que la medida [&hellip;]<\/p>\n","protected":false},"author":1,"featured_media":2988,"comment_status":"open","ping_status":"open","sticky":false,"template":"","format":"standard","meta":{"footnotes":""},"categories":[2],"tags":[297,178,5000,4998,299,964,48,4999,143,298,142,632,4997,1308,179],"class_list":["post-2987","post","type-post","status-publish","format-standard","has-post-thumbnail","hentry","category-ultimas-noticias","tag-corte","tag-donald","tag-impartiendo","tag-impuestas","tag-internacional","tag-justicia","tag-las","tag-llamo","tag-mundo","tag-penal","tag-por","tag-repudio","tag-sanciones","tag-seguir","tag-trump"],"_links":{"self":[{"href":"https:\/\/13.com.ar\/index.php\/wp-json\/wp\/v2\/posts\/2987","targetHints":{"allow":["GET"]}}],"collection":[{"href":"https:\/\/13.com.ar\/index.php\/wp-json\/wp\/v2\/posts"}],"about":[{"href":"https:\/\/13.com.ar\/index.php\/wp-json\/wp\/v2\/types\/post"}],"author":[{"embeddable":true,"href":"https:\/\/13.com.ar\/index.php\/wp-json\/wp\/v2\/users\/1"}],"replies":[{"embeddable":true,"href":"https:\/\/13.com.ar\/index.php\/wp-json\/wp\/v2\/comments?post=2987"}],"version-history":[{"count":0,"href":"https:\/\/13.com.ar\/index.php\/wp-json\/wp\/v2\/posts\/2987\/revisions"}],"wp:featuredmedia":[{"embeddable":true,"href":"https:\/\/13.com.ar\/index.php\/wp-json\/wp\/v2\/media\/2988"}],"wp:attachment":[{"href":"https:\/\/13.com.ar\/index.php\/wp-json\/wp\/v2\/media?parent=2987"}],"wp:term":[{"taxonomy":"category","embeddable":true,"href":"https:\/\/13.com.ar\/index.php\/wp-json\/wp\/v2\/categories?post=2987"},{"taxonomy":"post_tag","embeddable":true,"href":"https:\/\/13.com.ar\/index.php\/wp-json\/wp\/v2\/tags?post=2987"}],"curies":[{"name":"wp","href":"https:\/\/api.w.org\/{rel}","templated":true}]}}